{"id":14197,"date":"2026-09-01T12:05:10","date_gmt":"2026-09-01T15:05:10","guid":{"rendered":"https:\/\/motorista.com.br\/noticias\/2026\/09\/01\/caminhoneiro-brasileiro-compartilha-sua-experiencia-na-espanha\/"},"modified":"2026-09-01T12:05:10","modified_gmt":"2026-09-01T15:05:10","slug":"caminhoneiro-brasileiro-compartilha-sua-experiencia-na-espanha","status":"publish","type":"post","link":"https:\/\/motorista.com.br\/noticias\/2026\/09\/01\/caminhoneiro-brasileiro-compartilha-sua-experiencia-na-espanha\/","title":{"rendered":"Caminhoneiro brasileiro compartilha sua experi\u00eancia na Espanha."},"content":{"rendered":"<p><\/p>\n<h3>Caminhoneiro Brasileiro Revela o Que Mais Gostou ao Trabalhar na Espanha<\/h3>\n<p>Um caminhoneiro brasileiro que atua na Espanha h\u00e1 quase dois anos compartilha suas impress\u00f5es sobre as vantagens do mercado de trabalho local. Identificado como Z\u00e9 Carlos, ele destaca aspectos positivos como a estabilidade no emprego, a alta demanda por profissionais e a exist\u00eancia de pagamentos adicionais.<\/p>\n<p>Uma das primeiras diferen\u00e7as que chamou a aten\u00e7\u00e3o de Z\u00e9 Carlos foi o contrato indefinido. Neste contexto, esse tipo de contrato n\u00e3o estabelece um prazo de t\u00e9rmino, proporcionando mais seguran\u00e7a na hora de buscar uma nova coloca\u00e7\u00e3o. Essa caracter\u00edstica \u00e9 especialmente relevante em um setor onde a rotatividade pode ser elevada, oferecendo aos motoristas uma base s\u00f3lida para planejamento financeiro e estabilidade emocional.<\/p>\n<p>A escassez de motoristas na Espanha tamb\u00e9m se apresenta como uma oportunidade. O governo espanhol est\u00e1 ciente dessa falta e lan\u00e7ou incentivos financeiros para facilitar a obten\u00e7\u00e3o das habilita\u00e7\u00f5es profissionais necess\u00e1rias. Esse movimento pode ter um impacto positivo na mobilidade geral, j\u00e1 que um n\u00famero maior de motoristas qualificados pode contribuir para a efici\u00eancia do transporte e, consequentemente, para a fluidez do tr\u00e1fego.<\/p>\n<p>Outro aspecto importante na experi\u00eancia de Z\u00e9 Carlos foi o aumento salarial. O sal\u00e1rio m\u00ednimo espanhol, que passou para \u20ac 1.221 mensais, reflete o compromisso do pa\u00eds em melhorar a qualidade de vida de seus trabalhadores. Al\u00e9m disso, as gratifica\u00e7\u00f5es extraordin\u00e1rias, como pagamento no Natal e outros per\u00edodos, oferecem um al\u00edvio financeiro adicional, o que \u00e9 especialmente ben\u00e9fico em tempos de infla\u00e7\u00e3o.<\/p>\n<p>Z\u00e9 Carlos tamb\u00e9m notou a rapidez nos processos seletivos para fun\u00e7\u00f5es operacionais. Esse aspecto facilita a inser\u00e7\u00e3o de novos profissionais no mercado de trabalho, o que pode ser um atrativo significativo para motoristas de outras na\u00e7\u00f5es que consideram se estabelecer na Espanha. A celeridade na contrata\u00e7\u00e3o, aliada \u00e0 demanda por motoristas, pode resultar em um fortalecimento do setor, melhorando n\u00e3o apenas as condi\u00e7\u00f5es dos trabalhadores, mas a efici\u00eancia do transporte no pa\u00eds.<\/p>\n<p>Enquanto a experi\u00eancia de Z\u00e9 Carlos \u00e9 individual, os benef\u00edcios mencionados refletem um cen\u00e1rio mais amplo que pode influenciar a mobilidade urbana e interurbana. \u00c0 medida que mais motoristas se juntam ao setor, a efici\u00eancia do transporte pode aumentar, e isso pode significar menos congestionamentos, entregas mais r\u00e1pidas e uma melhoria geral na log\u00edstica.<\/p>\n<p>Portanto, a experi\u00eancia de Z\u00e9 Carlos na Espanha n\u00e3o apenas ilustra os desafios e vantagens da profiss\u00e3o, mas tamb\u00e9m destaca a import\u00e2ncia de um mercado de trabalho bem estruturado para a mobilidade e o transporte em larga escala.<\/p>\n<p><strong>Fonte: brasildotrecho<\/strong><\/p>\n","protected":false},"excerpt":{"rendered":"<p>Caminhoneiro Brasileiro Revela o Que Mais Gostou ao Trabalhar na Espanha Um caminhoneiro brasileiro que atua na Espanha h\u00e1 quase dois anos compartilha suas impress\u00f5es sobre as vantagens do mercado de trabalho local. Identificado como Z\u00e9 Carlos, ele destaca aspectos positivos como a estabilidade no emprego, a alta demanda por profissionais e a exist\u00eancia de &hellip;<\/p>\n","protected":false},"author":4,"featured_media":14194,"comment_status":"","ping_status":"open","sticky":false,"template":"","format":"standard","meta":{"footnotes":""},"categories":[77],"tags":[],"coauthors":[42],"class_list":["post-14197","post","type-post","status-publish","format-standard","has-post-thumbnail","hentry","category-motorista"],"yoast_head":"<!-- This site is optimized with the Yoast SEO Premium plugin v27.6.1 (Yoast SEO v28.3) - https:\/\/yoast.com\/product\/yoast-seo-premium-wordpress\/ -->\n<title>Caminhoneiro brasileiro compartilha sua experi\u00eancia na Espanha. - Motorista.com.br<\/title>\n<meta name=\"robots\" content=\"index, follow, max-snippet:-1, max-image-preview:large, max-video-preview:-1\" \/>\n<link rel=\"canonical\" href=\"https:\/\/motorista.com.br\/noticias\/2026\/09\/01\/caminhoneiro-brasileiro-compartilha-sua-experiencia-na-espanha\/\" \/>\n<meta property=\"og:locale\" content=\"pt_BR\" \/>\n<meta property=\"og:type\" content=\"article\" \/>\n<meta property=\"og:title\" content=\"Caminhoneiro brasileiro compartilha sua experi\u00eancia na Espanha.\" \/>\n<meta property=\"og:description\" content=\"Caminhoneiro Brasileiro Revela o Que Mais Gostou ao Trabalhar na Espanha Um caminhoneiro brasileiro que atua na Espanha h\u00e1 quase dois anos compartilha suas impress\u00f5es sobre as vantagens do mercado de trabalho local. Identificado como Z\u00e9 Carlos, ele destaca aspectos positivos como a estabilidade no emprego, a alta demanda por profissionais e a exist\u00eancia de &hellip;\" \/>\n<meta property=\"og:url\" content=\"https:\/\/motorista.com.br\/noticias\/2026\/09\/01\/caminhoneiro-brasileiro-compartilha-sua-experiencia-na-espanha\/\" \/>\n<meta property=\"og:site_name\" content=\"Motorista.com.br\" \/>\n<meta property=\"article:published_time\" content=\"2026-09-01T15:05:10+00:00\" \/>\n<meta name=\"author\" content=\"Equipe Reda\u00e7\u00e3o\" \/>\n<meta name=\"twitter:card\" content=\"summary_large_image\" \/>\n<meta name=\"twitter:label1\" content=\"Escrito por\" \/>\n\t<meta name=\"twitter:data1\" content=\"Equipe Reda\u00e7\u00e3o\" \/>\n\t<meta name=\"twitter:label2\" content=\"Est. tempo de leitura\" \/>\n\t<meta name=\"twitter:data2\" content=\"2 minutos\" \/>\n\t<meta name=\"twitter:label3\" content=\"Written by\" \/>\n\t<meta name=\"twitter:data3\" content=\"Equipe Reda\u00e7\u00e3o\" \/>\n<script type=\"application\/ld+json\" class=\"yoast-schema-graph\">{\"@context\":\"https:\\\/\\\/schema.org\",\"@graph\":[{\"@type\":\"Article\",\"@id\":\"https:\\\/\\\/motorista.com.br\\\/noticias\\\/2026\\\/09\\\/01\\\/caminhoneiro-brasileiro-compartilha-sua-experiencia-na-espanha\\\/#article\",\"isPartOf\":{\"@id\":\"https:\\\/\\\/motorista.com.br\\\/noticias\\\/2026\\\/09\\\/01\\\/caminhoneiro-brasileiro-compartilha-sua-experiencia-na-espanha\\\/\"},\"author\":{\"name\":\"Equipe Reda\u00e7\u00e3o\",\"@id\":\"https:\\\/\\\/motorista.com.br\\\/noticias\\\/#\\\/schema\\\/person\\\/dc93afc2981c0e3ce6bc3c053fd847be\"},\"headline\":\"Caminhoneiro brasileiro compartilha sua experi\u00eancia na Espanha.\",\"datePublished\":\"2026-09-01T15:05:10+00:00\",\"mainEntityOfPage\":{\"@id\":\"https:\\\/\\\/motorista.com.br\\\/noticias\\\/2026\\\/09\\\/01\\\/caminhoneiro-brasileiro-compartilha-sua-experiencia-na-espanha\\\/\"},\"wordCount\":461,\"publisher\":{\"@id\":\"https:\\\/\\\/motorista.com.br\\\/noticias\\\/#organization\"},\"image\":{\"@id\":\"https:\\\/\\\/motorista.com.br\\\/noticias\\\/2026\\\/09\\\/01\\\/caminhoneiro-brasileiro-compartilha-sua-experiencia-na-espanha\\\/#primaryimage\"},\"thumbnailUrl\":\"https:\\\/\\\/motorista.com.br\\\/noticias\\\/wp-content\\\/uploads\\\/2026\\\/09\\\/CAMINHONEIRO-NA-ESPANHA-1.jpg\",\"articleSection\":[\"Motorista\"],\"inLanguage\":\"pt-BR\"},{\"@type\":\"WebPage\",\"@id\":\"https:\\\/\\\/motorista.com.br\\\/noticias\\\/2026\\\/09\\\/01\\\/caminhoneiro-brasileiro-compartilha-sua-experiencia-na-espanha\\\/\",\"url\":\"https:\\\/\\\/motorista.com.br\\\/noticias\\\/2026\\\/09\\\/01\\\/caminhoneiro-brasileiro-compartilha-sua-experiencia-na-espanha\\\/\",\"name\":\"Caminhoneiro brasileiro compartilha sua experi\u00eancia na Espanha. - Motorista.com.br\",\"isPartOf\":{\"@id\":\"https:\\\/\\\/motorista.com.br\\\/noticias\\\/#website\"},\"primaryImageOfPage\":{\"@id\":\"https:\\\/\\\/motorista.com.br\\\/noticias\\\/2026\\\/09\\\/01\\\/caminhoneiro-brasileiro-compartilha-sua-experiencia-na-espanha\\\/#primaryimage\"},\"image\":{\"@id\":\"https:\\\/\\\/motorista.com.br\\\/noticias\\\/2026\\\/09\\\/01\\\/caminhoneiro-brasileiro-compartilha-sua-experiencia-na-espanha\\\/#primaryimage\"},\"thumbnailUrl\":\"https:\\\/\\\/motorista.com.br\\\/noticias\\\/wp-content\\\/uploads\\\/2026\\\/09\\\/CAMINHONEIRO-NA-ESPANHA-1.jpg\",\"datePublished\":\"2026-09-01T15:05:10+00:00\",\"breadcrumb\":{\"@id\":\"https:\\\/\\\/motorista.com.br\\\/noticias\\\/2026\\\/09\\\/01\\\/caminhoneiro-brasileiro-compartilha-sua-experiencia-na-espanha\\\/#breadcrumb\"},\"inLanguage\":\"pt-BR\",\"potentialAction\":[{\"@type\":\"ReadAction\",\"target\":[\"https:\\\/\\\/motorista.com.br\\\/noticias\\\/2026\\\/09\\\/01\\\/caminhoneiro-brasileiro-compartilha-sua-experiencia-na-espanha\\\/\"]}]},{\"@type\":\"ImageObject\",\"inLanguage\":\"pt-BR\",\"@id\":\"https:\\\/\\\/motorista.com.br\\\/noticias\\\/2026\\\/09\\\/01\\\/caminhoneiro-brasileiro-compartilha-sua-experiencia-na-espanha\\\/#primaryimage\",\"url\":\"https:\\\/\\\/motorista.com.br\\\/noticias\\\/wp-content\\\/uploads\\\/2026\\\/09\\\/CAMINHONEIRO-NA-ESPANHA-1.jpg\",\"contentUrl\":\"https:\\\/\\\/motorista.com.br\\\/noticias\\\/wp-content\\\/uploads\\\/2026\\\/09\\\/CAMINHONEIRO-NA-ESPANHA-1.jpg\",\"width\":1224,\"height\":752},{\"@type\":\"BreadcrumbList\",\"@id\":\"https:\\\/\\\/motorista.com.br\\\/noticias\\\/2026\\\/09\\\/01\\\/caminhoneiro-brasileiro-compartilha-sua-experiencia-na-espanha\\\/#breadcrumb\",\"itemListElement\":[{\"@type\":\"ListItem\",\"position\":1,\"name\":\"In\u00edcio\",\"item\":\"https:\\\/\\\/motorista.com.br\\\/noticias\\\/\"},{\"@type\":\"ListItem\",\"position\":2,\"name\":\"Caminhoneiro brasileiro compartilha sua experi\u00eancia na Espanha.\"}]},{\"@type\":\"WebSite\",\"@id\":\"https:\\\/\\\/motorista.com.br\\\/noticias\\\/#website\",\"url\":\"https:\\\/\\\/motorista.com.br\\\/noticias\\\/\",\"name\":\"Motorista.com.br\",\"description\":\"Not\u00edcia do Motorista\",\"publisher\":{\"@id\":\"https:\\\/\\\/motorista.com.br\\\/noticias\\\/#organization\"},\"potentialAction\":[{\"@type\":\"SearchAction\",\"target\":{\"@type\":\"EntryPoint\",\"urlTemplate\":\"https:\\\/\\\/motorista.com.br\\\/noticias\\\/?s={search_term_string}\"},\"query-input\":{\"@type\":\"PropertyValueSpecification\",\"valueRequired\":true,\"valueName\":\"search_term_string\"}}],\"inLanguage\":\"pt-BR\"},{\"@type\":\"Organization\",\"@id\":\"https:\\\/\\\/motorista.com.br\\\/noticias\\\/#organization\",\"name\":\"Motorista.com.br\",\"url\":\"https:\\\/\\\/motorista.com.br\\\/noticias\\\/\",\"logo\":{\"@type\":\"ImageObject\",\"inLanguage\":\"pt-BR\",\"@id\":\"https:\\\/\\\/motorista.com.br\\\/noticias\\\/#\\\/schema\\\/logo\\\/image\\\/\",\"url\":\"https:\\\/\\\/motorista.com.br\\\/noticias\\\/wp-content\\\/uploads\\\/2025\\\/06\\\/Design-sem-nome-9.png\",\"contentUrl\":\"https:\\\/\\\/motorista.com.br\\\/noticias\\\/wp-content\\\/uploads\\\/2025\\\/06\\\/Design-sem-nome-9.png\",\"width\":150,\"height\":85,\"caption\":\"Motorista.com.br\"},\"image\":{\"@id\":\"https:\\\/\\\/motorista.com.br\\\/noticias\\\/#\\\/schema\\\/logo\\\/image\\\/\"}},{\"@type\":\"Person\",\"@id\":\"https:\\\/\\\/motorista.com.br\\\/noticias\\\/#\\\/schema\\\/person\\\/dc93afc2981c0e3ce6bc3c053fd847be\",\"name\":\"Equipe Reda\u00e7\u00e3o\",\"image\":{\"@type\":\"ImageObject\",\"inLanguage\":\"pt-BR\",\"@id\":\"https:\\\/\\\/secure.gravatar.com\\\/avatar\\\/4f525efbf18dd2bb300ccad28bfb99d95a9465a5ba268407c8c37b37e1f28d2d?s=96&d=mm&r=g9e099043a0c61e9ae27e293b9fa75ffc\",\"url\":\"https:\\\/\\\/secure.gravatar.com\\\/avatar\\\/4f525efbf18dd2bb300ccad28bfb99d95a9465a5ba268407c8c37b37e1f28d2d?s=96&d=mm&r=g\",\"contentUrl\":\"https:\\\/\\\/secure.gravatar.com\\\/avatar\\\/4f525efbf18dd2bb300ccad28bfb99d95a9465a5ba268407c8c37b37e1f28d2d?s=96&d=mm&r=g\",\"caption\":\"Equipe Reda\u00e7\u00e3o\"},\"description\":\"Equipe de reda\u00e7\u00e3o \u00e9 um grupo de profissionais que trabalham juntos para criar conte\u00fado escrito para Motorista.com.br\",\"url\":\"https:\\\/\\\/motorista.com.br\\\/noticias\\\/author\\\/equiperedacao\\\/\"}]}<\/script>\n<!-- \/ Yoast SEO Premium plugin. -->","yoast_head_json":{"title":"Caminhoneiro brasileiro compartilha sua experi\u00eancia na Espanha. - Motorista.com.br","robots":{"index":"index","follow":"follow","max-snippet":"max-snippet:-1","max-image-preview":"max-image-preview:large","max-video-preview":"max-video-preview:-1"},"canonical":"https:\/\/motorista.com.br\/noticias\/2026\/09\/01\/caminhoneiro-brasileiro-compartilha-sua-experiencia-na-espanha\/","og_locale":"pt_BR","og_type":"article","og_title":"Caminhoneiro brasileiro compartilha sua experi\u00eancia na Espanha.","og_description":"Caminhoneiro Brasileiro Revela o Que Mais Gostou ao Trabalhar na Espanha Um caminhoneiro brasileiro que atua na Espanha h\u00e1 quase dois anos compartilha suas impress\u00f5es sobre as vantagens do mercado de trabalho local. Identificado como Z\u00e9 Carlos, ele destaca aspectos positivos como a estabilidade no emprego, a alta demanda por profissionais e a exist\u00eancia de &hellip;","og_url":"https:\/\/motorista.com.br\/noticias\/2026\/09\/01\/caminhoneiro-brasileiro-compartilha-sua-experiencia-na-espanha\/","og_site_name":"Motorista.com.br","article_published_time":"2026-09-01T15:05:10+00:00","author":"Equipe Reda\u00e7\u00e3o","twitter_card":"summary_large_image","twitter_misc":{"Escrito por":"Equipe Reda\u00e7\u00e3o","Est. tempo de leitura":"2 minutos","Written by":"Equipe Reda\u00e7\u00e3o"},"schema":{"@context":"https:\/\/schema.org","@graph":[{"@type":"Article","@id":"https:\/\/motorista.com.br\/noticias\/2026\/09\/01\/caminhoneiro-brasileiro-compartilha-sua-experiencia-na-espanha\/#article","isPartOf":{"@id":"https:\/\/motorista.com.br\/noticias\/2026\/09\/01\/caminhoneiro-brasileiro-compartilha-sua-experiencia-na-espanha\/"},"author":{"name":"Equipe Reda\u00e7\u00e3o","@id":"https:\/\/motorista.com.br\/noticias\/#\/schema\/person\/dc93afc2981c0e3ce6bc3c053fd847be"},"headline":"Caminhoneiro brasileiro compartilha sua experi\u00eancia na Espanha.","datePublished":"2026-09-01T15:05:10+00:00","mainEntityOfPage":{"@id":"https:\/\/motorista.com.br\/noticias\/2026\/09\/01\/caminhoneiro-brasileiro-compartilha-sua-experiencia-na-espanha\/"},"wordCount":461,"publisher":{"@id":"https:\/\/motorista.com.br\/noticias\/#organization"},"image":{"@id":"https:\/\/motorista.com.br\/noticias\/2026\/09\/01\/caminhoneiro-brasileiro-compartilha-sua-experiencia-na-espanha\/#primaryimage"},"thumbnailUrl":"https:\/\/motorista.com.br\/noticias\/wp-content\/uploads\/2026\/09\/CAMINHONEIRO-NA-ESPANHA-1.jpg","articleSection":["Motorista"],"inLanguage":"pt-BR"},{"@type":"WebPage","@id":"https:\/\/motorista.com.br\/noticias\/2026\/09\/01\/caminhoneiro-brasileiro-compartilha-sua-experiencia-na-espanha\/","url":"https:\/\/motorista.com.br\/noticias\/2026\/09\/01\/caminhoneiro-brasileiro-compartilha-sua-experiencia-na-espanha\/","name":"Caminhoneiro brasileiro compartilha sua experi\u00eancia na Espanha. - Motorista.com.br","isPartOf":{"@id":"https:\/\/motorista.com.br\/noticias\/#website"},"primaryImageOfPage":{"@id":"https:\/\/motorista.com.br\/noticias\/2026\/09\/01\/caminhoneiro-brasileiro-compartilha-sua-experiencia-na-espanha\/#primaryimage"},"image":{"@id":"https:\/\/motorista.com.br\/noticias\/2026\/09\/01\/caminhoneiro-brasileiro-compartilha-sua-experiencia-na-espanha\/#primaryimage"},"thumbnailUrl":"https:\/\/motorista.com.br\/noticias\/wp-content\/uploads\/2026\/09\/CAMINHONEIRO-NA-ESPANHA-1.jpg","datePublished":"2026-09-01T15:05:10+00:00","breadcrumb":{"@id":"https:\/\/motorista.com.br\/noticias\/2026\/09\/01\/caminhoneiro-brasileiro-compartilha-sua-experiencia-na-espanha\/#breadcrumb"},"inLanguage":"pt-BR","potentialAction":[{"@type":"ReadAction","target":["https:\/\/motorista.com.br\/noticias\/2026\/09\/01\/caminhoneiro-brasileiro-compartilha-sua-experiencia-na-espanha\/"]}]},{"@type":"ImageObject","inLanguage":"pt-BR","@id":"https:\/\/motorista.com.br\/noticias\/2026\/09\/01\/caminhoneiro-brasileiro-compartilha-sua-experiencia-na-espanha\/#primaryimage","url":"https:\/\/motorista.com.br\/noticias\/wp-content\/uploads\/2026\/09\/CAMINHONEIRO-NA-ESPANHA-1.jpg","contentUrl":"https:\/\/motorista.com.br\/noticias\/wp-content\/uploads\/2026\/09\/CAMINHONEIRO-NA-ESPANHA-1.jpg","width":1224,"height":752},{"@type":"BreadcrumbList","@id":"https:\/\/motorista.com.br\/noticias\/2026\/09\/01\/caminhoneiro-brasileiro-compartilha-sua-experiencia-na-espanha\/#breadcrumb","itemListElement":[{"@type":"ListItem","position":1,"name":"In\u00edcio","item":"https:\/\/motorista.com.br\/noticias\/"},{"@type":"ListItem","position":2,"name":"Caminhoneiro brasileiro compartilha sua experi\u00eancia na Espanha."}]},{"@type":"WebSite","@id":"https:\/\/motorista.com.br\/noticias\/#website","url":"https:\/\/motorista.com.br\/noticias\/","name":"Motorista.com.br","description":"Not\u00edcia do Motorista","publisher":{"@id":"https:\/\/motorista.com.br\/noticias\/#organization"},"potentialAction":[{"@type":"SearchAction","target":{"@type":"EntryPoint","urlTemplate":"https:\/\/motorista.com.br\/noticias\/?s={search_term_string}"},"query-input":{"@type":"PropertyValueSpecification","valueRequired":true,"valueName":"search_term_string"}}],"inLanguage":"pt-BR"},{"@type":"Organization","@id":"https:\/\/motorista.com.br\/noticias\/#organization","name":"Motorista.com.br","url":"https:\/\/motorista.com.br\/noticias\/","logo":{"@type":"ImageObject","inLanguage":"pt-BR","@id":"https:\/\/motorista.com.br\/noticias\/#\/schema\/logo\/image\/","url":"https:\/\/motorista.com.br\/noticias\/wp-content\/uploads\/2025\/06\/Design-sem-nome-9.png","contentUrl":"https:\/\/motorista.com.br\/noticias\/wp-content\/uploads\/2025\/06\/Design-sem-nome-9.png","width":150,"height":85,"caption":"Motorista.com.br"},"image":{"@id":"https:\/\/motorista.com.br\/noticias\/#\/schema\/logo\/image\/"}},{"@type":"Person","@id":"https:\/\/motorista.com.br\/noticias\/#\/schema\/person\/dc93afc2981c0e3ce6bc3c053fd847be","name":"Equipe Reda\u00e7\u00e3o","image":{"@type":"ImageObject","inLanguage":"pt-BR","@id":"https:\/\/secure.gravatar.com\/avatar\/4f525efbf18dd2bb300ccad28bfb99d95a9465a5ba268407c8c37b37e1f28d2d?s=96&d=mm&r=g9e099043a0c61e9ae27e293b9fa75ffc","url":"https:\/\/secure.gravatar.com\/avatar\/4f525efbf18dd2bb300ccad28bfb99d95a9465a5ba268407c8c37b37e1f28d2d?s=96&d=mm&r=g","contentUrl":"https:\/\/secure.gravatar.com\/avatar\/4f525efbf18dd2bb300ccad28bfb99d95a9465a5ba268407c8c37b37e1f28d2d?s=96&d=mm&r=g","caption":"Equipe Reda\u00e7\u00e3o"},"description":"Equipe de reda\u00e7\u00e3o \u00e9 um grupo de profissionais que trabalham juntos para criar conte\u00fado escrito para Motorista.com.br","url":"https:\/\/motorista.com.br\/noticias\/author\/equiperedacao\/"}]}},"_links":{"self":[{"href":"https:\/\/motorista.com.br\/noticias\/wp-json\/wp\/v2\/posts\/14197","targetHints":{"allow":["GET"]}}],"collection":[{"href":"https:\/\/motorista.com.br\/noticias\/wp-json\/wp\/v2\/posts"}],"about":[{"href":"https:\/\/motorista.com.br\/noticias\/wp-json\/wp\/v2\/types\/post"}],"author":[{"embeddable":true,"href":"https:\/\/motorista.com.br\/noticias\/wp-json\/wp\/v2\/users\/4"}],"replies":[{"embeddable":true,"href":"https:\/\/motorista.com.br\/noticias\/wp-json\/wp\/v2\/comments?post=14197"}],"version-history":[{"count":0,"href":"https:\/\/motorista.com.br\/noticias\/wp-json\/wp\/v2\/posts\/14197\/revisions"}],"wp:featuredmedia":[{"embeddable":true,"href":"https:\/\/motorista.com.br\/noticias\/wp-json\/wp\/v2\/media\/14194"}],"wp:attachment":[{"href":"https:\/\/motorista.com.br\/noticias\/wp-json\/wp\/v2\/media?parent=14197"}],"wp:term":[{"taxonomy":"category","embeddable":true,"href":"https:\/\/motorista.com.br\/noticias\/wp-json\/wp\/v2\/categories?post=14197"},{"taxonomy":"post_tag","embeddable":true,"href":"https:\/\/motorista.com.br\/noticias\/wp-json\/wp\/v2\/tags?post=14197"},{"taxonomy":"author","embeddable":true,"href":"https:\/\/motorista.com.br\/noticias\/wp-json\/wp\/v2\/coauthors?post=14197"}],"curies":[{"name":"wp","href":"https:\/\/api.w.org\/{rel}","templated":true}]}}