{"id":14191,"date":"2026-09-01T09:19:52","date_gmt":"2026-09-01T12:19:52","guid":{"rendered":"https:\/\/motorista.com.br\/noticias\/2026\/09\/01\/mppr-exige-realocacao-de-104-familias-em-zona-de-risco-em-rio-branco-do-sul\/"},"modified":"2026-09-01T09:19:52","modified_gmt":"2026-09-01T12:19:52","slug":"mppr-exige-realocacao-de-104-familias-em-zona-de-risco-em-rio-branco-do-sul","status":"publish","type":"post","link":"https:\/\/motorista.com.br\/noticias\/2026\/09\/01\/mppr-exige-realocacao-de-104-familias-em-zona-de-risco-em-rio-branco-do-sul\/","title":{"rendered":"MPPR exige realoca\u00e7\u00e3o de 104 fam\u00edlias em zona de risco em Rio Branco do Sul."},"content":{"rendered":"<p><\/p>\n<p><strong>MPPR Cobra Realoca\u00e7\u00e3o de 104 Fam\u00edlias em \u00c1rea de Alto Risco em Rio Branco do Sul<\/strong><\/p>\n<p>Recentemente, o Minist\u00e9rio P\u00fablico do Paran\u00e1 (MPPR) entrou com uma a\u00e7\u00e3o civil p\u00fablica exigindo que o Munic\u00edpio de Rio Branco do Sul tome medidas para assegurar condi\u00e7\u00f5es de moradia e seguran\u00e7a para 104 fam\u00edlias que residem na localidade conhecida como Pinheirinhos, no bairro Madre. Essas fam\u00edlias vivem em \u00e1reas de preserva\u00e7\u00e3o permanente, em regi\u00f5es que s\u00e3o classificadas como de alto risco ambiental.<\/p>\n<p>As investiga\u00e7\u00f5es apontaram uma grave omiss\u00e3o do poder p\u00fablico, que n\u00e3o tem garantido a infraestrutura e os direitos fundamentais desses moradores. As evid\u00eancias mostram que, atualmente, cerca de 800 pessoas est\u00e3o sem acesso a servi\u00e7os b\u00e1sicos. O fornecimento de \u00e1gua e energia el\u00e9trica ocorre de maneira prec\u00e1ria, com liga\u00e7\u00f5es clandestinas que n\u00e3o s\u00f3 comprometem a sa\u00fade e seguran\u00e7a da comunidade, mas tamb\u00e9m representam riscos diretos para a mobilidade e acessibilidade na regi\u00e3o.<\/p>\n<p>Al\u00e9m disso, a falta de um sistema de saneamento adequado leva \u00e0 contamina\u00e7\u00e3o das fontes de \u00e1gua e agrava os problemas de sa\u00fade, que podem ter impactos diretos na capacidade de trabalho e renda das fam\u00edlias. A precariedade das condi\u00e7\u00f5es de vida impede o acesso ao mercado formal de trabalho, obrigando muitos a depender de atividades informais e benef\u00edcios sociais para a sua sobreviv\u00eancia.<\/p>\n<p>Essa situa\u00e7\u00e3o de vulnerabilidade social se revela ainda mais alarmante quando observamos que a maior parte das fam\u00edlias \u00e9 chefiada por mulheres e inclui um n\u00famero significativo de idosos e pessoas com defici\u00eancia. O MPPR, ciente dessa realidade, solicita a desmontagem do arranjo social atual, propondo a reloca\u00e7\u00e3o das fam\u00edlias para \u00e1reas seguras e estruturadas, com o plano de pagar aluguel social at\u00e9 que todas as condi\u00e7\u00f5es de reassentamento estejam prontas.<\/p>\n<p>Para os motoristas e a mobilidade geral da regi\u00e3o, essa mudan\u00e7a pode representar um ganho significativo. O al\u00edvio da press\u00e3o sobre as \u00e1reas de risco permitir\u00e1 um melhor planejamento urbano e garantir\u00e1 uma infraestrutura acess\u00edvel, promovendo melhor fluidez no tr\u00e2nsito e seguran\u00e7a nas vias. Al\u00e9m disso, a reloca\u00e7\u00e3o pode incentivar o desenvolvimento de novas vias de acesso e melhorar a seguran\u00e7a vi\u00e1ria, contribuindo para uma mobilidade mais eficaz para todos os cidad\u00e3os.<\/p>\n<p>Em suma, o trabalho do MPPR \u00e9 crucial n\u00e3o apenas para garantir os direitos das fam\u00edlias afetadas, mas tamb\u00e9m para promover uma cidade mais segura e bem planejada. A interven\u00e7\u00e3o do poder p\u00fablico nesse caso pode definir uma nova diretriz para a conviv\u00eancia harmoniosa entre os moradores e a infraestrutura urbana, refletindo diretamente na melhoria da mobilidade e qualidade de vida de todos os cidad\u00e3os de Rio Branco do Sul.<\/p>\n","protected":false},"excerpt":{"rendered":"<p>MPPR Cobra Realoca\u00e7\u00e3o de 104 Fam\u00edlias em \u00c1rea de Alto Risco em Rio Branco do Sul Recentemente, o Minist\u00e9rio P\u00fablico do Paran\u00e1 (MPPR) entrou com uma a\u00e7\u00e3o civil p\u00fablica exigindo que o Munic\u00edpio de Rio Branco do Sul tome medidas para assegurar condi\u00e7\u00f5es de moradia e seguran\u00e7a para 104 fam\u00edlias que residem na localidade conhecida &hellip;<\/p>\n","protected":false},"author":4,"featured_media":14192,"comment_status":"","ping_status":"open","sticky":false,"template":"","format":"standard","meta":{"footnotes":""},"categories":[45],"tags":[],"coauthors":[42],"class_list":["post-14191","post","type-post","status-publish","format-standard","has-post-thumbnail","hentry","category-mundo"],"yoast_head":"<!-- This site is optimized with the Yoast SEO Premium plugin v27.6.1 (Yoast SEO v28.3) - https:\/\/yoast.com\/product\/yoast-seo-premium-wordpress\/ -->\n<title>MPPR exige realoca\u00e7\u00e3o de 104 fam\u00edlias em zona de risco em Rio Branco do Sul. - Motorista.com.br<\/title>\n<meta name=\"robots\" content=\"index, follow, max-snippet:-1, max-image-preview:large, max-video-preview:-1\" \/>\n<link rel=\"canonical\" href=\"https:\/\/motorista.com.br\/noticias\/2026\/09\/01\/mppr-exige-realocacao-de-104-familias-em-zona-de-risco-em-rio-branco-do-sul\/\" \/>\n<meta property=\"og:locale\" content=\"pt_BR\" \/>\n<meta property=\"og:type\" content=\"article\" \/>\n<meta property=\"og:title\" content=\"MPPR exige realoca\u00e7\u00e3o de 104 fam\u00edlias em zona de risco em Rio Branco do Sul.\" \/>\n<meta property=\"og:description\" content=\"MPPR Cobra Realoca\u00e7\u00e3o de 104 Fam\u00edlias em \u00c1rea de Alto Risco em Rio Branco do Sul Recentemente, o Minist\u00e9rio P\u00fablico do Paran\u00e1 (MPPR) entrou com uma a\u00e7\u00e3o civil p\u00fablica exigindo que o Munic\u00edpio de Rio Branco do Sul tome medidas para assegurar condi\u00e7\u00f5es de moradia e seguran\u00e7a para 104 fam\u00edlias que residem na localidade conhecida &hellip;\" \/>\n<meta property=\"og:url\" content=\"https:\/\/motorista.com.br\/noticias\/2026\/09\/01\/mppr-exige-realocacao-de-104-familias-em-zona-de-risco-em-rio-branco-do-sul\/\" \/>\n<meta property=\"og:site_name\" content=\"Motorista.com.br\" \/>\n<meta property=\"article:published_time\" content=\"2026-09-01T12:19:52+00:00\" \/>\n<meta name=\"author\" content=\"Equipe Reda\u00e7\u00e3o\" \/>\n<meta name=\"twitter:card\" content=\"summary_large_image\" \/>\n<meta name=\"twitter:label1\" content=\"Escrito por\" \/>\n\t<meta name=\"twitter:data1\" content=\"Equipe Reda\u00e7\u00e3o\" \/>\n\t<meta name=\"twitter:label2\" content=\"Est. tempo de leitura\" \/>\n\t<meta name=\"twitter:data2\" content=\"2 minutos\" \/>\n\t<meta name=\"twitter:label3\" content=\"Written by\" \/>\n\t<meta name=\"twitter:data3\" content=\"Equipe Reda\u00e7\u00e3o\" \/>\n<script type=\"application\/ld+json\" class=\"yoast-schema-graph\">{\"@context\":\"https:\\\/\\\/schema.org\",\"@graph\":[{\"@type\":\"Article\",\"@id\":\"https:\\\/\\\/motorista.com.br\\\/noticias\\\/2026\\\/09\\\/01\\\/mppr-exige-realocacao-de-104-familias-em-zona-de-risco-em-rio-branco-do-sul\\\/#article\",\"isPartOf\":{\"@id\":\"https:\\\/\\\/motorista.com.br\\\/noticias\\\/2026\\\/09\\\/01\\\/mppr-exige-realocacao-de-104-familias-em-zona-de-risco-em-rio-branco-do-sul\\\/\"},\"author\":{\"name\":\"Equipe Reda\u00e7\u00e3o\",\"@id\":\"https:\\\/\\\/motorista.com.br\\\/noticias\\\/#\\\/schema\\\/person\\\/dc93afc2981c0e3ce6bc3c053fd847be\"},\"headline\":\"MPPR exige realoca\u00e7\u00e3o de 104 fam\u00edlias em zona de risco em Rio Branco do Sul.\",\"datePublished\":\"2026-09-01T12:19:52+00:00\",\"mainEntityOfPage\":{\"@id\":\"https:\\\/\\\/motorista.com.br\\\/noticias\\\/2026\\\/09\\\/01\\\/mppr-exige-realocacao-de-104-familias-em-zona-de-risco-em-rio-branco-do-sul\\\/\"},\"wordCount\":500,\"publisher\":{\"@id\":\"https:\\\/\\\/motorista.com.br\\\/noticias\\\/#organization\"},\"image\":{\"@id\":\"https:\\\/\\\/motorista.com.br\\\/noticias\\\/2026\\\/09\\\/01\\\/mppr-exige-realocacao-de-104-familias-em-zona-de-risco-em-rio-branco-do-sul\\\/#primaryimage\"},\"thumbnailUrl\":\"https:\\\/\\\/motorista.com.br\\\/noticias\\\/wp-content\\\/uploads\\\/2026\\\/09\\\/20260901091450_ogImage_35.jpg\",\"articleSection\":[\"Mundo\"],\"inLanguage\":\"pt-BR\"},{\"@type\":\"WebPage\",\"@id\":\"https:\\\/\\\/motorista.com.br\\\/noticias\\\/2026\\\/09\\\/01\\\/mppr-exige-realocacao-de-104-familias-em-zona-de-risco-em-rio-branco-do-sul\\\/\",\"url\":\"https:\\\/\\\/motorista.com.br\\\/noticias\\\/2026\\\/09\\\/01\\\/mppr-exige-realocacao-de-104-familias-em-zona-de-risco-em-rio-branco-do-sul\\\/\",\"name\":\"MPPR exige realoca\u00e7\u00e3o de 104 fam\u00edlias em zona de risco em Rio Branco do Sul. - Motorista.com.br\",\"isPartOf\":{\"@id\":\"https:\\\/\\\/motorista.com.br\\\/noticias\\\/#website\"},\"primaryImageOfPage\":{\"@id\":\"https:\\\/\\\/motorista.com.br\\\/noticias\\\/2026\\\/09\\\/01\\\/mppr-exige-realocacao-de-104-familias-em-zona-de-risco-em-rio-branco-do-sul\\\/#primaryimage\"},\"image\":{\"@id\":\"https:\\\/\\\/motorista.com.br\\\/noticias\\\/2026\\\/09\\\/01\\\/mppr-exige-realocacao-de-104-familias-em-zona-de-risco-em-rio-branco-do-sul\\\/#primaryimage\"},\"thumbnailUrl\":\"https:\\\/\\\/motorista.com.br\\\/noticias\\\/wp-content\\\/uploads\\\/2026\\\/09\\\/20260901091450_ogImage_35.jpg\",\"datePublished\":\"2026-09-01T12:19:52+00:00\",\"breadcrumb\":{\"@id\":\"https:\\\/\\\/motorista.com.br\\\/noticias\\\/2026\\\/09\\\/01\\\/mppr-exige-realocacao-de-104-familias-em-zona-de-risco-em-rio-branco-do-sul\\\/#breadcrumb\"},\"inLanguage\":\"pt-BR\",\"potentialAction\":[{\"@type\":\"ReadAction\",\"target\":[\"https:\\\/\\\/motorista.com.br\\\/noticias\\\/2026\\\/09\\\/01\\\/mppr-exige-realocacao-de-104-familias-em-zona-de-risco-em-rio-branco-do-sul\\\/\"]}]},{\"@type\":\"ImageObject\",\"inLanguage\":\"pt-BR\",\"@id\":\"https:\\\/\\\/motorista.com.br\\\/noticias\\\/2026\\\/09\\\/01\\\/mppr-exige-realocacao-de-104-familias-em-zona-de-risco-em-rio-branco-do-sul\\\/#primaryimage\",\"url\":\"https:\\\/\\\/motorista.com.br\\\/noticias\\\/wp-content\\\/uploads\\\/2026\\\/09\\\/20260901091450_ogImage_35.jpg\",\"contentUrl\":\"https:\\\/\\\/motorista.com.br\\\/noticias\\\/wp-content\\\/uploads\\\/2026\\\/09\\\/20260901091450_ogImage_35.jpg\",\"width\":730,\"height\":400},{\"@type\":\"BreadcrumbList\",\"@id\":\"https:\\\/\\\/motorista.com.br\\\/noticias\\\/2026\\\/09\\\/01\\\/mppr-exige-realocacao-de-104-familias-em-zona-de-risco-em-rio-branco-do-sul\\\/#breadcrumb\",\"itemListElement\":[{\"@type\":\"ListItem\",\"position\":1,\"name\":\"In\u00edcio\",\"item\":\"https:\\\/\\\/motorista.com.br\\\/noticias\\\/\"},{\"@type\":\"ListItem\",\"position\":2,\"name\":\"MPPR exige realoca\u00e7\u00e3o de 104 fam\u00edlias em zona de risco em Rio Branco do Sul.\"}]},{\"@type\":\"WebSite\",\"@id\":\"https:\\\/\\\/motorista.com.br\\\/noticias\\\/#website\",\"url\":\"https:\\\/\\\/motorista.com.br\\\/noticias\\\/\",\"name\":\"Motorista.com.br\",\"description\":\"Not\u00edcia do Motorista\",\"publisher\":{\"@id\":\"https:\\\/\\\/motorista.com.br\\\/noticias\\\/#organization\"},\"potentialAction\":[{\"@type\":\"SearchAction\",\"target\":{\"@type\":\"EntryPoint\",\"urlTemplate\":\"https:\\\/\\\/motorista.com.br\\\/noticias\\\/?s={search_term_string}\"},\"query-input\":{\"@type\":\"PropertyValueSpecification\",\"valueRequired\":true,\"valueName\":\"search_term_string\"}}],\"inLanguage\":\"pt-BR\"},{\"@type\":\"Organization\",\"@id\":\"https:\\\/\\\/motorista.com.br\\\/noticias\\\/#organization\",\"name\":\"Motorista.com.br\",\"url\":\"https:\\\/\\\/motorista.com.br\\\/noticias\\\/\",\"logo\":{\"@type\":\"ImageObject\",\"inLanguage\":\"pt-BR\",\"@id\":\"https:\\\/\\\/motorista.com.br\\\/noticias\\\/#\\\/schema\\\/logo\\\/image\\\/\",\"url\":\"https:\\\/\\\/motorista.com.br\\\/noticias\\\/wp-content\\\/uploads\\\/2025\\\/06\\\/Design-sem-nome-9.png\",\"contentUrl\":\"https:\\\/\\\/motorista.com.br\\\/noticias\\\/wp-content\\\/uploads\\\/2025\\\/06\\\/Design-sem-nome-9.png\",\"width\":150,\"height\":85,\"caption\":\"Motorista.com.br\"},\"image\":{\"@id\":\"https:\\\/\\\/motorista.com.br\\\/noticias\\\/#\\\/schema\\\/logo\\\/image\\\/\"}},{\"@type\":\"Person\",\"@id\":\"https:\\\/\\\/motorista.com.br\\\/noticias\\\/#\\\/schema\\\/person\\\/dc93afc2981c0e3ce6bc3c053fd847be\",\"name\":\"Equipe Reda\u00e7\u00e3o\",\"image\":{\"@type\":\"ImageObject\",\"inLanguage\":\"pt-BR\",\"@id\":\"https:\\\/\\\/secure.gravatar.com\\\/avatar\\\/4f525efbf18dd2bb300ccad28bfb99d95a9465a5ba268407c8c37b37e1f28d2d?s=96&d=mm&r=g9e099043a0c61e9ae27e293b9fa75ffc\",\"url\":\"https:\\\/\\\/secure.gravatar.com\\\/avatar\\\/4f525efbf18dd2bb300ccad28bfb99d95a9465a5ba268407c8c37b37e1f28d2d?s=96&d=mm&r=g\",\"contentUrl\":\"https:\\\/\\\/secure.gravatar.com\\\/avatar\\\/4f525efbf18dd2bb300ccad28bfb99d95a9465a5ba268407c8c37b37e1f28d2d?s=96&d=mm&r=g\",\"caption\":\"Equipe Reda\u00e7\u00e3o\"},\"description\":\"Equipe de reda\u00e7\u00e3o \u00e9 um grupo de profissionais que trabalham juntos para criar conte\u00fado escrito para Motorista.com.br\",\"url\":\"https:\\\/\\\/motorista.com.br\\\/noticias\\\/author\\\/equiperedacao\\\/\"}]}<\/script>\n<!-- \/ Yoast SEO Premium plugin. -->","yoast_head_json":{"title":"MPPR exige realoca\u00e7\u00e3o de 104 fam\u00edlias em zona de risco em Rio Branco do Sul. - Motorista.com.br","robots":{"index":"index","follow":"follow","max-snippet":"max-snippet:-1","max-image-preview":"max-image-preview:large","max-video-preview":"max-video-preview:-1"},"canonical":"https:\/\/motorista.com.br\/noticias\/2026\/09\/01\/mppr-exige-realocacao-de-104-familias-em-zona-de-risco-em-rio-branco-do-sul\/","og_locale":"pt_BR","og_type":"article","og_title":"MPPR exige realoca\u00e7\u00e3o de 104 fam\u00edlias em zona de risco em Rio Branco do Sul.","og_description":"MPPR Cobra Realoca\u00e7\u00e3o de 104 Fam\u00edlias em \u00c1rea de Alto Risco em Rio Branco do Sul Recentemente, o Minist\u00e9rio P\u00fablico do Paran\u00e1 (MPPR) entrou com uma a\u00e7\u00e3o civil p\u00fablica exigindo que o Munic\u00edpio de Rio Branco do Sul tome medidas para assegurar condi\u00e7\u00f5es de moradia e seguran\u00e7a para 104 fam\u00edlias que residem na localidade conhecida &hellip;","og_url":"https:\/\/motorista.com.br\/noticias\/2026\/09\/01\/mppr-exige-realocacao-de-104-familias-em-zona-de-risco-em-rio-branco-do-sul\/","og_site_name":"Motorista.com.br","article_published_time":"2026-09-01T12:19:52+00:00","author":"Equipe Reda\u00e7\u00e3o","twitter_card":"summary_large_image","twitter_misc":{"Escrito por":"Equipe Reda\u00e7\u00e3o","Est. tempo de leitura":"2 minutos","Written by":"Equipe Reda\u00e7\u00e3o"},"schema":{"@context":"https:\/\/schema.org","@graph":[{"@type":"Article","@id":"https:\/\/motorista.com.br\/noticias\/2026\/09\/01\/mppr-exige-realocacao-de-104-familias-em-zona-de-risco-em-rio-branco-do-sul\/#article","isPartOf":{"@id":"https:\/\/motorista.com.br\/noticias\/2026\/09\/01\/mppr-exige-realocacao-de-104-familias-em-zona-de-risco-em-rio-branco-do-sul\/"},"author":{"name":"Equipe Reda\u00e7\u00e3o","@id":"https:\/\/motorista.com.br\/noticias\/#\/schema\/person\/dc93afc2981c0e3ce6bc3c053fd847be"},"headline":"MPPR exige realoca\u00e7\u00e3o de 104 fam\u00edlias em zona de risco em Rio Branco do Sul.","datePublished":"2026-09-01T12:19:52+00:00","mainEntityOfPage":{"@id":"https:\/\/motorista.com.br\/noticias\/2026\/09\/01\/mppr-exige-realocacao-de-104-familias-em-zona-de-risco-em-rio-branco-do-sul\/"},"wordCount":500,"publisher":{"@id":"https:\/\/motorista.com.br\/noticias\/#organization"},"image":{"@id":"https:\/\/motorista.com.br\/noticias\/2026\/09\/01\/mppr-exige-realocacao-de-104-familias-em-zona-de-risco-em-rio-branco-do-sul\/#primaryimage"},"thumbnailUrl":"https:\/\/motorista.com.br\/noticias\/wp-content\/uploads\/2026\/09\/20260901091450_ogImage_35.jpg","articleSection":["Mundo"],"inLanguage":"pt-BR"},{"@type":"WebPage","@id":"https:\/\/motorista.com.br\/noticias\/2026\/09\/01\/mppr-exige-realocacao-de-104-familias-em-zona-de-risco-em-rio-branco-do-sul\/","url":"https:\/\/motorista.com.br\/noticias\/2026\/09\/01\/mppr-exige-realocacao-de-104-familias-em-zona-de-risco-em-rio-branco-do-sul\/","name":"MPPR exige realoca\u00e7\u00e3o de 104 fam\u00edlias em zona de risco em Rio Branco do Sul. - Motorista.com.br","isPartOf":{"@id":"https:\/\/motorista.com.br\/noticias\/#website"},"primaryImageOfPage":{"@id":"https:\/\/motorista.com.br\/noticias\/2026\/09\/01\/mppr-exige-realocacao-de-104-familias-em-zona-de-risco-em-rio-branco-do-sul\/#primaryimage"},"image":{"@id":"https:\/\/motorista.com.br\/noticias\/2026\/09\/01\/mppr-exige-realocacao-de-104-familias-em-zona-de-risco-em-rio-branco-do-sul\/#primaryimage"},"thumbnailUrl":"https:\/\/motorista.com.br\/noticias\/wp-content\/uploads\/2026\/09\/20260901091450_ogImage_35.jpg","datePublished":"2026-09-01T12:19:52+00:00","breadcrumb":{"@id":"https:\/\/motorista.com.br\/noticias\/2026\/09\/01\/mppr-exige-realocacao-de-104-familias-em-zona-de-risco-em-rio-branco-do-sul\/#breadcrumb"},"inLanguage":"pt-BR","potentialAction":[{"@type":"ReadAction","target":["https:\/\/motorista.com.br\/noticias\/2026\/09\/01\/mppr-exige-realocacao-de-104-familias-em-zona-de-risco-em-rio-branco-do-sul\/"]}]},{"@type":"ImageObject","inLanguage":"pt-BR","@id":"https:\/\/motorista.com.br\/noticias\/2026\/09\/01\/mppr-exige-realocacao-de-104-familias-em-zona-de-risco-em-rio-branco-do-sul\/#primaryimage","url":"https:\/\/motorista.com.br\/noticias\/wp-content\/uploads\/2026\/09\/20260901091450_ogImage_35.jpg","contentUrl":"https:\/\/motorista.com.br\/noticias\/wp-content\/uploads\/2026\/09\/20260901091450_ogImage_35.jpg","width":730,"height":400},{"@type":"BreadcrumbList","@id":"https:\/\/motorista.com.br\/noticias\/2026\/09\/01\/mppr-exige-realocacao-de-104-familias-em-zona-de-risco-em-rio-branco-do-sul\/#breadcrumb","itemListElement":[{"@type":"ListItem","position":1,"name":"In\u00edcio","item":"https:\/\/motorista.com.br\/noticias\/"},{"@type":"ListItem","position":2,"name":"MPPR exige realoca\u00e7\u00e3o de 104 fam\u00edlias em zona de risco em Rio Branco do Sul."}]},{"@type":"WebSite","@id":"https:\/\/motorista.com.br\/noticias\/#website","url":"https:\/\/motorista.com.br\/noticias\/","name":"Motorista.com.br","description":"Not\u00edcia do Motorista","publisher":{"@id":"https:\/\/motorista.com.br\/noticias\/#organization"},"potentialAction":[{"@type":"SearchAction","target":{"@type":"EntryPoint","urlTemplate":"https:\/\/motorista.com.br\/noticias\/?s={search_term_string}"},"query-input":{"@type":"PropertyValueSpecification","valueRequired":true,"valueName":"search_term_string"}}],"inLanguage":"pt-BR"},{"@type":"Organization","@id":"https:\/\/motorista.com.br\/noticias\/#organization","name":"Motorista.com.br","url":"https:\/\/motorista.com.br\/noticias\/","logo":{"@type":"ImageObject","inLanguage":"pt-BR","@id":"https:\/\/motorista.com.br\/noticias\/#\/schema\/logo\/image\/","url":"https:\/\/motorista.com.br\/noticias\/wp-content\/uploads\/2025\/06\/Design-sem-nome-9.png","contentUrl":"https:\/\/motorista.com.br\/noticias\/wp-content\/uploads\/2025\/06\/Design-sem-nome-9.png","width":150,"height":85,"caption":"Motorista.com.br"},"image":{"@id":"https:\/\/motorista.com.br\/noticias\/#\/schema\/logo\/image\/"}},{"@type":"Person","@id":"https:\/\/motorista.com.br\/noticias\/#\/schema\/person\/dc93afc2981c0e3ce6bc3c053fd847be","name":"Equipe Reda\u00e7\u00e3o","image":{"@type":"ImageObject","inLanguage":"pt-BR","@id":"https:\/\/secure.gravatar.com\/avatar\/4f525efbf18dd2bb300ccad28bfb99d95a9465a5ba268407c8c37b37e1f28d2d?s=96&d=mm&r=g9e099043a0c61e9ae27e293b9fa75ffc","url":"https:\/\/secure.gravatar.com\/avatar\/4f525efbf18dd2bb300ccad28bfb99d95a9465a5ba268407c8c37b37e1f28d2d?s=96&d=mm&r=g","contentUrl":"https:\/\/secure.gravatar.com\/avatar\/4f525efbf18dd2bb300ccad28bfb99d95a9465a5ba268407c8c37b37e1f28d2d?s=96&d=mm&r=g","caption":"Equipe Reda\u00e7\u00e3o"},"description":"Equipe de reda\u00e7\u00e3o \u00e9 um grupo de profissionais que trabalham juntos para criar conte\u00fado escrito para Motorista.com.br","url":"https:\/\/motorista.com.br\/noticias\/author\/equiperedacao\/"}]}},"_links":{"self":[{"href":"https:\/\/motorista.com.br\/noticias\/wp-json\/wp\/v2\/posts\/14191","targetHints":{"allow":["GET"]}}],"collection":[{"href":"https:\/\/motorista.com.br\/noticias\/wp-json\/wp\/v2\/posts"}],"about":[{"href":"https:\/\/motorista.com.br\/noticias\/wp-json\/wp\/v2\/types\/post"}],"author":[{"embeddable":true,"href":"https:\/\/motorista.com.br\/noticias\/wp-json\/wp\/v2\/users\/4"}],"replies":[{"embeddable":true,"href":"https:\/\/motorista.com.br\/noticias\/wp-json\/wp\/v2\/comments?post=14191"}],"version-history":[{"count":0,"href":"https:\/\/motorista.com.br\/noticias\/wp-json\/wp\/v2\/posts\/14191\/revisions"}],"wp:featuredmedia":[{"embeddable":true,"href":"https:\/\/motorista.com.br\/noticias\/wp-json\/wp\/v2\/media\/14192"}],"wp:attachment":[{"href":"https:\/\/motorista.com.br\/noticias\/wp-json\/wp\/v2\/media?parent=14191"}],"wp:term":[{"taxonomy":"category","embeddable":true,"href":"https:\/\/motorista.com.br\/noticias\/wp-json\/wp\/v2\/categories?post=14191"},{"taxonomy":"post_tag","embeddable":true,"href":"https:\/\/motorista.com.br\/noticias\/wp-json\/wp\/v2\/tags?post=14191"},{"taxonomy":"author","embeddable":true,"href":"https:\/\/motorista.com.br\/noticias\/wp-json\/wp\/v2\/coauthors?post=14191"}],"curies":[{"name":"wp","href":"https:\/\/api.w.org\/{rel}","templated":true}]}}