{"id":14189,"date":"2026-09-01T09:05:52","date_gmt":"2026-09-01T12:05:52","guid":{"rendered":"https:\/\/motorista.com.br\/noticias\/2026\/09\/01\/descubra-os-caminhoes-que-marcas-como-mercedes-benz-e-tesla-vao-lancar\/"},"modified":"2026-09-01T09:05:52","modified_gmt":"2026-09-01T12:05:52","slug":"descubra-os-caminhoes-que-marcas-como-mercedes-benz-e-tesla-vao-lancar","status":"publish","type":"post","link":"https:\/\/motorista.com.br\/noticias\/2026\/09\/01\/descubra-os-caminhoes-que-marcas-como-mercedes-benz-e-tesla-vao-lancar\/","title":{"rendered":"Descubra os caminh\u00f5es que marcas como Mercedes-Benz e Tesla v\u00e3o lan\u00e7ar."},"content":{"rendered":"<p><\/p>\n<p><strong>Caminh\u00f5es de Nova Gera\u00e7\u00e3o na IAA 2026: O Futuro do Transporte<\/strong><\/p>\n<p>A ind\u00fastria mundial de caminh\u00f5es se prepara para a <strong>IAA Transportation 2026<\/strong>, a principal feira de ve\u00edculos comerciais, que ocorre de 15 a 20 de setembro em Hannover, Alemanha. Com a presen\u00e7a de gigantes como Mercedes-Benz, Volvo, Tesla e outras fabricantes, espera-se uma apresenta\u00e7\u00e3o marcante de solu\u00e7\u00f5es inovadoras em transporte.<\/p>\n<p>A eletrifica\u00e7\u00e3o ser\u00e1 um dos principais temas, mas n\u00e3o o \u00fanico. Tecnologias relacionadas ao hidrog\u00eanio, motores a combust\u00e3o mais eficientes, infraestrutura de recarga, conectividade e sistemas de assist\u00eancia tamb\u00e9m estar\u00e3o em destaque. A diversidade tecnol\u00f3gica reflete a busca das fabricantes por atender a diferentes necessidades e regulamenta\u00e7\u00f5es em um cen\u00e1rio em que a sustentabilidade ocupa um papel central.<\/p>\n<p><strong>Benef\u00edcios para Motoristas e Mobilidade<\/strong><\/p>\n<p>A introdu\u00e7\u00e3o de caminh\u00f5es el\u00e9tricos e movidos a hidrog\u00eanio oferece benef\u00edcios significativos para os motoristas e a mobilidade urbana. Ve\u00edculos com menor emiss\u00e3o de CO\u2082 contribuem para melhorar a qualidade do ar nas cidades, e sua ado\u00e7\u00e3o pode levar a um futuro onde a mobilidade n\u00e3o est\u00e1 atrelada a altos n\u00edveis de polui\u00e7\u00e3o. <\/p>\n<p>Al\u00e9m disso, \u00e0 medida que a eletrifica\u00e7\u00e3o avan\u00e7a, espera-se um menor custo operacional para os motoristas, uma vez que os caminh\u00f5es el\u00e9tricos costumam ser mais econ\u00f4micos em compara\u00e7\u00e3o com seus equivalentes a diesel. Isso pode tornar o transporte mais eficiente, reduzindo n\u00e3o apenas os custos para os motoristas, mas tamb\u00e9m o pre\u00e7o final dos produtos para os consumidores.<\/p>\n<p><strong>Destaques na Feira<\/strong><\/p>\n<p>Dentre os novos modelos, destacam-se:<\/p>\n<ul>\n<li><strong>Mercedes-Benz eActros Lowliner<\/strong>: Um caminh\u00e3o el\u00e9trico projetado para o transporte de alto volume, com autonomia de cerca de 500 quil\u00f4metros.<\/li>\n<li><strong>Volvo FH Aero Electric<\/strong>: Com autonomia de at\u00e9 700 quil\u00f4metros, est\u00e1 desenhado para atender opera\u00e7\u00f5es de longa dist\u00e2ncia, refletindo um avan\u00e7o significativo em efici\u00eancia energ\u00e9tica.<\/li>\n<li><strong>MAN eTGX<\/strong>: Oferecendo caminh\u00f5es el\u00e9tricos variando de 12 a 50 toneladas, mostrando que o setor est\u00e1 se diversificando e se adaptando a diferentes demandas no transporte.<\/li>\n<\/ul>\n<p><strong>Infraestrutura em Foco<\/strong><\/p>\n<p>O sucesso da eletrifica\u00e7\u00e3o dos caminh\u00f5es depende, em grande parte, da infraestrutura de recarga. A IAA 2026 n\u00e3o apenas apresenta os ve\u00edculos, mas tamb\u00e9m solu\u00e7\u00f5es inovadoras para carregamento e abastecimento. Com a introdu\u00e7\u00e3o de pontos de recarga de alta capacidade, como os Megachargers da Tesla, a efici\u00eancia e a operacionalidade das frotas se tornam vi\u00e1veis. Essa integra\u00e7\u00e3o entre ve\u00edculos e infraestrutura \u00e9 fundamental para garantir a produtividade sem comprometer a efici\u00eancia ambiental.<\/p>\n<p><strong>Conclus\u00e3o: Um Passo em Dire\u00e7\u00e3o \u00e0 Sustentabilidade<\/strong><\/p>\n<p>A IAA 2026 \u00e9 um evento que promete n\u00e3o apenas desafiar, mas reinventar a forma como vemos o transporte de cargas. A variedade de tecnologias apresentadas \u00e9 um indicativo de que a ind\u00fastria est\u00e1 se preparando para um futuro onde a mobilidade \u00e9 mais sustent\u00e1vel e eficiente. As solu\u00e7\u00f5es discutidas na feira podem, efetivamente, moldar a maneira como os motoristas trabalham e como a sociedade se desloca, com o potencial de reduzir a pegada ecol\u00f3gica e melhorar a qualidade de vida nas zonas urbanas.<\/p>\n<p><strong>Fonte: transportemoderno<\/strong><\/p>\n","protected":false},"excerpt":{"rendered":"<p>Caminh\u00f5es de Nova Gera\u00e7\u00e3o na IAA 2026: O Futuro do Transporte A ind\u00fastria mundial de caminh\u00f5es se prepara para a IAA Transportation 2026, a principal feira de ve\u00edculos comerciais, que ocorre de 15 a 20 de setembro em Hannover, Alemanha. Com a presen\u00e7a de gigantes como Mercedes-Benz, Volvo, Tesla e outras fabricantes, espera-se uma apresenta\u00e7\u00e3o &hellip;<\/p>\n","protected":false},"author":4,"featured_media":14190,"comment_status":"","ping_status":"open","sticky":false,"template":"","format":"standard","meta":{"footnotes":""},"categories":[62],"tags":[],"coauthors":[42],"class_list":["post-14189","post","type-post","status-publish","format-standard","has-post-thumbnail","hentry","category-logistica"],"yoast_head":"<!-- This site is optimized with the Yoast SEO Premium plugin v27.6.1 (Yoast SEO v28.3) - https:\/\/yoast.com\/product\/yoast-seo-premium-wordpress\/ -->\n<title>Descubra os caminh\u00f5es que marcas como Mercedes-Benz e Tesla v\u00e3o lan\u00e7ar. - Motorista.com.br<\/title>\n<meta name=\"robots\" content=\"index, follow, max-snippet:-1, max-image-preview:large, max-video-preview:-1\" \/>\n<link rel=\"canonical\" href=\"https:\/\/motorista.com.br\/noticias\/2026\/09\/01\/descubra-os-caminhoes-que-marcas-como-mercedes-benz-e-tesla-vao-lancar\/\" \/>\n<meta property=\"og:locale\" content=\"pt_BR\" \/>\n<meta property=\"og:type\" content=\"article\" \/>\n<meta property=\"og:title\" content=\"Descubra os caminh\u00f5es que marcas como Mercedes-Benz e Tesla v\u00e3o lan\u00e7ar.\" \/>\n<meta property=\"og:description\" content=\"Caminh\u00f5es de Nova Gera\u00e7\u00e3o na IAA 2026: O Futuro do Transporte A ind\u00fastria mundial de caminh\u00f5es se prepara para a IAA Transportation 2026, a principal feira de ve\u00edculos comerciais, que ocorre de 15 a 20 de setembro em Hannover, Alemanha. Com a presen\u00e7a de gigantes como Mercedes-Benz, Volvo, Tesla e outras fabricantes, espera-se uma apresenta\u00e7\u00e3o &hellip;\" \/>\n<meta property=\"og:url\" content=\"https:\/\/motorista.com.br\/noticias\/2026\/09\/01\/descubra-os-caminhoes-que-marcas-como-mercedes-benz-e-tesla-vao-lancar\/\" \/>\n<meta property=\"og:site_name\" content=\"Motorista.com.br\" \/>\n<meta property=\"article:published_time\" content=\"2026-09-01T12:05:52+00:00\" \/>\n<meta name=\"author\" content=\"Equipe Reda\u00e7\u00e3o\" \/>\n<meta name=\"twitter:card\" content=\"summary_large_image\" \/>\n<meta name=\"twitter:label1\" content=\"Escrito por\" \/>\n\t<meta name=\"twitter:data1\" content=\"Equipe Reda\u00e7\u00e3o\" \/>\n\t<meta name=\"twitter:label2\" content=\"Est. tempo de leitura\" \/>\n\t<meta name=\"twitter:data2\" content=\"3 minutos\" \/>\n\t<meta name=\"twitter:label3\" content=\"Written by\" \/>\n\t<meta name=\"twitter:data3\" content=\"Equipe Reda\u00e7\u00e3o\" \/>\n<script type=\"application\/ld+json\" class=\"yoast-schema-graph\">{\"@context\":\"https:\\\/\\\/schema.org\",\"@graph\":[{\"@type\":\"Article\",\"@id\":\"https:\\\/\\\/motorista.com.br\\\/noticias\\\/2026\\\/09\\\/01\\\/descubra-os-caminhoes-que-marcas-como-mercedes-benz-e-tesla-vao-lancar\\\/#article\",\"isPartOf\":{\"@id\":\"https:\\\/\\\/motorista.com.br\\\/noticias\\\/2026\\\/09\\\/01\\\/descubra-os-caminhoes-que-marcas-como-mercedes-benz-e-tesla-vao-lancar\\\/\"},\"author\":{\"name\":\"Equipe Reda\u00e7\u00e3o\",\"@id\":\"https:\\\/\\\/motorista.com.br\\\/noticias\\\/#\\\/schema\\\/person\\\/dc93afc2981c0e3ce6bc3c053fd847be\"},\"headline\":\"Descubra os caminh\u00f5es que marcas como Mercedes-Benz e Tesla v\u00e3o lan\u00e7ar.\",\"datePublished\":\"2026-09-01T12:05:52+00:00\",\"mainEntityOfPage\":{\"@id\":\"https:\\\/\\\/motorista.com.br\\\/noticias\\\/2026\\\/09\\\/01\\\/descubra-os-caminhoes-que-marcas-como-mercedes-benz-e-tesla-vao-lancar\\\/\"},\"wordCount\":550,\"publisher\":{\"@id\":\"https:\\\/\\\/motorista.com.br\\\/noticias\\\/#organization\"},\"image\":{\"@id\":\"https:\\\/\\\/motorista.com.br\\\/noticias\\\/2026\\\/09\\\/01\\\/descubra-os-caminhoes-que-marcas-como-mercedes-benz-e-tesla-vao-lancar\\\/#primaryimage\"},\"thumbnailUrl\":\"https:\\\/\\\/motorista.com.br\\\/noticias\\\/wp-content\\\/uploads\\\/2026\\\/09\\\/IAA-2026.jpg\",\"articleSection\":[\"Log\u00edstica\"],\"inLanguage\":\"pt-BR\"},{\"@type\":\"WebPage\",\"@id\":\"https:\\\/\\\/motorista.com.br\\\/noticias\\\/2026\\\/09\\\/01\\\/descubra-os-caminhoes-que-marcas-como-mercedes-benz-e-tesla-vao-lancar\\\/\",\"url\":\"https:\\\/\\\/motorista.com.br\\\/noticias\\\/2026\\\/09\\\/01\\\/descubra-os-caminhoes-que-marcas-como-mercedes-benz-e-tesla-vao-lancar\\\/\",\"name\":\"Descubra os caminh\u00f5es que marcas como Mercedes-Benz e Tesla v\u00e3o lan\u00e7ar. - Motorista.com.br\",\"isPartOf\":{\"@id\":\"https:\\\/\\\/motorista.com.br\\\/noticias\\\/#website\"},\"primaryImageOfPage\":{\"@id\":\"https:\\\/\\\/motorista.com.br\\\/noticias\\\/2026\\\/09\\\/01\\\/descubra-os-caminhoes-que-marcas-como-mercedes-benz-e-tesla-vao-lancar\\\/#primaryimage\"},\"image\":{\"@id\":\"https:\\\/\\\/motorista.com.br\\\/noticias\\\/2026\\\/09\\\/01\\\/descubra-os-caminhoes-que-marcas-como-mercedes-benz-e-tesla-vao-lancar\\\/#primaryimage\"},\"thumbnailUrl\":\"https:\\\/\\\/motorista.com.br\\\/noticias\\\/wp-content\\\/uploads\\\/2026\\\/09\\\/IAA-2026.jpg\",\"datePublished\":\"2026-09-01T12:05:52+00:00\",\"breadcrumb\":{\"@id\":\"https:\\\/\\\/motorista.com.br\\\/noticias\\\/2026\\\/09\\\/01\\\/descubra-os-caminhoes-que-marcas-como-mercedes-benz-e-tesla-vao-lancar\\\/#breadcrumb\"},\"inLanguage\":\"pt-BR\",\"potentialAction\":[{\"@type\":\"ReadAction\",\"target\":[\"https:\\\/\\\/motorista.com.br\\\/noticias\\\/2026\\\/09\\\/01\\\/descubra-os-caminhoes-que-marcas-como-mercedes-benz-e-tesla-vao-lancar\\\/\"]}]},{\"@type\":\"ImageObject\",\"inLanguage\":\"pt-BR\",\"@id\":\"https:\\\/\\\/motorista.com.br\\\/noticias\\\/2026\\\/09\\\/01\\\/descubra-os-caminhoes-que-marcas-como-mercedes-benz-e-tesla-vao-lancar\\\/#primaryimage\",\"url\":\"https:\\\/\\\/motorista.com.br\\\/noticias\\\/wp-content\\\/uploads\\\/2026\\\/09\\\/IAA-2026.jpg\",\"contentUrl\":\"https:\\\/\\\/motorista.com.br\\\/noticias\\\/wp-content\\\/uploads\\\/2026\\\/09\\\/IAA-2026.jpg\",\"width\":1024,\"height\":576},{\"@type\":\"BreadcrumbList\",\"@id\":\"https:\\\/\\\/motorista.com.br\\\/noticias\\\/2026\\\/09\\\/01\\\/descubra-os-caminhoes-que-marcas-como-mercedes-benz-e-tesla-vao-lancar\\\/#breadcrumb\",\"itemListElement\":[{\"@type\":\"ListItem\",\"position\":1,\"name\":\"In\u00edcio\",\"item\":\"https:\\\/\\\/motorista.com.br\\\/noticias\\\/\"},{\"@type\":\"ListItem\",\"position\":2,\"name\":\"Descubra os caminh\u00f5es que marcas como Mercedes-Benz e Tesla v\u00e3o lan\u00e7ar.\"}]},{\"@type\":\"WebSite\",\"@id\":\"https:\\\/\\\/motorista.com.br\\\/noticias\\\/#website\",\"url\":\"https:\\\/\\\/motorista.com.br\\\/noticias\\\/\",\"name\":\"Motorista.com.br\",\"description\":\"Not\u00edcia do Motorista\",\"publisher\":{\"@id\":\"https:\\\/\\\/motorista.com.br\\\/noticias\\\/#organization\"},\"potentialAction\":[{\"@type\":\"SearchAction\",\"target\":{\"@type\":\"EntryPoint\",\"urlTemplate\":\"https:\\\/\\\/motorista.com.br\\\/noticias\\\/?s={search_term_string}\"},\"query-input\":{\"@type\":\"PropertyValueSpecification\",\"valueRequired\":true,\"valueName\":\"search_term_string\"}}],\"inLanguage\":\"pt-BR\"},{\"@type\":\"Organization\",\"@id\":\"https:\\\/\\\/motorista.com.br\\\/noticias\\\/#organization\",\"name\":\"Motorista.com.br\",\"url\":\"https:\\\/\\\/motorista.com.br\\\/noticias\\\/\",\"logo\":{\"@type\":\"ImageObject\",\"inLanguage\":\"pt-BR\",\"@id\":\"https:\\\/\\\/motorista.com.br\\\/noticias\\\/#\\\/schema\\\/logo\\\/image\\\/\",\"url\":\"https:\\\/\\\/motorista.com.br\\\/noticias\\\/wp-content\\\/uploads\\\/2025\\\/06\\\/Design-sem-nome-9.png\",\"contentUrl\":\"https:\\\/\\\/motorista.com.br\\\/noticias\\\/wp-content\\\/uploads\\\/2025\\\/06\\\/Design-sem-nome-9.png\",\"width\":150,\"height\":85,\"caption\":\"Motorista.com.br\"},\"image\":{\"@id\":\"https:\\\/\\\/motorista.com.br\\\/noticias\\\/#\\\/schema\\\/logo\\\/image\\\/\"}},{\"@type\":\"Person\",\"@id\":\"https:\\\/\\\/motorista.com.br\\\/noticias\\\/#\\\/schema\\\/person\\\/dc93afc2981c0e3ce6bc3c053fd847be\",\"name\":\"Equipe Reda\u00e7\u00e3o\",\"image\":{\"@type\":\"ImageObject\",\"inLanguage\":\"pt-BR\",\"@id\":\"https:\\\/\\\/secure.gravatar.com\\\/avatar\\\/4f525efbf18dd2bb300ccad28bfb99d95a9465a5ba268407c8c37b37e1f28d2d?s=96&d=mm&r=g9e099043a0c61e9ae27e293b9fa75ffc\",\"url\":\"https:\\\/\\\/secure.gravatar.com\\\/avatar\\\/4f525efbf18dd2bb300ccad28bfb99d95a9465a5ba268407c8c37b37e1f28d2d?s=96&d=mm&r=g\",\"contentUrl\":\"https:\\\/\\\/secure.gravatar.com\\\/avatar\\\/4f525efbf18dd2bb300ccad28bfb99d95a9465a5ba268407c8c37b37e1f28d2d?s=96&d=mm&r=g\",\"caption\":\"Equipe Reda\u00e7\u00e3o\"},\"description\":\"Equipe de reda\u00e7\u00e3o \u00e9 um grupo de profissionais que trabalham juntos para criar conte\u00fado escrito para Motorista.com.br\",\"url\":\"https:\\\/\\\/motorista.com.br\\\/noticias\\\/author\\\/equiperedacao\\\/\"}]}<\/script>\n<!-- \/ Yoast SEO Premium plugin. -->","yoast_head_json":{"title":"Descubra os caminh\u00f5es que marcas como Mercedes-Benz e Tesla v\u00e3o lan\u00e7ar. - Motorista.com.br","robots":{"index":"index","follow":"follow","max-snippet":"max-snippet:-1","max-image-preview":"max-image-preview:large","max-video-preview":"max-video-preview:-1"},"canonical":"https:\/\/motorista.com.br\/noticias\/2026\/09\/01\/descubra-os-caminhoes-que-marcas-como-mercedes-benz-e-tesla-vao-lancar\/","og_locale":"pt_BR","og_type":"article","og_title":"Descubra os caminh\u00f5es que marcas como Mercedes-Benz e Tesla v\u00e3o lan\u00e7ar.","og_description":"Caminh\u00f5es de Nova Gera\u00e7\u00e3o na IAA 2026: O Futuro do Transporte A ind\u00fastria mundial de caminh\u00f5es se prepara para a IAA Transportation 2026, a principal feira de ve\u00edculos comerciais, que ocorre de 15 a 20 de setembro em Hannover, Alemanha. Com a presen\u00e7a de gigantes como Mercedes-Benz, Volvo, Tesla e outras fabricantes, espera-se uma apresenta\u00e7\u00e3o &hellip;","og_url":"https:\/\/motorista.com.br\/noticias\/2026\/09\/01\/descubra-os-caminhoes-que-marcas-como-mercedes-benz-e-tesla-vao-lancar\/","og_site_name":"Motorista.com.br","article_published_time":"2026-09-01T12:05:52+00:00","author":"Equipe Reda\u00e7\u00e3o","twitter_card":"summary_large_image","twitter_misc":{"Escrito por":"Equipe Reda\u00e7\u00e3o","Est. tempo de leitura":"3 minutos","Written by":"Equipe Reda\u00e7\u00e3o"},"schema":{"@context":"https:\/\/schema.org","@graph":[{"@type":"Article","@id":"https:\/\/motorista.com.br\/noticias\/2026\/09\/01\/descubra-os-caminhoes-que-marcas-como-mercedes-benz-e-tesla-vao-lancar\/#article","isPartOf":{"@id":"https:\/\/motorista.com.br\/noticias\/2026\/09\/01\/descubra-os-caminhoes-que-marcas-como-mercedes-benz-e-tesla-vao-lancar\/"},"author":{"name":"Equipe Reda\u00e7\u00e3o","@id":"https:\/\/motorista.com.br\/noticias\/#\/schema\/person\/dc93afc2981c0e3ce6bc3c053fd847be"},"headline":"Descubra os caminh\u00f5es que marcas como Mercedes-Benz e Tesla v\u00e3o lan\u00e7ar.","datePublished":"2026-09-01T12:05:52+00:00","mainEntityOfPage":{"@id":"https:\/\/motorista.com.br\/noticias\/2026\/09\/01\/descubra-os-caminhoes-que-marcas-como-mercedes-benz-e-tesla-vao-lancar\/"},"wordCount":550,"publisher":{"@id":"https:\/\/motorista.com.br\/noticias\/#organization"},"image":{"@id":"https:\/\/motorista.com.br\/noticias\/2026\/09\/01\/descubra-os-caminhoes-que-marcas-como-mercedes-benz-e-tesla-vao-lancar\/#primaryimage"},"thumbnailUrl":"https:\/\/motorista.com.br\/noticias\/wp-content\/uploads\/2026\/09\/IAA-2026.jpg","articleSection":["Log\u00edstica"],"inLanguage":"pt-BR"},{"@type":"WebPage","@id":"https:\/\/motorista.com.br\/noticias\/2026\/09\/01\/descubra-os-caminhoes-que-marcas-como-mercedes-benz-e-tesla-vao-lancar\/","url":"https:\/\/motorista.com.br\/noticias\/2026\/09\/01\/descubra-os-caminhoes-que-marcas-como-mercedes-benz-e-tesla-vao-lancar\/","name":"Descubra os caminh\u00f5es que marcas como Mercedes-Benz e Tesla v\u00e3o lan\u00e7ar. - Motorista.com.br","isPartOf":{"@id":"https:\/\/motorista.com.br\/noticias\/#website"},"primaryImageOfPage":{"@id":"https:\/\/motorista.com.br\/noticias\/2026\/09\/01\/descubra-os-caminhoes-que-marcas-como-mercedes-benz-e-tesla-vao-lancar\/#primaryimage"},"image":{"@id":"https:\/\/motorista.com.br\/noticias\/2026\/09\/01\/descubra-os-caminhoes-que-marcas-como-mercedes-benz-e-tesla-vao-lancar\/#primaryimage"},"thumbnailUrl":"https:\/\/motorista.com.br\/noticias\/wp-content\/uploads\/2026\/09\/IAA-2026.jpg","datePublished":"2026-09-01T12:05:52+00:00","breadcrumb":{"@id":"https:\/\/motorista.com.br\/noticias\/2026\/09\/01\/descubra-os-caminhoes-que-marcas-como-mercedes-benz-e-tesla-vao-lancar\/#breadcrumb"},"inLanguage":"pt-BR","potentialAction":[{"@type":"ReadAction","target":["https:\/\/motorista.com.br\/noticias\/2026\/09\/01\/descubra-os-caminhoes-que-marcas-como-mercedes-benz-e-tesla-vao-lancar\/"]}]},{"@type":"ImageObject","inLanguage":"pt-BR","@id":"https:\/\/motorista.com.br\/noticias\/2026\/09\/01\/descubra-os-caminhoes-que-marcas-como-mercedes-benz-e-tesla-vao-lancar\/#primaryimage","url":"https:\/\/motorista.com.br\/noticias\/wp-content\/uploads\/2026\/09\/IAA-2026.jpg","contentUrl":"https:\/\/motorista.com.br\/noticias\/wp-content\/uploads\/2026\/09\/IAA-2026.jpg","width":1024,"height":576},{"@type":"BreadcrumbList","@id":"https:\/\/motorista.com.br\/noticias\/2026\/09\/01\/descubra-os-caminhoes-que-marcas-como-mercedes-benz-e-tesla-vao-lancar\/#breadcrumb","itemListElement":[{"@type":"ListItem","position":1,"name":"In\u00edcio","item":"https:\/\/motorista.com.br\/noticias\/"},{"@type":"ListItem","position":2,"name":"Descubra os caminh\u00f5es que marcas como Mercedes-Benz e Tesla v\u00e3o lan\u00e7ar."}]},{"@type":"WebSite","@id":"https:\/\/motorista.com.br\/noticias\/#website","url":"https:\/\/motorista.com.br\/noticias\/","name":"Motorista.com.br","description":"Not\u00edcia do Motorista","publisher":{"@id":"https:\/\/motorista.com.br\/noticias\/#organization"},"potentialAction":[{"@type":"SearchAction","target":{"@type":"EntryPoint","urlTemplate":"https:\/\/motorista.com.br\/noticias\/?s={search_term_string}"},"query-input":{"@type":"PropertyValueSpecification","valueRequired":true,"valueName":"search_term_string"}}],"inLanguage":"pt-BR"},{"@type":"Organization","@id":"https:\/\/motorista.com.br\/noticias\/#organization","name":"Motorista.com.br","url":"https:\/\/motorista.com.br\/noticias\/","logo":{"@type":"ImageObject","inLanguage":"pt-BR","@id":"https:\/\/motorista.com.br\/noticias\/#\/schema\/logo\/image\/","url":"https:\/\/motorista.com.br\/noticias\/wp-content\/uploads\/2025\/06\/Design-sem-nome-9.png","contentUrl":"https:\/\/motorista.com.br\/noticias\/wp-content\/uploads\/2025\/06\/Design-sem-nome-9.png","width":150,"height":85,"caption":"Motorista.com.br"},"image":{"@id":"https:\/\/motorista.com.br\/noticias\/#\/schema\/logo\/image\/"}},{"@type":"Person","@id":"https:\/\/motorista.com.br\/noticias\/#\/schema\/person\/dc93afc2981c0e3ce6bc3c053fd847be","name":"Equipe Reda\u00e7\u00e3o","image":{"@type":"ImageObject","inLanguage":"pt-BR","@id":"https:\/\/secure.gravatar.com\/avatar\/4f525efbf18dd2bb300ccad28bfb99d95a9465a5ba268407c8c37b37e1f28d2d?s=96&d=mm&r=g9e099043a0c61e9ae27e293b9fa75ffc","url":"https:\/\/secure.gravatar.com\/avatar\/4f525efbf18dd2bb300ccad28bfb99d95a9465a5ba268407c8c37b37e1f28d2d?s=96&d=mm&r=g","contentUrl":"https:\/\/secure.gravatar.com\/avatar\/4f525efbf18dd2bb300ccad28bfb99d95a9465a5ba268407c8c37b37e1f28d2d?s=96&d=mm&r=g","caption":"Equipe Reda\u00e7\u00e3o"},"description":"Equipe de reda\u00e7\u00e3o \u00e9 um grupo de profissionais que trabalham juntos para criar conte\u00fado escrito para Motorista.com.br","url":"https:\/\/motorista.com.br\/noticias\/author\/equiperedacao\/"}]}},"_links":{"self":[{"href":"https:\/\/motorista.com.br\/noticias\/wp-json\/wp\/v2\/posts\/14189","targetHints":{"allow":["GET"]}}],"collection":[{"href":"https:\/\/motorista.com.br\/noticias\/wp-json\/wp\/v2\/posts"}],"about":[{"href":"https:\/\/motorista.com.br\/noticias\/wp-json\/wp\/v2\/types\/post"}],"author":[{"embeddable":true,"href":"https:\/\/motorista.com.br\/noticias\/wp-json\/wp\/v2\/users\/4"}],"replies":[{"embeddable":true,"href":"https:\/\/motorista.com.br\/noticias\/wp-json\/wp\/v2\/comments?post=14189"}],"version-history":[{"count":0,"href":"https:\/\/motorista.com.br\/noticias\/wp-json\/wp\/v2\/posts\/14189\/revisions"}],"wp:featuredmedia":[{"embeddable":true,"href":"https:\/\/motorista.com.br\/noticias\/wp-json\/wp\/v2\/media\/14190"}],"wp:attachment":[{"href":"https:\/\/motorista.com.br\/noticias\/wp-json\/wp\/v2\/media?parent=14189"}],"wp:term":[{"taxonomy":"category","embeddable":true,"href":"https:\/\/motorista.com.br\/noticias\/wp-json\/wp\/v2\/categories?post=14189"},{"taxonomy":"post_tag","embeddable":true,"href":"https:\/\/motorista.com.br\/noticias\/wp-json\/wp\/v2\/tags?post=14189"},{"taxonomy":"author","embeddable":true,"href":"https:\/\/motorista.com.br\/noticias\/wp-json\/wp\/v2\/coauthors?post=14189"}],"curies":[{"name":"wp","href":"https:\/\/api.w.org\/{rel}","templated":true}]}}