{"id":14187,"date":"2026-09-01T07:26:13","date_gmt":"2026-09-01T10:26:13","guid":{"rendered":"https:\/\/motorista.com.br\/noticias\/2026\/09\/01\/caminhoneiro-ensina-a-se-proteger-no-temido-trevo-do-ibo\/"},"modified":"2026-09-01T07:26:13","modified_gmt":"2026-09-01T10:26:13","slug":"caminhoneiro-ensina-a-se-proteger-no-temido-trevo-do-ibo","status":"publish","type":"post","link":"https:\/\/motorista.com.br\/noticias\/2026\/09\/01\/caminhoneiro-ensina-a-se-proteger-no-temido-trevo-do-ibo\/","title":{"rendered":"Caminhoneiro ensina a se proteger no temido trevo do Ib\u00f3."},"content":{"rendered":"<p><\/p>\n<div>\n<p class=\"wp-block-paragraph\">O Trevo de Ib\u00f3, que marca a divisa entre Pernambuco e Bahia, \u00e9 amplamente reconhecido entre os caminhoneiros como um dos pontos mais perigosos em suas rotas. Este entroncamento cr\u00edtico conecta tr\u00eas importantes rodovias \u2014 as BRs 116, 426 e 316 \u2014 fazendo dele um ponto de passagem obrigat\u00f3rio para muitos profissionais do transporte de carga. Contudo, sua notoriedade \u00e9 marcada pela inseguran\u00e7a que prevalece na regi\u00e3o.<\/p>\n<h3 id=\"h-riscos-e-inseguranca-na-rota\" class=\"wp-block-heading\">Riscos e Inseguran\u00e7a na Rota<\/h3>\n<p class=\"wp-block-paragraph\">Infelizmente, o trevo \u00e9 frequentemente cen\u00e1rio de assaltos e crimes violentos. Criminosos utilizam barreiras improvisadas para induzir os caminhoneiros a reduzirem a velocidade ou a pararem, aumentando assim sua vulnerabilidade. Esses crimes ocorrem tanto durante o dia quanto \u00e0 noite, sendo a escurid\u00e3o um fator que potencializa o perigo, dado o menor fluxo de ve\u00edculos e a baixa visibilidade.<\/p>\n<p class=\"wp-block-paragraph\">Al\u00e9m de assaltos, j\u00e1 foram registrados casos de arrast\u00f5es e at\u00e9 trag\u00e9dias mais graves, como mortes. Isso n\u00e3o apenas coloca em risco a vida e os bens dos motoristas, mas tamb\u00e9m marca esse trecho como um ponto de preocupa\u00e7\u00e3o para toda uma rede de transporte, afetando a log\u00edstica e a mobilidade na regi\u00e3o.<\/p>\n<h3 id=\"h-estrategias-de-seguranca\" class=\"wp-block-heading\">Estrat\u00e9gias de Seguran\u00e7a<\/h3>\n<p class=\"wp-block-paragraph\">Um caminhoneiro experiente decidiu compartilhar dicas valiosas de seguran\u00e7a em um v\u00eddeo no canal \u201cBaianinho de Juazeiro\u201d, no YouTube. Ele percorre o trecho durante a noite, elucidando os riscos e propondo estrat\u00e9gias para minimizar perigos.<\/p>\n<p class=\"wp-block-paragraph\">Entre suas principais orienta\u00e7\u00f5es, est\u00e3o:<\/p>\n<ul class=\"wp-block-list\">\n<li><strong>Evitar hor\u00e1rios noturnos<\/strong>: Sempre que poss\u00edvel, planeje a travessia para o per\u00edodo diurno, quando a visibilidade \u00e9 maior e h\u00e1 mais movimento na rodovia.<\/li>\n<li><strong>Fique atento \u00e0 presen\u00e7a de fiscaliza\u00e7\u00e3o<\/strong>: No v\u00eddeo, o caminhoneiro encontrou uma equipe da Pol\u00edcia Rodovi\u00e1ria Federal (PRF) em a\u00e7\u00e3o. Embora a presen\u00e7a da PRF seja um fator positivo, ainda \u00e9 percebida como insuficiente diante do risco constante.<\/li>\n<li><strong>Redobre a aten\u00e7\u00e3o ao transitar<\/strong>: Evite reduzir a velocidade ou parar desnecessariamente na regi\u00e3o. Manter uma velocidade constante e segura pode ser crucial para evitar abordagens criminosas.<\/li>\n<\/ul>\n<h3 id=\"h-conclusao\" class=\"wp-block-heading\">Conclus\u00e3o<\/h3>\n<p class=\"wp-block-paragraph\">O Trevo de Ib\u00f3 simboliza os desafios que os caminhoneiros enfrentam em suas rotas di\u00e1rias. Apesar de todos os obst\u00e1culos, adotar medidas de precau\u00e7\u00e3o e compartilhar informa\u00e7\u00f5es \u00e9 vital para mitigar os riscos. A seguran\u00e7a nas rodovias n\u00e3o depende apenas de pol\u00edticas p\u00fablicas, mas tamb\u00e9m de uma rede de apoio entre os profissionais do transporte, promovendo uma mobilidade mais segura e eficiente em todo o Nordeste.<\/p>\n<p class=\"wp-block-paragraph\"><strong>Fonte:<\/strong> brasildotrecho<\/p>\n<\/div>\n","protected":false},"excerpt":{"rendered":"<p>O Trevo de Ib\u00f3, que marca a divisa entre Pernambuco e Bahia, \u00e9 amplamente reconhecido entre os caminhoneiros como um dos pontos mais perigosos em suas rotas. Este entroncamento cr\u00edtico conecta tr\u00eas importantes rodovias \u2014 as BRs 116, 426 e 316 \u2014 fazendo dele um ponto de passagem obrigat\u00f3rio para muitos profissionais do transporte de &hellip;<\/p>\n","protected":false},"author":4,"featured_media":14188,"comment_status":"","ping_status":"open","sticky":false,"template":"","format":"standard","meta":{"footnotes":""},"categories":[77],"tags":[],"coauthors":[42],"class_list":["post-14187","post","type-post","status-publish","format-standard","has-post-thumbnail","hentry","category-motorista"],"yoast_head":"<!-- This site is optimized with the Yoast SEO Premium plugin v27.6.1 (Yoast SEO v28.3) - https:\/\/yoast.com\/product\/yoast-seo-premium-wordpress\/ -->\n<title>Caminhoneiro ensina a se proteger no temido trevo do Ib\u00f3. - Motorista.com.br<\/title>\n<meta name=\"robots\" content=\"index, follow, max-snippet:-1, max-image-preview:large, max-video-preview:-1\" \/>\n<link rel=\"canonical\" href=\"https:\/\/motorista.com.br\/noticias\/2026\/09\/01\/caminhoneiro-ensina-a-se-proteger-no-temido-trevo-do-ibo\/\" \/>\n<meta property=\"og:locale\" content=\"pt_BR\" \/>\n<meta property=\"og:type\" content=\"article\" \/>\n<meta property=\"og:title\" content=\"Caminhoneiro ensina a se proteger no temido trevo do Ib\u00f3.\" \/>\n<meta property=\"og:description\" content=\"O Trevo de Ib\u00f3, que marca a divisa entre Pernambuco e Bahia, \u00e9 amplamente reconhecido entre os caminhoneiros como um dos pontos mais perigosos em suas rotas. Este entroncamento cr\u00edtico conecta tr\u00eas importantes rodovias \u2014 as BRs 116, 426 e 316 \u2014 fazendo dele um ponto de passagem obrigat\u00f3rio para muitos profissionais do transporte de &hellip;\" \/>\n<meta property=\"og:url\" content=\"https:\/\/motorista.com.br\/noticias\/2026\/09\/01\/caminhoneiro-ensina-a-se-proteger-no-temido-trevo-do-ibo\/\" \/>\n<meta property=\"og:site_name\" content=\"Motorista.com.br\" \/>\n<meta property=\"article:published_time\" content=\"2026-09-01T10:26:13+00:00\" \/>\n<meta name=\"author\" content=\"Equipe Reda\u00e7\u00e3o\" \/>\n<meta name=\"twitter:card\" content=\"summary_large_image\" \/>\n<meta name=\"twitter:label1\" content=\"Escrito por\" \/>\n\t<meta name=\"twitter:data1\" content=\"Equipe Reda\u00e7\u00e3o\" \/>\n\t<meta name=\"twitter:label2\" content=\"Est. tempo de leitura\" \/>\n\t<meta name=\"twitter:data2\" content=\"2 minutos\" \/>\n\t<meta name=\"twitter:label3\" content=\"Written by\" \/>\n\t<meta name=\"twitter:data3\" content=\"Equipe Reda\u00e7\u00e3o\" \/>\n<script type=\"application\/ld+json\" class=\"yoast-schema-graph\">{\"@context\":\"https:\\\/\\\/schema.org\",\"@graph\":[{\"@type\":\"Article\",\"@id\":\"https:\\\/\\\/motorista.com.br\\\/noticias\\\/2026\\\/09\\\/01\\\/caminhoneiro-ensina-a-se-proteger-no-temido-trevo-do-ibo\\\/#article\",\"isPartOf\":{\"@id\":\"https:\\\/\\\/motorista.com.br\\\/noticias\\\/2026\\\/09\\\/01\\\/caminhoneiro-ensina-a-se-proteger-no-temido-trevo-do-ibo\\\/\"},\"author\":{\"name\":\"Equipe Reda\u00e7\u00e3o\",\"@id\":\"https:\\\/\\\/motorista.com.br\\\/noticias\\\/#\\\/schema\\\/person\\\/dc93afc2981c0e3ce6bc3c053fd847be\"},\"headline\":\"Caminhoneiro ensina a se proteger no temido trevo do Ib\u00f3.\",\"datePublished\":\"2026-09-01T10:26:13+00:00\",\"mainEntityOfPage\":{\"@id\":\"https:\\\/\\\/motorista.com.br\\\/noticias\\\/2026\\\/09\\\/01\\\/caminhoneiro-ensina-a-se-proteger-no-temido-trevo-do-ibo\\\/\"},\"wordCount\":428,\"publisher\":{\"@id\":\"https:\\\/\\\/motorista.com.br\\\/noticias\\\/#organization\"},\"image\":{\"@id\":\"https:\\\/\\\/motorista.com.br\\\/noticias\\\/2026\\\/09\\\/01\\\/caminhoneiro-ensina-a-se-proteger-no-temido-trevo-do-ibo\\\/#primaryimage\"},\"thumbnailUrl\":\"https:\\\/\\\/motorista.com.br\\\/noticias\\\/wp-content\\\/uploads\\\/2026\\\/09\\\/Trevo-do-Ibo.jpg\",\"articleSection\":[\"Motorista\"],\"inLanguage\":\"pt-BR\"},{\"@type\":\"WebPage\",\"@id\":\"https:\\\/\\\/motorista.com.br\\\/noticias\\\/2026\\\/09\\\/01\\\/caminhoneiro-ensina-a-se-proteger-no-temido-trevo-do-ibo\\\/\",\"url\":\"https:\\\/\\\/motorista.com.br\\\/noticias\\\/2026\\\/09\\\/01\\\/caminhoneiro-ensina-a-se-proteger-no-temido-trevo-do-ibo\\\/\",\"name\":\"Caminhoneiro ensina a se proteger no temido trevo do Ib\u00f3. - Motorista.com.br\",\"isPartOf\":{\"@id\":\"https:\\\/\\\/motorista.com.br\\\/noticias\\\/#website\"},\"primaryImageOfPage\":{\"@id\":\"https:\\\/\\\/motorista.com.br\\\/noticias\\\/2026\\\/09\\\/01\\\/caminhoneiro-ensina-a-se-proteger-no-temido-trevo-do-ibo\\\/#primaryimage\"},\"image\":{\"@id\":\"https:\\\/\\\/motorista.com.br\\\/noticias\\\/2026\\\/09\\\/01\\\/caminhoneiro-ensina-a-se-proteger-no-temido-trevo-do-ibo\\\/#primaryimage\"},\"thumbnailUrl\":\"https:\\\/\\\/motorista.com.br\\\/noticias\\\/wp-content\\\/uploads\\\/2026\\\/09\\\/Trevo-do-Ibo.jpg\",\"datePublished\":\"2026-09-01T10:26:13+00:00\",\"breadcrumb\":{\"@id\":\"https:\\\/\\\/motorista.com.br\\\/noticias\\\/2026\\\/09\\\/01\\\/caminhoneiro-ensina-a-se-proteger-no-temido-trevo-do-ibo\\\/#breadcrumb\"},\"inLanguage\":\"pt-BR\",\"potentialAction\":[{\"@type\":\"ReadAction\",\"target\":[\"https:\\\/\\\/motorista.com.br\\\/noticias\\\/2026\\\/09\\\/01\\\/caminhoneiro-ensina-a-se-proteger-no-temido-trevo-do-ibo\\\/\"]}]},{\"@type\":\"ImageObject\",\"inLanguage\":\"pt-BR\",\"@id\":\"https:\\\/\\\/motorista.com.br\\\/noticias\\\/2026\\\/09\\\/01\\\/caminhoneiro-ensina-a-se-proteger-no-temido-trevo-do-ibo\\\/#primaryimage\",\"url\":\"https:\\\/\\\/motorista.com.br\\\/noticias\\\/wp-content\\\/uploads\\\/2026\\\/09\\\/Trevo-do-Ibo.jpg\",\"contentUrl\":\"https:\\\/\\\/motorista.com.br\\\/noticias\\\/wp-content\\\/uploads\\\/2026\\\/09\\\/Trevo-do-Ibo.jpg\",\"width\":1280,\"height\":800},{\"@type\":\"BreadcrumbList\",\"@id\":\"https:\\\/\\\/motorista.com.br\\\/noticias\\\/2026\\\/09\\\/01\\\/caminhoneiro-ensina-a-se-proteger-no-temido-trevo-do-ibo\\\/#breadcrumb\",\"itemListElement\":[{\"@type\":\"ListItem\",\"position\":1,\"name\":\"In\u00edcio\",\"item\":\"https:\\\/\\\/motorista.com.br\\\/noticias\\\/\"},{\"@type\":\"ListItem\",\"position\":2,\"name\":\"Caminhoneiro ensina a se proteger no temido trevo do Ib\u00f3.\"}]},{\"@type\":\"WebSite\",\"@id\":\"https:\\\/\\\/motorista.com.br\\\/noticias\\\/#website\",\"url\":\"https:\\\/\\\/motorista.com.br\\\/noticias\\\/\",\"name\":\"Motorista.com.br\",\"description\":\"Not\u00edcia do Motorista\",\"publisher\":{\"@id\":\"https:\\\/\\\/motorista.com.br\\\/noticias\\\/#organization\"},\"potentialAction\":[{\"@type\":\"SearchAction\",\"target\":{\"@type\":\"EntryPoint\",\"urlTemplate\":\"https:\\\/\\\/motorista.com.br\\\/noticias\\\/?s={search_term_string}\"},\"query-input\":{\"@type\":\"PropertyValueSpecification\",\"valueRequired\":true,\"valueName\":\"search_term_string\"}}],\"inLanguage\":\"pt-BR\"},{\"@type\":\"Organization\",\"@id\":\"https:\\\/\\\/motorista.com.br\\\/noticias\\\/#organization\",\"name\":\"Motorista.com.br\",\"url\":\"https:\\\/\\\/motorista.com.br\\\/noticias\\\/\",\"logo\":{\"@type\":\"ImageObject\",\"inLanguage\":\"pt-BR\",\"@id\":\"https:\\\/\\\/motorista.com.br\\\/noticias\\\/#\\\/schema\\\/logo\\\/image\\\/\",\"url\":\"https:\\\/\\\/motorista.com.br\\\/noticias\\\/wp-content\\\/uploads\\\/2025\\\/06\\\/Design-sem-nome-9.png\",\"contentUrl\":\"https:\\\/\\\/motorista.com.br\\\/noticias\\\/wp-content\\\/uploads\\\/2025\\\/06\\\/Design-sem-nome-9.png\",\"width\":150,\"height\":85,\"caption\":\"Motorista.com.br\"},\"image\":{\"@id\":\"https:\\\/\\\/motorista.com.br\\\/noticias\\\/#\\\/schema\\\/logo\\\/image\\\/\"}},{\"@type\":\"Person\",\"@id\":\"https:\\\/\\\/motorista.com.br\\\/noticias\\\/#\\\/schema\\\/person\\\/dc93afc2981c0e3ce6bc3c053fd847be\",\"name\":\"Equipe Reda\u00e7\u00e3o\",\"image\":{\"@type\":\"ImageObject\",\"inLanguage\":\"pt-BR\",\"@id\":\"https:\\\/\\\/secure.gravatar.com\\\/avatar\\\/4f525efbf18dd2bb300ccad28bfb99d95a9465a5ba268407c8c37b37e1f28d2d?s=96&d=mm&r=g9e099043a0c61e9ae27e293b9fa75ffc\",\"url\":\"https:\\\/\\\/secure.gravatar.com\\\/avatar\\\/4f525efbf18dd2bb300ccad28bfb99d95a9465a5ba268407c8c37b37e1f28d2d?s=96&d=mm&r=g\",\"contentUrl\":\"https:\\\/\\\/secure.gravatar.com\\\/avatar\\\/4f525efbf18dd2bb300ccad28bfb99d95a9465a5ba268407c8c37b37e1f28d2d?s=96&d=mm&r=g\",\"caption\":\"Equipe Reda\u00e7\u00e3o\"},\"description\":\"Equipe de reda\u00e7\u00e3o \u00e9 um grupo de profissionais que trabalham juntos para criar conte\u00fado escrito para Motorista.com.br\",\"url\":\"https:\\\/\\\/motorista.com.br\\\/noticias\\\/author\\\/equiperedacao\\\/\"}]}<\/script>\n<!-- \/ Yoast SEO Premium plugin. -->","yoast_head_json":{"title":"Caminhoneiro ensina a se proteger no temido trevo do Ib\u00f3. - Motorista.com.br","robots":{"index":"index","follow":"follow","max-snippet":"max-snippet:-1","max-image-preview":"max-image-preview:large","max-video-preview":"max-video-preview:-1"},"canonical":"https:\/\/motorista.com.br\/noticias\/2026\/09\/01\/caminhoneiro-ensina-a-se-proteger-no-temido-trevo-do-ibo\/","og_locale":"pt_BR","og_type":"article","og_title":"Caminhoneiro ensina a se proteger no temido trevo do Ib\u00f3.","og_description":"O Trevo de Ib\u00f3, que marca a divisa entre Pernambuco e Bahia, \u00e9 amplamente reconhecido entre os caminhoneiros como um dos pontos mais perigosos em suas rotas. Este entroncamento cr\u00edtico conecta tr\u00eas importantes rodovias \u2014 as BRs 116, 426 e 316 \u2014 fazendo dele um ponto de passagem obrigat\u00f3rio para muitos profissionais do transporte de &hellip;","og_url":"https:\/\/motorista.com.br\/noticias\/2026\/09\/01\/caminhoneiro-ensina-a-se-proteger-no-temido-trevo-do-ibo\/","og_site_name":"Motorista.com.br","article_published_time":"2026-09-01T10:26:13+00:00","author":"Equipe Reda\u00e7\u00e3o","twitter_card":"summary_large_image","twitter_misc":{"Escrito por":"Equipe Reda\u00e7\u00e3o","Est. tempo de leitura":"2 minutos","Written by":"Equipe Reda\u00e7\u00e3o"},"schema":{"@context":"https:\/\/schema.org","@graph":[{"@type":"Article","@id":"https:\/\/motorista.com.br\/noticias\/2026\/09\/01\/caminhoneiro-ensina-a-se-proteger-no-temido-trevo-do-ibo\/#article","isPartOf":{"@id":"https:\/\/motorista.com.br\/noticias\/2026\/09\/01\/caminhoneiro-ensina-a-se-proteger-no-temido-trevo-do-ibo\/"},"author":{"name":"Equipe Reda\u00e7\u00e3o","@id":"https:\/\/motorista.com.br\/noticias\/#\/schema\/person\/dc93afc2981c0e3ce6bc3c053fd847be"},"headline":"Caminhoneiro ensina a se proteger no temido trevo do Ib\u00f3.","datePublished":"2026-09-01T10:26:13+00:00","mainEntityOfPage":{"@id":"https:\/\/motorista.com.br\/noticias\/2026\/09\/01\/caminhoneiro-ensina-a-se-proteger-no-temido-trevo-do-ibo\/"},"wordCount":428,"publisher":{"@id":"https:\/\/motorista.com.br\/noticias\/#organization"},"image":{"@id":"https:\/\/motorista.com.br\/noticias\/2026\/09\/01\/caminhoneiro-ensina-a-se-proteger-no-temido-trevo-do-ibo\/#primaryimage"},"thumbnailUrl":"https:\/\/motorista.com.br\/noticias\/wp-content\/uploads\/2026\/09\/Trevo-do-Ibo.jpg","articleSection":["Motorista"],"inLanguage":"pt-BR"},{"@type":"WebPage","@id":"https:\/\/motorista.com.br\/noticias\/2026\/09\/01\/caminhoneiro-ensina-a-se-proteger-no-temido-trevo-do-ibo\/","url":"https:\/\/motorista.com.br\/noticias\/2026\/09\/01\/caminhoneiro-ensina-a-se-proteger-no-temido-trevo-do-ibo\/","name":"Caminhoneiro ensina a se proteger no temido trevo do Ib\u00f3. - Motorista.com.br","isPartOf":{"@id":"https:\/\/motorista.com.br\/noticias\/#website"},"primaryImageOfPage":{"@id":"https:\/\/motorista.com.br\/noticias\/2026\/09\/01\/caminhoneiro-ensina-a-se-proteger-no-temido-trevo-do-ibo\/#primaryimage"},"image":{"@id":"https:\/\/motorista.com.br\/noticias\/2026\/09\/01\/caminhoneiro-ensina-a-se-proteger-no-temido-trevo-do-ibo\/#primaryimage"},"thumbnailUrl":"https:\/\/motorista.com.br\/noticias\/wp-content\/uploads\/2026\/09\/Trevo-do-Ibo.jpg","datePublished":"2026-09-01T10:26:13+00:00","breadcrumb":{"@id":"https:\/\/motorista.com.br\/noticias\/2026\/09\/01\/caminhoneiro-ensina-a-se-proteger-no-temido-trevo-do-ibo\/#breadcrumb"},"inLanguage":"pt-BR","potentialAction":[{"@type":"ReadAction","target":["https:\/\/motorista.com.br\/noticias\/2026\/09\/01\/caminhoneiro-ensina-a-se-proteger-no-temido-trevo-do-ibo\/"]}]},{"@type":"ImageObject","inLanguage":"pt-BR","@id":"https:\/\/motorista.com.br\/noticias\/2026\/09\/01\/caminhoneiro-ensina-a-se-proteger-no-temido-trevo-do-ibo\/#primaryimage","url":"https:\/\/motorista.com.br\/noticias\/wp-content\/uploads\/2026\/09\/Trevo-do-Ibo.jpg","contentUrl":"https:\/\/motorista.com.br\/noticias\/wp-content\/uploads\/2026\/09\/Trevo-do-Ibo.jpg","width":1280,"height":800},{"@type":"BreadcrumbList","@id":"https:\/\/motorista.com.br\/noticias\/2026\/09\/01\/caminhoneiro-ensina-a-se-proteger-no-temido-trevo-do-ibo\/#breadcrumb","itemListElement":[{"@type":"ListItem","position":1,"name":"In\u00edcio","item":"https:\/\/motorista.com.br\/noticias\/"},{"@type":"ListItem","position":2,"name":"Caminhoneiro ensina a se proteger no temido trevo do Ib\u00f3."}]},{"@type":"WebSite","@id":"https:\/\/motorista.com.br\/noticias\/#website","url":"https:\/\/motorista.com.br\/noticias\/","name":"Motorista.com.br","description":"Not\u00edcia do Motorista","publisher":{"@id":"https:\/\/motorista.com.br\/noticias\/#organization"},"potentialAction":[{"@type":"SearchAction","target":{"@type":"EntryPoint","urlTemplate":"https:\/\/motorista.com.br\/noticias\/?s={search_term_string}"},"query-input":{"@type":"PropertyValueSpecification","valueRequired":true,"valueName":"search_term_string"}}],"inLanguage":"pt-BR"},{"@type":"Organization","@id":"https:\/\/motorista.com.br\/noticias\/#organization","name":"Motorista.com.br","url":"https:\/\/motorista.com.br\/noticias\/","logo":{"@type":"ImageObject","inLanguage":"pt-BR","@id":"https:\/\/motorista.com.br\/noticias\/#\/schema\/logo\/image\/","url":"https:\/\/motorista.com.br\/noticias\/wp-content\/uploads\/2025\/06\/Design-sem-nome-9.png","contentUrl":"https:\/\/motorista.com.br\/noticias\/wp-content\/uploads\/2025\/06\/Design-sem-nome-9.png","width":150,"height":85,"caption":"Motorista.com.br"},"image":{"@id":"https:\/\/motorista.com.br\/noticias\/#\/schema\/logo\/image\/"}},{"@type":"Person","@id":"https:\/\/motorista.com.br\/noticias\/#\/schema\/person\/dc93afc2981c0e3ce6bc3c053fd847be","name":"Equipe Reda\u00e7\u00e3o","image":{"@type":"ImageObject","inLanguage":"pt-BR","@id":"https:\/\/secure.gravatar.com\/avatar\/4f525efbf18dd2bb300ccad28bfb99d95a9465a5ba268407c8c37b37e1f28d2d?s=96&d=mm&r=g9e099043a0c61e9ae27e293b9fa75ffc","url":"https:\/\/secure.gravatar.com\/avatar\/4f525efbf18dd2bb300ccad28bfb99d95a9465a5ba268407c8c37b37e1f28d2d?s=96&d=mm&r=g","contentUrl":"https:\/\/secure.gravatar.com\/avatar\/4f525efbf18dd2bb300ccad28bfb99d95a9465a5ba268407c8c37b37e1f28d2d?s=96&d=mm&r=g","caption":"Equipe Reda\u00e7\u00e3o"},"description":"Equipe de reda\u00e7\u00e3o \u00e9 um grupo de profissionais que trabalham juntos para criar conte\u00fado escrito para Motorista.com.br","url":"https:\/\/motorista.com.br\/noticias\/author\/equiperedacao\/"}]}},"_links":{"self":[{"href":"https:\/\/motorista.com.br\/noticias\/wp-json\/wp\/v2\/posts\/14187","targetHints":{"allow":["GET"]}}],"collection":[{"href":"https:\/\/motorista.com.br\/noticias\/wp-json\/wp\/v2\/posts"}],"about":[{"href":"https:\/\/motorista.com.br\/noticias\/wp-json\/wp\/v2\/types\/post"}],"author":[{"embeddable":true,"href":"https:\/\/motorista.com.br\/noticias\/wp-json\/wp\/v2\/users\/4"}],"replies":[{"embeddable":true,"href":"https:\/\/motorista.com.br\/noticias\/wp-json\/wp\/v2\/comments?post=14187"}],"version-history":[{"count":0,"href":"https:\/\/motorista.com.br\/noticias\/wp-json\/wp\/v2\/posts\/14187\/revisions"}],"wp:featuredmedia":[{"embeddable":true,"href":"https:\/\/motorista.com.br\/noticias\/wp-json\/wp\/v2\/media\/14188"}],"wp:attachment":[{"href":"https:\/\/motorista.com.br\/noticias\/wp-json\/wp\/v2\/media?parent=14187"}],"wp:term":[{"taxonomy":"category","embeddable":true,"href":"https:\/\/motorista.com.br\/noticias\/wp-json\/wp\/v2\/categories?post=14187"},{"taxonomy":"post_tag","embeddable":true,"href":"https:\/\/motorista.com.br\/noticias\/wp-json\/wp\/v2\/tags?post=14187"},{"taxonomy":"author","embeddable":true,"href":"https:\/\/motorista.com.br\/noticias\/wp-json\/wp\/v2\/coauthors?post=14187"}],"curies":[{"name":"wp","href":"https:\/\/api.w.org\/{rel}","templated":true}]}}