{"id":14185,"date":"2026-09-01T05:07:55","date_gmt":"2026-09-01T08:07:55","guid":{"rendered":"https:\/\/motorista.com.br\/noticias\/2026\/09\/01\/motorista-que-transportava-r-10-mil-diarios-e-indenizado-por-riscos\/"},"modified":"2026-09-01T05:07:55","modified_gmt":"2026-09-01T08:07:55","slug":"motorista-que-transportava-r-10-mil-diarios-e-indenizado-por-riscos","status":"publish","type":"post","link":"https:\/\/motorista.com.br\/noticias\/2026\/09\/01\/motorista-que-transportava-r-10-mil-diarios-e-indenizado-por-riscos\/","title":{"rendered":"Motorista que transportava R$ 10 mil di\u00e1rios \u00e9 indenizado por riscos."},"content":{"rendered":"<p><\/p>\n<h3>Indeniza\u00e7\u00e3o por Danos Morais: O Impacto do Transporte de Valores na Vida do Motorista e na Mobilidade<\/h3>\n<p>A recente decis\u00e3o da Justi\u00e7a em favor de um motorista que transportava valores significativos em seu caminh\u00e3o traz \u00e0 tona quest\u00f5es cruciais sobre a seguran\u00e7a profissional e o impacto emocional que essa fun\u00e7\u00e3o pode acarretar. O caso em quest\u00e3o, ganho pelo motorista, destaca n\u00e3o apenas os riscos envolvidos, mas tamb\u00e9m as responsabilidades das empresas em garantir um ambiente seguro de trabalho.<\/p>\n<p>Transportar entre R$ 10 mil e R$ 15 mil diariamente, sem a devida seguran\u00e7a ou treinamento, exp\u00f5e o trabalhador a uma constante sensa\u00e7\u00e3o de vulnerabilidade. A decis\u00e3o do Tribunal Regional do Trabalho da 4\u00aa Regi\u00e3o reafirma a import\u00e2ncia de se considerar o estresse psicol\u00f3gico que esses profissionais enfrentam. Embora o motorista n\u00e3o tenha sido v\u00edtima de um assalto, o simples fato de operar em um ambiente de risco se torna um fator gerador de danos morais. Isso reflete a necessidade de prote\u00e7\u00e3o e acolhimento para que os motoristas se sintam seguros em suas atividades.<\/p>\n<h3>Mobilidade e Seguran\u00e7a<\/h3>\n<p>A seguran\u00e7a no transporte de cargas e valores influencia diretamente a mobilidade urbana e a log\u00edstica. A preocupa\u00e7\u00e3o com assaltos e outros crimes pode levar os motoristas a adotar trajet\u00f3rias menos eficientes ou a realizar entregas em hor\u00e1rios mais arriscados, afetando a fluidez do tr\u00e2nsito e a efici\u00eancia do sistema de transporte como um todo. Portanto, a entrega de valores n\u00e3o \u00e9 apenas uma quest\u00e3o individual, mas tamb\u00e9m coletiva, impactando a circula\u00e7\u00e3o e a seguran\u00e7a nas ruas.<\/p>\n<p>Empresas que adotam medidas de seguran\u00e7a, como escoltas e treinamentos adequados, n\u00e3o apenas protegem seus funcion\u00e1rios, mas tamb\u00e9m contribuem para um ambiente de trabalho que favorece a mobilidade. Essa responsabilidade compartilhada \u00e9 fundamental para que opera\u00e7\u00f5es log\u00edsticas sejam realizadas de forma eficaz e segura.<\/p>\n<h3>Reflex\u00e3o sobre a Responsabilidade<\/h3>\n<p>A decis\u00e3o judicial que condenou a empresa a pagar R$ 10 mil em indeniza\u00e7\u00e3o refor\u00e7a que a responsabilidade pela seguran\u00e7a do trabalhador n\u00e3o pode ser negligenciada. O aumento da exposi\u00e7\u00e3o ao risco, como demonstrado pelo caso, deve ser prevenido proativamente. As empresas t\u00eam a obriga\u00e7\u00e3o de criar um ambiente seguro, evitando que os motoristas enfrentem a viol\u00eancia e o estresse que podem prejudicar sua sa\u00fade mental e f\u00edsica. <\/p>\n<p>Em suma, a prote\u00e7\u00e3o do motorista vai al\u00e9m de uma quest\u00e3o legal; \u00e9 um imperativo social que contribui para a qualidade das condi\u00e7\u00f5es de trabalho e para a mobilidade urbana. Ao garantir a seguran\u00e7a, todos se beneficiam \u2014 os motoristas, as empresas e, acima de tudo, a sociedade em seu conjunto.<\/p>\n","protected":false},"excerpt":{"rendered":"<p>Indeniza\u00e7\u00e3o por Danos Morais: O Impacto do Transporte de Valores na Vida do Motorista e na Mobilidade A recente decis\u00e3o da Justi\u00e7a em favor de um motorista que transportava valores significativos em seu caminh\u00e3o traz \u00e0 tona quest\u00f5es cruciais sobre a seguran\u00e7a profissional e o impacto emocional que essa fun\u00e7\u00e3o pode acarretar. O caso em &hellip;<\/p>\n","protected":false},"author":4,"featured_media":14186,"comment_status":"","ping_status":"open","sticky":false,"template":"","format":"standard","meta":{"footnotes":""},"categories":[78,77],"tags":[],"coauthors":[42],"class_list":["post-14185","post","type-post","status-publish","format-standard","has-post-thumbnail","hentry","category-carreteiro","category-motorista"],"yoast_head":"<!-- This site is optimized with the Yoast SEO Premium plugin v27.6.1 (Yoast SEO v28.3) - https:\/\/yoast.com\/product\/yoast-seo-premium-wordpress\/ -->\n<title>Motorista que transportava R$ 10 mil di\u00e1rios \u00e9 indenizado por riscos. - Motorista.com.br<\/title>\n<meta name=\"robots\" content=\"index, follow, max-snippet:-1, max-image-preview:large, max-video-preview:-1\" \/>\n<link rel=\"canonical\" href=\"https:\/\/motorista.com.br\/noticias\/2026\/09\/01\/motorista-que-transportava-r-10-mil-diarios-e-indenizado-por-riscos\/\" \/>\n<meta property=\"og:locale\" content=\"pt_BR\" \/>\n<meta property=\"og:type\" content=\"article\" \/>\n<meta property=\"og:title\" content=\"Motorista que transportava R$ 10 mil di\u00e1rios \u00e9 indenizado por riscos.\" \/>\n<meta property=\"og:description\" content=\"Indeniza\u00e7\u00e3o por Danos Morais: O Impacto do Transporte de Valores na Vida do Motorista e na Mobilidade A recente decis\u00e3o da Justi\u00e7a em favor de um motorista que transportava valores significativos em seu caminh\u00e3o traz \u00e0 tona quest\u00f5es cruciais sobre a seguran\u00e7a profissional e o impacto emocional que essa fun\u00e7\u00e3o pode acarretar. O caso em &hellip;\" \/>\n<meta property=\"og:url\" content=\"https:\/\/motorista.com.br\/noticias\/2026\/09\/01\/motorista-que-transportava-r-10-mil-diarios-e-indenizado-por-riscos\/\" \/>\n<meta property=\"og:site_name\" content=\"Motorista.com.br\" \/>\n<meta property=\"article:published_time\" content=\"2026-09-01T08:07:55+00:00\" \/>\n<meta name=\"author\" content=\"Equipe Reda\u00e7\u00e3o\" \/>\n<meta name=\"twitter:card\" content=\"summary_large_image\" \/>\n<meta name=\"twitter:label1\" content=\"Escrito por\" \/>\n\t<meta name=\"twitter:data1\" content=\"Equipe Reda\u00e7\u00e3o\" \/>\n\t<meta name=\"twitter:label2\" content=\"Est. tempo de leitura\" \/>\n\t<meta name=\"twitter:data2\" content=\"2 minutos\" \/>\n\t<meta name=\"twitter:label3\" content=\"Written by\" \/>\n\t<meta name=\"twitter:data3\" content=\"Equipe Reda\u00e7\u00e3o\" \/>\n<script type=\"application\/ld+json\" class=\"yoast-schema-graph\">{\"@context\":\"https:\\\/\\\/schema.org\",\"@graph\":[{\"@type\":\"Article\",\"@id\":\"https:\\\/\\\/motorista.com.br\\\/noticias\\\/2026\\\/09\\\/01\\\/motorista-que-transportava-r-10-mil-diarios-e-indenizado-por-riscos\\\/#article\",\"isPartOf\":{\"@id\":\"https:\\\/\\\/motorista.com.br\\\/noticias\\\/2026\\\/09\\\/01\\\/motorista-que-transportava-r-10-mil-diarios-e-indenizado-por-riscos\\\/\"},\"author\":{\"name\":\"Equipe Reda\u00e7\u00e3o\",\"@id\":\"https:\\\/\\\/motorista.com.br\\\/noticias\\\/#\\\/schema\\\/person\\\/dc93afc2981c0e3ce6bc3c053fd847be\"},\"headline\":\"Motorista que transportava R$ 10 mil di\u00e1rios \u00e9 indenizado por riscos.\",\"datePublished\":\"2026-09-01T08:07:55+00:00\",\"mainEntityOfPage\":{\"@id\":\"https:\\\/\\\/motorista.com.br\\\/noticias\\\/2026\\\/09\\\/01\\\/motorista-que-transportava-r-10-mil-diarios-e-indenizado-por-riscos\\\/\"},\"wordCount\":476,\"publisher\":{\"@id\":\"https:\\\/\\\/motorista.com.br\\\/noticias\\\/#organization\"},\"image\":{\"@id\":\"https:\\\/\\\/motorista.com.br\\\/noticias\\\/2026\\\/09\\\/01\\\/motorista-que-transportava-r-10-mil-diarios-e-indenizado-por-riscos\\\/#primaryimage\"},\"thumbnailUrl\":\"https:\\\/\\\/motorista.com.br\\\/noticias\\\/wp-content\\\/uploads\\\/2026\\\/09\\\/caminhao-dinheiro-preocupado.jpg\",\"articleSection\":[\"Carreteiro\",\"Motorista\"],\"inLanguage\":\"pt-BR\"},{\"@type\":\"WebPage\",\"@id\":\"https:\\\/\\\/motorista.com.br\\\/noticias\\\/2026\\\/09\\\/01\\\/motorista-que-transportava-r-10-mil-diarios-e-indenizado-por-riscos\\\/\",\"url\":\"https:\\\/\\\/motorista.com.br\\\/noticias\\\/2026\\\/09\\\/01\\\/motorista-que-transportava-r-10-mil-diarios-e-indenizado-por-riscos\\\/\",\"name\":\"Motorista que transportava R$ 10 mil di\u00e1rios \u00e9 indenizado por riscos. - Motorista.com.br\",\"isPartOf\":{\"@id\":\"https:\\\/\\\/motorista.com.br\\\/noticias\\\/#website\"},\"primaryImageOfPage\":{\"@id\":\"https:\\\/\\\/motorista.com.br\\\/noticias\\\/2026\\\/09\\\/01\\\/motorista-que-transportava-r-10-mil-diarios-e-indenizado-por-riscos\\\/#primaryimage\"},\"image\":{\"@id\":\"https:\\\/\\\/motorista.com.br\\\/noticias\\\/2026\\\/09\\\/01\\\/motorista-que-transportava-r-10-mil-diarios-e-indenizado-por-riscos\\\/#primaryimage\"},\"thumbnailUrl\":\"https:\\\/\\\/motorista.com.br\\\/noticias\\\/wp-content\\\/uploads\\\/2026\\\/09\\\/caminhao-dinheiro-preocupado.jpg\",\"datePublished\":\"2026-09-01T08:07:55+00:00\",\"breadcrumb\":{\"@id\":\"https:\\\/\\\/motorista.com.br\\\/noticias\\\/2026\\\/09\\\/01\\\/motorista-que-transportava-r-10-mil-diarios-e-indenizado-por-riscos\\\/#breadcrumb\"},\"inLanguage\":\"pt-BR\",\"potentialAction\":[{\"@type\":\"ReadAction\",\"target\":[\"https:\\\/\\\/motorista.com.br\\\/noticias\\\/2026\\\/09\\\/01\\\/motorista-que-transportava-r-10-mil-diarios-e-indenizado-por-riscos\\\/\"]}]},{\"@type\":\"ImageObject\",\"inLanguage\":\"pt-BR\",\"@id\":\"https:\\\/\\\/motorista.com.br\\\/noticias\\\/2026\\\/09\\\/01\\\/motorista-que-transportava-r-10-mil-diarios-e-indenizado-por-riscos\\\/#primaryimage\",\"url\":\"https:\\\/\\\/motorista.com.br\\\/noticias\\\/wp-content\\\/uploads\\\/2026\\\/09\\\/caminhao-dinheiro-preocupado.jpg\",\"contentUrl\":\"https:\\\/\\\/motorista.com.br\\\/noticias\\\/wp-content\\\/uploads\\\/2026\\\/09\\\/caminhao-dinheiro-preocupado.jpg\",\"width\":1200,\"height\":814},{\"@type\":\"BreadcrumbList\",\"@id\":\"https:\\\/\\\/motorista.com.br\\\/noticias\\\/2026\\\/09\\\/01\\\/motorista-que-transportava-r-10-mil-diarios-e-indenizado-por-riscos\\\/#breadcrumb\",\"itemListElement\":[{\"@type\":\"ListItem\",\"position\":1,\"name\":\"In\u00edcio\",\"item\":\"https:\\\/\\\/motorista.com.br\\\/noticias\\\/\"},{\"@type\":\"ListItem\",\"position\":2,\"name\":\"Motorista que transportava R$ 10 mil di\u00e1rios \u00e9 indenizado por riscos.\"}]},{\"@type\":\"WebSite\",\"@id\":\"https:\\\/\\\/motorista.com.br\\\/noticias\\\/#website\",\"url\":\"https:\\\/\\\/motorista.com.br\\\/noticias\\\/\",\"name\":\"Motorista.com.br\",\"description\":\"Not\u00edcia do Motorista\",\"publisher\":{\"@id\":\"https:\\\/\\\/motorista.com.br\\\/noticias\\\/#organization\"},\"potentialAction\":[{\"@type\":\"SearchAction\",\"target\":{\"@type\":\"EntryPoint\",\"urlTemplate\":\"https:\\\/\\\/motorista.com.br\\\/noticias\\\/?s={search_term_string}\"},\"query-input\":{\"@type\":\"PropertyValueSpecification\",\"valueRequired\":true,\"valueName\":\"search_term_string\"}}],\"inLanguage\":\"pt-BR\"},{\"@type\":\"Organization\",\"@id\":\"https:\\\/\\\/motorista.com.br\\\/noticias\\\/#organization\",\"name\":\"Motorista.com.br\",\"url\":\"https:\\\/\\\/motorista.com.br\\\/noticias\\\/\",\"logo\":{\"@type\":\"ImageObject\",\"inLanguage\":\"pt-BR\",\"@id\":\"https:\\\/\\\/motorista.com.br\\\/noticias\\\/#\\\/schema\\\/logo\\\/image\\\/\",\"url\":\"https:\\\/\\\/motorista.com.br\\\/noticias\\\/wp-content\\\/uploads\\\/2025\\\/06\\\/Design-sem-nome-9.png\",\"contentUrl\":\"https:\\\/\\\/motorista.com.br\\\/noticias\\\/wp-content\\\/uploads\\\/2025\\\/06\\\/Design-sem-nome-9.png\",\"width\":150,\"height\":85,\"caption\":\"Motorista.com.br\"},\"image\":{\"@id\":\"https:\\\/\\\/motorista.com.br\\\/noticias\\\/#\\\/schema\\\/logo\\\/image\\\/\"}},{\"@type\":\"Person\",\"@id\":\"https:\\\/\\\/motorista.com.br\\\/noticias\\\/#\\\/schema\\\/person\\\/dc93afc2981c0e3ce6bc3c053fd847be\",\"name\":\"Equipe Reda\u00e7\u00e3o\",\"image\":{\"@type\":\"ImageObject\",\"inLanguage\":\"pt-BR\",\"@id\":\"https:\\\/\\\/secure.gravatar.com\\\/avatar\\\/4f525efbf18dd2bb300ccad28bfb99d95a9465a5ba268407c8c37b37e1f28d2d?s=96&d=mm&r=g9e099043a0c61e9ae27e293b9fa75ffc\",\"url\":\"https:\\\/\\\/secure.gravatar.com\\\/avatar\\\/4f525efbf18dd2bb300ccad28bfb99d95a9465a5ba268407c8c37b37e1f28d2d?s=96&d=mm&r=g\",\"contentUrl\":\"https:\\\/\\\/secure.gravatar.com\\\/avatar\\\/4f525efbf18dd2bb300ccad28bfb99d95a9465a5ba268407c8c37b37e1f28d2d?s=96&d=mm&r=g\",\"caption\":\"Equipe Reda\u00e7\u00e3o\"},\"description\":\"Equipe de reda\u00e7\u00e3o \u00e9 um grupo de profissionais que trabalham juntos para criar conte\u00fado escrito para Motorista.com.br\",\"url\":\"https:\\\/\\\/motorista.com.br\\\/noticias\\\/author\\\/equiperedacao\\\/\"}]}<\/script>\n<!-- \/ Yoast SEO Premium plugin. -->","yoast_head_json":{"title":"Motorista que transportava R$ 10 mil di\u00e1rios \u00e9 indenizado por riscos. - Motorista.com.br","robots":{"index":"index","follow":"follow","max-snippet":"max-snippet:-1","max-image-preview":"max-image-preview:large","max-video-preview":"max-video-preview:-1"},"canonical":"https:\/\/motorista.com.br\/noticias\/2026\/09\/01\/motorista-que-transportava-r-10-mil-diarios-e-indenizado-por-riscos\/","og_locale":"pt_BR","og_type":"article","og_title":"Motorista que transportava R$ 10 mil di\u00e1rios \u00e9 indenizado por riscos.","og_description":"Indeniza\u00e7\u00e3o por Danos Morais: O Impacto do Transporte de Valores na Vida do Motorista e na Mobilidade A recente decis\u00e3o da Justi\u00e7a em favor de um motorista que transportava valores significativos em seu caminh\u00e3o traz \u00e0 tona quest\u00f5es cruciais sobre a seguran\u00e7a profissional e o impacto emocional que essa fun\u00e7\u00e3o pode acarretar. O caso em &hellip;","og_url":"https:\/\/motorista.com.br\/noticias\/2026\/09\/01\/motorista-que-transportava-r-10-mil-diarios-e-indenizado-por-riscos\/","og_site_name":"Motorista.com.br","article_published_time":"2026-09-01T08:07:55+00:00","author":"Equipe Reda\u00e7\u00e3o","twitter_card":"summary_large_image","twitter_misc":{"Escrito por":"Equipe Reda\u00e7\u00e3o","Est. tempo de leitura":"2 minutos","Written by":"Equipe Reda\u00e7\u00e3o"},"schema":{"@context":"https:\/\/schema.org","@graph":[{"@type":"Article","@id":"https:\/\/motorista.com.br\/noticias\/2026\/09\/01\/motorista-que-transportava-r-10-mil-diarios-e-indenizado-por-riscos\/#article","isPartOf":{"@id":"https:\/\/motorista.com.br\/noticias\/2026\/09\/01\/motorista-que-transportava-r-10-mil-diarios-e-indenizado-por-riscos\/"},"author":{"name":"Equipe Reda\u00e7\u00e3o","@id":"https:\/\/motorista.com.br\/noticias\/#\/schema\/person\/dc93afc2981c0e3ce6bc3c053fd847be"},"headline":"Motorista que transportava R$ 10 mil di\u00e1rios \u00e9 indenizado por riscos.","datePublished":"2026-09-01T08:07:55+00:00","mainEntityOfPage":{"@id":"https:\/\/motorista.com.br\/noticias\/2026\/09\/01\/motorista-que-transportava-r-10-mil-diarios-e-indenizado-por-riscos\/"},"wordCount":476,"publisher":{"@id":"https:\/\/motorista.com.br\/noticias\/#organization"},"image":{"@id":"https:\/\/motorista.com.br\/noticias\/2026\/09\/01\/motorista-que-transportava-r-10-mil-diarios-e-indenizado-por-riscos\/#primaryimage"},"thumbnailUrl":"https:\/\/motorista.com.br\/noticias\/wp-content\/uploads\/2026\/09\/caminhao-dinheiro-preocupado.jpg","articleSection":["Carreteiro","Motorista"],"inLanguage":"pt-BR"},{"@type":"WebPage","@id":"https:\/\/motorista.com.br\/noticias\/2026\/09\/01\/motorista-que-transportava-r-10-mil-diarios-e-indenizado-por-riscos\/","url":"https:\/\/motorista.com.br\/noticias\/2026\/09\/01\/motorista-que-transportava-r-10-mil-diarios-e-indenizado-por-riscos\/","name":"Motorista que transportava R$ 10 mil di\u00e1rios \u00e9 indenizado por riscos. - Motorista.com.br","isPartOf":{"@id":"https:\/\/motorista.com.br\/noticias\/#website"},"primaryImageOfPage":{"@id":"https:\/\/motorista.com.br\/noticias\/2026\/09\/01\/motorista-que-transportava-r-10-mil-diarios-e-indenizado-por-riscos\/#primaryimage"},"image":{"@id":"https:\/\/motorista.com.br\/noticias\/2026\/09\/01\/motorista-que-transportava-r-10-mil-diarios-e-indenizado-por-riscos\/#primaryimage"},"thumbnailUrl":"https:\/\/motorista.com.br\/noticias\/wp-content\/uploads\/2026\/09\/caminhao-dinheiro-preocupado.jpg","datePublished":"2026-09-01T08:07:55+00:00","breadcrumb":{"@id":"https:\/\/motorista.com.br\/noticias\/2026\/09\/01\/motorista-que-transportava-r-10-mil-diarios-e-indenizado-por-riscos\/#breadcrumb"},"inLanguage":"pt-BR","potentialAction":[{"@type":"ReadAction","target":["https:\/\/motorista.com.br\/noticias\/2026\/09\/01\/motorista-que-transportava-r-10-mil-diarios-e-indenizado-por-riscos\/"]}]},{"@type":"ImageObject","inLanguage":"pt-BR","@id":"https:\/\/motorista.com.br\/noticias\/2026\/09\/01\/motorista-que-transportava-r-10-mil-diarios-e-indenizado-por-riscos\/#primaryimage","url":"https:\/\/motorista.com.br\/noticias\/wp-content\/uploads\/2026\/09\/caminhao-dinheiro-preocupado.jpg","contentUrl":"https:\/\/motorista.com.br\/noticias\/wp-content\/uploads\/2026\/09\/caminhao-dinheiro-preocupado.jpg","width":1200,"height":814},{"@type":"BreadcrumbList","@id":"https:\/\/motorista.com.br\/noticias\/2026\/09\/01\/motorista-que-transportava-r-10-mil-diarios-e-indenizado-por-riscos\/#breadcrumb","itemListElement":[{"@type":"ListItem","position":1,"name":"In\u00edcio","item":"https:\/\/motorista.com.br\/noticias\/"},{"@type":"ListItem","position":2,"name":"Motorista que transportava R$ 10 mil di\u00e1rios \u00e9 indenizado por riscos."}]},{"@type":"WebSite","@id":"https:\/\/motorista.com.br\/noticias\/#website","url":"https:\/\/motorista.com.br\/noticias\/","name":"Motorista.com.br","description":"Not\u00edcia do Motorista","publisher":{"@id":"https:\/\/motorista.com.br\/noticias\/#organization"},"potentialAction":[{"@type":"SearchAction","target":{"@type":"EntryPoint","urlTemplate":"https:\/\/motorista.com.br\/noticias\/?s={search_term_string}"},"query-input":{"@type":"PropertyValueSpecification","valueRequired":true,"valueName":"search_term_string"}}],"inLanguage":"pt-BR"},{"@type":"Organization","@id":"https:\/\/motorista.com.br\/noticias\/#organization","name":"Motorista.com.br","url":"https:\/\/motorista.com.br\/noticias\/","logo":{"@type":"ImageObject","inLanguage":"pt-BR","@id":"https:\/\/motorista.com.br\/noticias\/#\/schema\/logo\/image\/","url":"https:\/\/motorista.com.br\/noticias\/wp-content\/uploads\/2025\/06\/Design-sem-nome-9.png","contentUrl":"https:\/\/motorista.com.br\/noticias\/wp-content\/uploads\/2025\/06\/Design-sem-nome-9.png","width":150,"height":85,"caption":"Motorista.com.br"},"image":{"@id":"https:\/\/motorista.com.br\/noticias\/#\/schema\/logo\/image\/"}},{"@type":"Person","@id":"https:\/\/motorista.com.br\/noticias\/#\/schema\/person\/dc93afc2981c0e3ce6bc3c053fd847be","name":"Equipe Reda\u00e7\u00e3o","image":{"@type":"ImageObject","inLanguage":"pt-BR","@id":"https:\/\/secure.gravatar.com\/avatar\/4f525efbf18dd2bb300ccad28bfb99d95a9465a5ba268407c8c37b37e1f28d2d?s=96&d=mm&r=g9e099043a0c61e9ae27e293b9fa75ffc","url":"https:\/\/secure.gravatar.com\/avatar\/4f525efbf18dd2bb300ccad28bfb99d95a9465a5ba268407c8c37b37e1f28d2d?s=96&d=mm&r=g","contentUrl":"https:\/\/secure.gravatar.com\/avatar\/4f525efbf18dd2bb300ccad28bfb99d95a9465a5ba268407c8c37b37e1f28d2d?s=96&d=mm&r=g","caption":"Equipe Reda\u00e7\u00e3o"},"description":"Equipe de reda\u00e7\u00e3o \u00e9 um grupo de profissionais que trabalham juntos para criar conte\u00fado escrito para Motorista.com.br","url":"https:\/\/motorista.com.br\/noticias\/author\/equiperedacao\/"}]}},"_links":{"self":[{"href":"https:\/\/motorista.com.br\/noticias\/wp-json\/wp\/v2\/posts\/14185","targetHints":{"allow":["GET"]}}],"collection":[{"href":"https:\/\/motorista.com.br\/noticias\/wp-json\/wp\/v2\/posts"}],"about":[{"href":"https:\/\/motorista.com.br\/noticias\/wp-json\/wp\/v2\/types\/post"}],"author":[{"embeddable":true,"href":"https:\/\/motorista.com.br\/noticias\/wp-json\/wp\/v2\/users\/4"}],"replies":[{"embeddable":true,"href":"https:\/\/motorista.com.br\/noticias\/wp-json\/wp\/v2\/comments?post=14185"}],"version-history":[{"count":0,"href":"https:\/\/motorista.com.br\/noticias\/wp-json\/wp\/v2\/posts\/14185\/revisions"}],"wp:featuredmedia":[{"embeddable":true,"href":"https:\/\/motorista.com.br\/noticias\/wp-json\/wp\/v2\/media\/14186"}],"wp:attachment":[{"href":"https:\/\/motorista.com.br\/noticias\/wp-json\/wp\/v2\/media?parent=14185"}],"wp:term":[{"taxonomy":"category","embeddable":true,"href":"https:\/\/motorista.com.br\/noticias\/wp-json\/wp\/v2\/categories?post=14185"},{"taxonomy":"post_tag","embeddable":true,"href":"https:\/\/motorista.com.br\/noticias\/wp-json\/wp\/v2\/tags?post=14185"},{"taxonomy":"author","embeddable":true,"href":"https:\/\/motorista.com.br\/noticias\/wp-json\/wp\/v2\/coauthors?post=14185"}],"curies":[{"name":"wp","href":"https:\/\/api.w.org\/{rel}","templated":true}]}}