{"id":14181,"date":"2026-09-01T03:04:59","date_gmt":"2026-09-01T06:04:59","guid":{"rendered":"https:\/\/motorista.com.br\/noticias\/2026\/09\/01\/conselheiros-do-ibl-marcam-presenca-no-lancamento-da-politica-biometrica\/"},"modified":"2026-09-01T03:04:59","modified_gmt":"2026-09-01T06:04:59","slug":"conselheiros-do-ibl-marcam-presenca-no-lancamento-da-politica-biometrica","status":"publish","type":"post","link":"https:\/\/motorista.com.br\/noticias\/2026\/09\/01\/conselheiros-do-ibl-marcam-presenca-no-lancamento-da-politica-biometrica\/","title":{"rendered":"Conselheiros do IBL marcam presen\u00e7a no lan\u00e7amento da Pol\u00edtica Biom\u00e9trica"},"content":{"rendered":"<p><\/p>\n<p>Conselheiros do IBL participam do lan\u00e7amento da Pol\u00edtica Nacional de Identifica\u00e7\u00e3o Biom\u00e9trica<\/p>\n<p>A Pol\u00edtica Nacional de Identifica\u00e7\u00e3o Biom\u00e9trica representa um passo significativo na evolu\u00e7\u00e3o do manejo de dados pessoais no Brasil, especialmente para os motoristas. Com a implementa\u00e7\u00e3o dessa pol\u00edtica, espera-se que haja uma melhora na seguran\u00e7a e na efici\u00eancia dos sistemas de tr\u00e2nsito, proporcionando uma mobilidade mais organizada e segura.<\/p>\n<h3>Objetivos e Impactos<\/h3>\n<p>Um dos principais objetivos dessa pol\u00edtica \u00e9 assegurar que o tratamento de dados, incluindo informa\u00e7\u00f5es biom\u00e9tricas, seja conduzido de maneira \u00e9tica e transparente. Essa abordagem n\u00e3o apenas busca proteger os direitos dos titulares dos dados, mas tamb\u00e9m cria um ambiente de confian\u00e7a, fundamental em uma sociedade que se torna cada vez mais digital. Para os motoristas, isso se traduz em processos mais r\u00e1pidos na verifica\u00e7\u00e3o de identidade, reduzindo filas e tempo de espera em documentos e servi\u00e7os relacionados ao tr\u00e2nsito.<\/p>\n<h3>Benef\u00edcios para a Mobilidade Geral<\/h3>\n<p>Ao centralizar informa\u00e7\u00f5es de identifica\u00e7\u00e3o, a Pol\u00edtica Nacional de Identifica\u00e7\u00e3o Biom\u00e9trica pode facilitar a integra\u00e7\u00e3o de dados entre diferentes \u00f3rg\u00e3os de tr\u00e2nsito e seguran\u00e7a p\u00fablica. Isso pode resultar em um monitoramento mais eficaz e na redu\u00e7\u00e3o de fraudes, como a falsifica\u00e7\u00e3o de carteiras de motorista. Como resultado, os motoristas poder\u00e3o contar com um sistema mais seguro e confi\u00e1vel, contribuindo para um tr\u00e1fico mais ordenado e reduzindo a incid\u00eancia de acidentes.<\/p>\n<p>Al\u00e9m disso, essa pol\u00edtica pode melhorar a an\u00e1lise de dados sobre mobilidade urbana, permitindo que as autoridades de tr\u00e2nsito desenvolvam solu\u00e7\u00f5es mais eficazes para os engarrafamentos e outros desafios log\u00edsticos nas cidades brasileiras. Com informa\u00e7\u00f5es mais precisas, ser\u00e1 poss\u00edvel planejar melhor as infraestruturas e criar pol\u00edticas p\u00fablicas que beneficiem n\u00e3o apenas os motoristas, mas toda a popula\u00e7\u00e3o.<\/p>\n<h3>Conclus\u00e3o<\/h3>\n<p>A participa\u00e7\u00e3o dos conselheiros do IBL no lan\u00e7amento dessa pol\u00edtica \u00e9 um indicativo do compromisso em promover n\u00e3o s\u00f3 a seguran\u00e7a do manejo de dados, mas tamb\u00e9m de contribuir para a mobilidade geral no pa\u00eds. Com a implementa\u00e7\u00e3o adequada das diretrizes apresentadas, \u00e9 poss\u00edvel que motoristas e cidad\u00e3os experimentem uma melhoria significativa na qualidade dos servi\u00e7os p\u00fablicos relacionados ao tr\u00e2nsito, promover\u00e3o um ambiente mais seguro e eficiente nas ruas e estradas do Brasil.<\/p>\n<p><strong>Fonte: ibl<\/strong><\/p>\n","protected":false},"excerpt":{"rendered":"<p>Conselheiros do IBL participam do lan\u00e7amento da Pol\u00edtica Nacional de Identifica\u00e7\u00e3o Biom\u00e9trica A Pol\u00edtica Nacional de Identifica\u00e7\u00e3o Biom\u00e9trica representa um passo significativo na evolu\u00e7\u00e3o do manejo de dados pessoais no Brasil, especialmente para os motoristas. Com a implementa\u00e7\u00e3o dessa pol\u00edtica, espera-se que haja uma melhora na seguran\u00e7a e na efici\u00eancia dos sistemas de tr\u00e2nsito, proporcionando &hellip;<\/p>\n","protected":false},"author":4,"featured_media":14182,"comment_status":"","ping_status":"open","sticky":false,"template":"","format":"standard","meta":{"footnotes":""},"categories":[62],"tags":[],"coauthors":[42],"class_list":["post-14181","post","type-post","status-publish","format-standard","has-post-thumbnail","hentry","category-logistica"],"yoast_head":"<!-- This site is optimized with the Yoast SEO Premium plugin v27.6.1 (Yoast SEO v28.3) - https:\/\/yoast.com\/product\/yoast-seo-premium-wordpress\/ -->\n<title>Conselheiros do IBL marcam presen\u00e7a no lan\u00e7amento da Pol\u00edtica Biom\u00e9trica - Motorista.com.br<\/title>\n<meta name=\"robots\" content=\"index, follow, max-snippet:-1, max-image-preview:large, max-video-preview:-1\" \/>\n<link rel=\"canonical\" href=\"https:\/\/motorista.com.br\/noticias\/2026\/09\/01\/conselheiros-do-ibl-marcam-presenca-no-lancamento-da-politica-biometrica\/\" \/>\n<meta property=\"og:locale\" content=\"pt_BR\" \/>\n<meta property=\"og:type\" content=\"article\" \/>\n<meta property=\"og:title\" content=\"Conselheiros do IBL marcam presen\u00e7a no lan\u00e7amento da Pol\u00edtica Biom\u00e9trica\" \/>\n<meta property=\"og:description\" content=\"Conselheiros do IBL participam do lan\u00e7amento da Pol\u00edtica Nacional de Identifica\u00e7\u00e3o Biom\u00e9trica A Pol\u00edtica Nacional de Identifica\u00e7\u00e3o Biom\u00e9trica representa um passo significativo na evolu\u00e7\u00e3o do manejo de dados pessoais no Brasil, especialmente para os motoristas. Com a implementa\u00e7\u00e3o dessa pol\u00edtica, espera-se que haja uma melhora na seguran\u00e7a e na efici\u00eancia dos sistemas de tr\u00e2nsito, proporcionando &hellip;\" \/>\n<meta property=\"og:url\" content=\"https:\/\/motorista.com.br\/noticias\/2026\/09\/01\/conselheiros-do-ibl-marcam-presenca-no-lancamento-da-politica-biometrica\/\" \/>\n<meta property=\"og:site_name\" content=\"Motorista.com.br\" \/>\n<meta property=\"article:published_time\" content=\"2026-09-01T06:04:59+00:00\" \/>\n<meta name=\"author\" content=\"Equipe Reda\u00e7\u00e3o\" \/>\n<meta name=\"twitter:card\" content=\"summary_large_image\" \/>\n<meta name=\"twitter:label1\" content=\"Escrito por\" \/>\n\t<meta name=\"twitter:data1\" content=\"Equipe Reda\u00e7\u00e3o\" \/>\n\t<meta name=\"twitter:label2\" content=\"Est. tempo de leitura\" \/>\n\t<meta name=\"twitter:data2\" content=\"2 minutos\" \/>\n\t<meta name=\"twitter:label3\" content=\"Written by\" \/>\n\t<meta name=\"twitter:data3\" content=\"Equipe Reda\u00e7\u00e3o\" \/>\n<script type=\"application\/ld+json\" class=\"yoast-schema-graph\">{\"@context\":\"https:\\\/\\\/schema.org\",\"@graph\":[{\"@type\":\"Article\",\"@id\":\"https:\\\/\\\/motorista.com.br\\\/noticias\\\/2026\\\/09\\\/01\\\/conselheiros-do-ibl-marcam-presenca-no-lancamento-da-politica-biometrica\\\/#article\",\"isPartOf\":{\"@id\":\"https:\\\/\\\/motorista.com.br\\\/noticias\\\/2026\\\/09\\\/01\\\/conselheiros-do-ibl-marcam-presenca-no-lancamento-da-politica-biometrica\\\/\"},\"author\":{\"name\":\"Equipe Reda\u00e7\u00e3o\",\"@id\":\"https:\\\/\\\/motorista.com.br\\\/noticias\\\/#\\\/schema\\\/person\\\/dc93afc2981c0e3ce6bc3c053fd847be\"},\"headline\":\"Conselheiros do IBL marcam presen\u00e7a no lan\u00e7amento da Pol\u00edtica Biom\u00e9trica\",\"datePublished\":\"2026-09-01T06:04:59+00:00\",\"mainEntityOfPage\":{\"@id\":\"https:\\\/\\\/motorista.com.br\\\/noticias\\\/2026\\\/09\\\/01\\\/conselheiros-do-ibl-marcam-presenca-no-lancamento-da-politica-biometrica\\\/\"},\"wordCount\":430,\"publisher\":{\"@id\":\"https:\\\/\\\/motorista.com.br\\\/noticias\\\/#organization\"},\"image\":{\"@id\":\"https:\\\/\\\/motorista.com.br\\\/noticias\\\/2026\\\/09\\\/01\\\/conselheiros-do-ibl-marcam-presenca-no-lancamento-da-politica-biometrica\\\/#primaryimage\"},\"thumbnailUrl\":\"https:\\\/\\\/motorista.com.br\\\/noticias\\\/wp-content\\\/uploads\\\/2026\\\/09\\\/WhatsApp-Image-2026-08-31-at-19.44.33.jpeg\",\"articleSection\":[\"Log\u00edstica\"],\"inLanguage\":\"pt-BR\"},{\"@type\":\"WebPage\",\"@id\":\"https:\\\/\\\/motorista.com.br\\\/noticias\\\/2026\\\/09\\\/01\\\/conselheiros-do-ibl-marcam-presenca-no-lancamento-da-politica-biometrica\\\/\",\"url\":\"https:\\\/\\\/motorista.com.br\\\/noticias\\\/2026\\\/09\\\/01\\\/conselheiros-do-ibl-marcam-presenca-no-lancamento-da-politica-biometrica\\\/\",\"name\":\"Conselheiros do IBL marcam presen\u00e7a no lan\u00e7amento da Pol\u00edtica Biom\u00e9trica - Motorista.com.br\",\"isPartOf\":{\"@id\":\"https:\\\/\\\/motorista.com.br\\\/noticias\\\/#website\"},\"primaryImageOfPage\":{\"@id\":\"https:\\\/\\\/motorista.com.br\\\/noticias\\\/2026\\\/09\\\/01\\\/conselheiros-do-ibl-marcam-presenca-no-lancamento-da-politica-biometrica\\\/#primaryimage\"},\"image\":{\"@id\":\"https:\\\/\\\/motorista.com.br\\\/noticias\\\/2026\\\/09\\\/01\\\/conselheiros-do-ibl-marcam-presenca-no-lancamento-da-politica-biometrica\\\/#primaryimage\"},\"thumbnailUrl\":\"https:\\\/\\\/motorista.com.br\\\/noticias\\\/wp-content\\\/uploads\\\/2026\\\/09\\\/WhatsApp-Image-2026-08-31-at-19.44.33.jpeg\",\"datePublished\":\"2026-09-01T06:04:59+00:00\",\"breadcrumb\":{\"@id\":\"https:\\\/\\\/motorista.com.br\\\/noticias\\\/2026\\\/09\\\/01\\\/conselheiros-do-ibl-marcam-presenca-no-lancamento-da-politica-biometrica\\\/#breadcrumb\"},\"inLanguage\":\"pt-BR\",\"potentialAction\":[{\"@type\":\"ReadAction\",\"target\":[\"https:\\\/\\\/motorista.com.br\\\/noticias\\\/2026\\\/09\\\/01\\\/conselheiros-do-ibl-marcam-presenca-no-lancamento-da-politica-biometrica\\\/\"]}]},{\"@type\":\"ImageObject\",\"inLanguage\":\"pt-BR\",\"@id\":\"https:\\\/\\\/motorista.com.br\\\/noticias\\\/2026\\\/09\\\/01\\\/conselheiros-do-ibl-marcam-presenca-no-lancamento-da-politica-biometrica\\\/#primaryimage\",\"url\":\"https:\\\/\\\/motorista.com.br\\\/noticias\\\/wp-content\\\/uploads\\\/2026\\\/09\\\/WhatsApp-Image-2026-08-31-at-19.44.33.jpeg\",\"contentUrl\":\"https:\\\/\\\/motorista.com.br\\\/noticias\\\/wp-content\\\/uploads\\\/2026\\\/09\\\/WhatsApp-Image-2026-08-31-at-19.44.33.jpeg\",\"width\":1600,\"height\":900},{\"@type\":\"BreadcrumbList\",\"@id\":\"https:\\\/\\\/motorista.com.br\\\/noticias\\\/2026\\\/09\\\/01\\\/conselheiros-do-ibl-marcam-presenca-no-lancamento-da-politica-biometrica\\\/#breadcrumb\",\"itemListElement\":[{\"@type\":\"ListItem\",\"position\":1,\"name\":\"In\u00edcio\",\"item\":\"https:\\\/\\\/motorista.com.br\\\/noticias\\\/\"},{\"@type\":\"ListItem\",\"position\":2,\"name\":\"Conselheiros do IBL marcam presen\u00e7a no lan\u00e7amento da Pol\u00edtica Biom\u00e9trica\"}]},{\"@type\":\"WebSite\",\"@id\":\"https:\\\/\\\/motorista.com.br\\\/noticias\\\/#website\",\"url\":\"https:\\\/\\\/motorista.com.br\\\/noticias\\\/\",\"name\":\"Motorista.com.br\",\"description\":\"Not\u00edcia do Motorista\",\"publisher\":{\"@id\":\"https:\\\/\\\/motorista.com.br\\\/noticias\\\/#organization\"},\"potentialAction\":[{\"@type\":\"SearchAction\",\"target\":{\"@type\":\"EntryPoint\",\"urlTemplate\":\"https:\\\/\\\/motorista.com.br\\\/noticias\\\/?s={search_term_string}\"},\"query-input\":{\"@type\":\"PropertyValueSpecification\",\"valueRequired\":true,\"valueName\":\"search_term_string\"}}],\"inLanguage\":\"pt-BR\"},{\"@type\":\"Organization\",\"@id\":\"https:\\\/\\\/motorista.com.br\\\/noticias\\\/#organization\",\"name\":\"Motorista.com.br\",\"url\":\"https:\\\/\\\/motorista.com.br\\\/noticias\\\/\",\"logo\":{\"@type\":\"ImageObject\",\"inLanguage\":\"pt-BR\",\"@id\":\"https:\\\/\\\/motorista.com.br\\\/noticias\\\/#\\\/schema\\\/logo\\\/image\\\/\",\"url\":\"https:\\\/\\\/motorista.com.br\\\/noticias\\\/wp-content\\\/uploads\\\/2025\\\/06\\\/Design-sem-nome-9.png\",\"contentUrl\":\"https:\\\/\\\/motorista.com.br\\\/noticias\\\/wp-content\\\/uploads\\\/2025\\\/06\\\/Design-sem-nome-9.png\",\"width\":150,\"height\":85,\"caption\":\"Motorista.com.br\"},\"image\":{\"@id\":\"https:\\\/\\\/motorista.com.br\\\/noticias\\\/#\\\/schema\\\/logo\\\/image\\\/\"}},{\"@type\":\"Person\",\"@id\":\"https:\\\/\\\/motorista.com.br\\\/noticias\\\/#\\\/schema\\\/person\\\/dc93afc2981c0e3ce6bc3c053fd847be\",\"name\":\"Equipe Reda\u00e7\u00e3o\",\"image\":{\"@type\":\"ImageObject\",\"inLanguage\":\"pt-BR\",\"@id\":\"https:\\\/\\\/secure.gravatar.com\\\/avatar\\\/4f525efbf18dd2bb300ccad28bfb99d95a9465a5ba268407c8c37b37e1f28d2d?s=96&d=mm&r=g9e099043a0c61e9ae27e293b9fa75ffc\",\"url\":\"https:\\\/\\\/secure.gravatar.com\\\/avatar\\\/4f525efbf18dd2bb300ccad28bfb99d95a9465a5ba268407c8c37b37e1f28d2d?s=96&d=mm&r=g\",\"contentUrl\":\"https:\\\/\\\/secure.gravatar.com\\\/avatar\\\/4f525efbf18dd2bb300ccad28bfb99d95a9465a5ba268407c8c37b37e1f28d2d?s=96&d=mm&r=g\",\"caption\":\"Equipe Reda\u00e7\u00e3o\"},\"description\":\"Equipe de reda\u00e7\u00e3o \u00e9 um grupo de profissionais que trabalham juntos para criar conte\u00fado escrito para Motorista.com.br\",\"url\":\"https:\\\/\\\/motorista.com.br\\\/noticias\\\/author\\\/equiperedacao\\\/\"}]}<\/script>\n<!-- \/ Yoast SEO Premium plugin. -->","yoast_head_json":{"title":"Conselheiros do IBL marcam presen\u00e7a no lan\u00e7amento da Pol\u00edtica Biom\u00e9trica - Motorista.com.br","robots":{"index":"index","follow":"follow","max-snippet":"max-snippet:-1","max-image-preview":"max-image-preview:large","max-video-preview":"max-video-preview:-1"},"canonical":"https:\/\/motorista.com.br\/noticias\/2026\/09\/01\/conselheiros-do-ibl-marcam-presenca-no-lancamento-da-politica-biometrica\/","og_locale":"pt_BR","og_type":"article","og_title":"Conselheiros do IBL marcam presen\u00e7a no lan\u00e7amento da Pol\u00edtica Biom\u00e9trica","og_description":"Conselheiros do IBL participam do lan\u00e7amento da Pol\u00edtica Nacional de Identifica\u00e7\u00e3o Biom\u00e9trica A Pol\u00edtica Nacional de Identifica\u00e7\u00e3o Biom\u00e9trica representa um passo significativo na evolu\u00e7\u00e3o do manejo de dados pessoais no Brasil, especialmente para os motoristas. Com a implementa\u00e7\u00e3o dessa pol\u00edtica, espera-se que haja uma melhora na seguran\u00e7a e na efici\u00eancia dos sistemas de tr\u00e2nsito, proporcionando &hellip;","og_url":"https:\/\/motorista.com.br\/noticias\/2026\/09\/01\/conselheiros-do-ibl-marcam-presenca-no-lancamento-da-politica-biometrica\/","og_site_name":"Motorista.com.br","article_published_time":"2026-09-01T06:04:59+00:00","author":"Equipe Reda\u00e7\u00e3o","twitter_card":"summary_large_image","twitter_misc":{"Escrito por":"Equipe Reda\u00e7\u00e3o","Est. tempo de leitura":"2 minutos","Written by":"Equipe Reda\u00e7\u00e3o"},"schema":{"@context":"https:\/\/schema.org","@graph":[{"@type":"Article","@id":"https:\/\/motorista.com.br\/noticias\/2026\/09\/01\/conselheiros-do-ibl-marcam-presenca-no-lancamento-da-politica-biometrica\/#article","isPartOf":{"@id":"https:\/\/motorista.com.br\/noticias\/2026\/09\/01\/conselheiros-do-ibl-marcam-presenca-no-lancamento-da-politica-biometrica\/"},"author":{"name":"Equipe Reda\u00e7\u00e3o","@id":"https:\/\/motorista.com.br\/noticias\/#\/schema\/person\/dc93afc2981c0e3ce6bc3c053fd847be"},"headline":"Conselheiros do IBL marcam presen\u00e7a no lan\u00e7amento da Pol\u00edtica Biom\u00e9trica","datePublished":"2026-09-01T06:04:59+00:00","mainEntityOfPage":{"@id":"https:\/\/motorista.com.br\/noticias\/2026\/09\/01\/conselheiros-do-ibl-marcam-presenca-no-lancamento-da-politica-biometrica\/"},"wordCount":430,"publisher":{"@id":"https:\/\/motorista.com.br\/noticias\/#organization"},"image":{"@id":"https:\/\/motorista.com.br\/noticias\/2026\/09\/01\/conselheiros-do-ibl-marcam-presenca-no-lancamento-da-politica-biometrica\/#primaryimage"},"thumbnailUrl":"https:\/\/motorista.com.br\/noticias\/wp-content\/uploads\/2026\/09\/WhatsApp-Image-2026-08-31-at-19.44.33.jpeg","articleSection":["Log\u00edstica"],"inLanguage":"pt-BR"},{"@type":"WebPage","@id":"https:\/\/motorista.com.br\/noticias\/2026\/09\/01\/conselheiros-do-ibl-marcam-presenca-no-lancamento-da-politica-biometrica\/","url":"https:\/\/motorista.com.br\/noticias\/2026\/09\/01\/conselheiros-do-ibl-marcam-presenca-no-lancamento-da-politica-biometrica\/","name":"Conselheiros do IBL marcam presen\u00e7a no lan\u00e7amento da Pol\u00edtica Biom\u00e9trica - Motorista.com.br","isPartOf":{"@id":"https:\/\/motorista.com.br\/noticias\/#website"},"primaryImageOfPage":{"@id":"https:\/\/motorista.com.br\/noticias\/2026\/09\/01\/conselheiros-do-ibl-marcam-presenca-no-lancamento-da-politica-biometrica\/#primaryimage"},"image":{"@id":"https:\/\/motorista.com.br\/noticias\/2026\/09\/01\/conselheiros-do-ibl-marcam-presenca-no-lancamento-da-politica-biometrica\/#primaryimage"},"thumbnailUrl":"https:\/\/motorista.com.br\/noticias\/wp-content\/uploads\/2026\/09\/WhatsApp-Image-2026-08-31-at-19.44.33.jpeg","datePublished":"2026-09-01T06:04:59+00:00","breadcrumb":{"@id":"https:\/\/motorista.com.br\/noticias\/2026\/09\/01\/conselheiros-do-ibl-marcam-presenca-no-lancamento-da-politica-biometrica\/#breadcrumb"},"inLanguage":"pt-BR","potentialAction":[{"@type":"ReadAction","target":["https:\/\/motorista.com.br\/noticias\/2026\/09\/01\/conselheiros-do-ibl-marcam-presenca-no-lancamento-da-politica-biometrica\/"]}]},{"@type":"ImageObject","inLanguage":"pt-BR","@id":"https:\/\/motorista.com.br\/noticias\/2026\/09\/01\/conselheiros-do-ibl-marcam-presenca-no-lancamento-da-politica-biometrica\/#primaryimage","url":"https:\/\/motorista.com.br\/noticias\/wp-content\/uploads\/2026\/09\/WhatsApp-Image-2026-08-31-at-19.44.33.jpeg","contentUrl":"https:\/\/motorista.com.br\/noticias\/wp-content\/uploads\/2026\/09\/WhatsApp-Image-2026-08-31-at-19.44.33.jpeg","width":1600,"height":900},{"@type":"BreadcrumbList","@id":"https:\/\/motorista.com.br\/noticias\/2026\/09\/01\/conselheiros-do-ibl-marcam-presenca-no-lancamento-da-politica-biometrica\/#breadcrumb","itemListElement":[{"@type":"ListItem","position":1,"name":"In\u00edcio","item":"https:\/\/motorista.com.br\/noticias\/"},{"@type":"ListItem","position":2,"name":"Conselheiros do IBL marcam presen\u00e7a no lan\u00e7amento da Pol\u00edtica Biom\u00e9trica"}]},{"@type":"WebSite","@id":"https:\/\/motorista.com.br\/noticias\/#website","url":"https:\/\/motorista.com.br\/noticias\/","name":"Motorista.com.br","description":"Not\u00edcia do Motorista","publisher":{"@id":"https:\/\/motorista.com.br\/noticias\/#organization"},"potentialAction":[{"@type":"SearchAction","target":{"@type":"EntryPoint","urlTemplate":"https:\/\/motorista.com.br\/noticias\/?s={search_term_string}"},"query-input":{"@type":"PropertyValueSpecification","valueRequired":true,"valueName":"search_term_string"}}],"inLanguage":"pt-BR"},{"@type":"Organization","@id":"https:\/\/motorista.com.br\/noticias\/#organization","name":"Motorista.com.br","url":"https:\/\/motorista.com.br\/noticias\/","logo":{"@type":"ImageObject","inLanguage":"pt-BR","@id":"https:\/\/motorista.com.br\/noticias\/#\/schema\/logo\/image\/","url":"https:\/\/motorista.com.br\/noticias\/wp-content\/uploads\/2025\/06\/Design-sem-nome-9.png","contentUrl":"https:\/\/motorista.com.br\/noticias\/wp-content\/uploads\/2025\/06\/Design-sem-nome-9.png","width":150,"height":85,"caption":"Motorista.com.br"},"image":{"@id":"https:\/\/motorista.com.br\/noticias\/#\/schema\/logo\/image\/"}},{"@type":"Person","@id":"https:\/\/motorista.com.br\/noticias\/#\/schema\/person\/dc93afc2981c0e3ce6bc3c053fd847be","name":"Equipe Reda\u00e7\u00e3o","image":{"@type":"ImageObject","inLanguage":"pt-BR","@id":"https:\/\/secure.gravatar.com\/avatar\/4f525efbf18dd2bb300ccad28bfb99d95a9465a5ba268407c8c37b37e1f28d2d?s=96&d=mm&r=g9e099043a0c61e9ae27e293b9fa75ffc","url":"https:\/\/secure.gravatar.com\/avatar\/4f525efbf18dd2bb300ccad28bfb99d95a9465a5ba268407c8c37b37e1f28d2d?s=96&d=mm&r=g","contentUrl":"https:\/\/secure.gravatar.com\/avatar\/4f525efbf18dd2bb300ccad28bfb99d95a9465a5ba268407c8c37b37e1f28d2d?s=96&d=mm&r=g","caption":"Equipe Reda\u00e7\u00e3o"},"description":"Equipe de reda\u00e7\u00e3o \u00e9 um grupo de profissionais que trabalham juntos para criar conte\u00fado escrito para Motorista.com.br","url":"https:\/\/motorista.com.br\/noticias\/author\/equiperedacao\/"}]}},"_links":{"self":[{"href":"https:\/\/motorista.com.br\/noticias\/wp-json\/wp\/v2\/posts\/14181","targetHints":{"allow":["GET"]}}],"collection":[{"href":"https:\/\/motorista.com.br\/noticias\/wp-json\/wp\/v2\/posts"}],"about":[{"href":"https:\/\/motorista.com.br\/noticias\/wp-json\/wp\/v2\/types\/post"}],"author":[{"embeddable":true,"href":"https:\/\/motorista.com.br\/noticias\/wp-json\/wp\/v2\/users\/4"}],"replies":[{"embeddable":true,"href":"https:\/\/motorista.com.br\/noticias\/wp-json\/wp\/v2\/comments?post=14181"}],"version-history":[{"count":0,"href":"https:\/\/motorista.com.br\/noticias\/wp-json\/wp\/v2\/posts\/14181\/revisions"}],"wp:featuredmedia":[{"embeddable":true,"href":"https:\/\/motorista.com.br\/noticias\/wp-json\/wp\/v2\/media\/14182"}],"wp:attachment":[{"href":"https:\/\/motorista.com.br\/noticias\/wp-json\/wp\/v2\/media?parent=14181"}],"wp:term":[{"taxonomy":"category","embeddable":true,"href":"https:\/\/motorista.com.br\/noticias\/wp-json\/wp\/v2\/categories?post=14181"},{"taxonomy":"post_tag","embeddable":true,"href":"https:\/\/motorista.com.br\/noticias\/wp-json\/wp\/v2\/tags?post=14181"},{"taxonomy":"author","embeddable":true,"href":"https:\/\/motorista.com.br\/noticias\/wp-json\/wp\/v2\/coauthors?post=14181"}],"curies":[{"name":"wp","href":"https:\/\/api.w.org\/{rel}","templated":true}]}}