{"id":14179,"date":"2026-09-01T01:29:39","date_gmt":"2026-09-01T04:29:39","guid":{"rendered":"https:\/\/motorista.com.br\/noticias\/2026\/09\/01\/em-ouro-preto-intersindical-discute-regulacao-e-eleicoes-de-2026-com-lideres-do-trc\/"},"modified":"2026-09-01T01:29:39","modified_gmt":"2026-09-01T04:29:39","slug":"em-ouro-preto-intersindical-discute-regulacao-e-eleicoes-de-2026-com-lideres-do-trc","status":"publish","type":"post","link":"https:\/\/motorista.com.br\/noticias\/2026\/09\/01\/em-ouro-preto-intersindical-discute-regulacao-e-eleicoes-de-2026-com-lideres-do-trc\/","title":{"rendered":"Em Ouro Preto, Intersindical discute regula\u00e7\u00e3o e elei\u00e7\u00f5es de 2026 com l\u00edderes do TRC."},"content":{"rendered":"<p><\/p>\n<h3>Em Ouro Preto: Intersindical Agrupa Lideran\u00e7as do TRC para Debater Regula\u00e7\u00e3o, Reforma Tribut\u00e1ria e Elei\u00e7\u00f5es de 2026<\/h3>\n<p>Recentemente, a Associa\u00e7\u00e3o Nacional do Transporte de Cargas e Log\u00edstica (NTC&amp;Log\u00edstica) promoveu a reuni\u00e3o Intersindical em Ouro Preto, Minas Gerais, que reuniu mais de 400 participantes, incluindo presidentes de federa\u00e7\u00f5es, sindicatos, autoridades e especialistas. O evento ressaltou a import\u00e2ncia de discutir diretrizes institucionais e regulat\u00f3rias que afetam o Transporte Rodovi\u00e1rio de Cargas (TRC) e a mobilidade geral no Brasil.<\/p>\n<p>A organiza\u00e7\u00e3o, que foi anfitri\u00e3 do CONET&amp;Intersindical 2026, abordou quest\u00f5es que v\u00e3o desde a reforma tribut\u00e1ria at\u00e9 os impactos do novo cen\u00e1rio geopol\u00edtico mundial sobre a log\u00edstica. O presidente da NTC&amp;Log\u00edstica, Eduardo Rebuzzi, destacou que a entidade cumpre um papel crucial ao fornecer informa\u00e7\u00f5es e an\u00e1lises que auxiliam na tomada de decis\u00e3o dos empres\u00e1rios, especialmente em tempos de incertezas econ\u00f4micas.<\/p>\n<h3>Impactos da Reforma Tribut\u00e1ria e Regula\u00e7\u00e3o<\/h3>\n<p>Durante o evento, a reforma tribut\u00e1ria foi um dos principais t\u00f3picos discutidos. Experts enfatizaram que a nova legisla\u00e7\u00e3o n\u00e3o s\u00f3 afetar\u00e1 as finan\u00e7as das empresas, mas tamb\u00e9m a estrutura da mobilidade e a efici\u00eancia do transporte no pa\u00eds. Reduzir a carga tribut\u00e1ria pode ser um passo significativo para melhorar as condi\u00e7\u00f5es do setor, resultando em fretes mais acess\u00edveis.<\/p>\n<p>Essa mudan\u00e7a, se bem implementada, pode reverberar positivamente na economia, levando a uma redu\u00e7\u00e3o nos pre\u00e7os dos produtos para o consumidor final, o que tamb\u00e9m melhora a mobilidade geral, j\u00e1 que um sistema eficiente e menos oneroso facilita o escoamento de mercadorias.<\/p>\n<h3>Conceitos de Geopol\u00edtica e suas Implica\u00e7\u00f5es<\/h3>\n<p>A palestra inaugural sobre o &quot;Novo Cen\u00e1rio Geopol\u00edtico Mundial&quot;, ministrada pelo analista pol\u00edtico Marcelo Suano, destacou a import\u00e2ncia de entender como decis\u00f5es internacionais podem impactar o nosso setor. A conex\u00e3o entre tarifas, san\u00e7\u00f5es e custos de transporte foi uma das quest\u00f5es levantadas. Os motoristas e transportadoras precisam estar preparados para otimizar suas opera\u00e7\u00f5es diante desses desafios geopol\u00edticos.<\/p>\n<p>A adapta\u00e7\u00e3o \u00e1gil \u00e0s mudan\u00e7as mundiais se torna essencial para garantir a competitividade das empresas brasileiras de transporte, oferecendo um servi\u00e7o mais r\u00e1pido e confi\u00e1vel. Isso n\u00e3o apenas beneficia as empresas, mas tamb\u00e9m melhora a experi\u00eancia para o consumidor, refletindo na satisfa\u00e7\u00e3o geral da mobilidade.<\/p>\n<h3>A Import\u00e2ncia do Di\u00e1logo e da A\u00e7\u00e3o Conjunta<\/h3>\n<p>Um ponto central das discuss\u00f5es foi a import\u00e2ncia do di\u00e1logo entre as entidades do setor e as institui\u00e7\u00f5es governamentais. A colabora\u00e7\u00e3o m\u00fatua pode resultar em regulamenta\u00e7\u00f5es mais justas e que atendam \u00e0s necessidades do setor, tornando o transporte mais seguro e eficiente. A presen\u00e7a de vozes unificadas pode gerar um impacto significativo nas pol\u00edticas p\u00fablicas que abrangem o TRC.<\/p>\n<h3>Conclus\u00e3o<\/h3>\n<p>A Intersindical em Ouro Preto destacou n\u00e3o apenas os desafios que o Transporte Rodovi\u00e1rio de Cargas enfrenta, mas tamb\u00e9m as oportunidades para melhorias estrat\u00e9gicas no setor. A continuidade do di\u00e1logo entre os diversos atores do setor, focando em reformas que promovam a efici\u00eancia e a regula\u00e7\u00e3o adequada, poder\u00e1 ter um impacto positivo na mobilidade no Brasil, beneficiando motoristas, empresas e, por fim, os consumidores.<\/p>\n<p>A uni\u00e3o de esfor\u00e7os em busca de melhores condi\u00e7\u00f5es de trabalho e de opera\u00e7\u00e3o poder\u00e1 transformar o cen\u00e1rio log\u00edstico do Brasil, tornando-o mais competitivo e eficiente. A pr\u00f3xima edi\u00e7\u00e3o do CONET&amp;Intersindical j\u00e1 est\u00e1 agendada, e promete ser mais uma oportunidade para fortalecer os la\u00e7os e discutir o futuro do transporte no pa\u00eds.<\/p>\n<p><strong>Fonte: setcesp<\/strong><\/p>\n","protected":false},"excerpt":{"rendered":"<p>Em Ouro Preto: Intersindical Agrupa Lideran\u00e7as do TRC para Debater Regula\u00e7\u00e3o, Reforma Tribut\u00e1ria e Elei\u00e7\u00f5es de 2026 Recentemente, a Associa\u00e7\u00e3o Nacional do Transporte de Cargas e Log\u00edstica (NTC&amp;Log\u00edstica) promoveu a reuni\u00e3o Intersindical em Ouro Preto, Minas Gerais, que reuniu mais de 400 participantes, incluindo presidentes de federa\u00e7\u00f5es, sindicatos, autoridades e especialistas. O evento ressaltou a &hellip;<\/p>\n","protected":false},"author":4,"featured_media":14180,"comment_status":"","ping_status":"open","sticky":false,"template":"","format":"standard","meta":{"footnotes":""},"categories":[62],"tags":[],"coauthors":[42],"class_list":["post-14179","post","type-post","status-publish","format-standard","has-post-thumbnail","hentry","category-logistica"],"yoast_head":"<!-- This site is optimized with the Yoast SEO Premium plugin v27.6.1 (Yoast SEO v28.3) - https:\/\/yoast.com\/product\/yoast-seo-premium-wordpress\/ -->\n<title>Em Ouro Preto, Intersindical discute regula\u00e7\u00e3o e elei\u00e7\u00f5es de 2026 com l\u00edderes do TRC. - Motorista.com.br<\/title>\n<meta name=\"robots\" content=\"index, follow, max-snippet:-1, max-image-preview:large, max-video-preview:-1\" \/>\n<link rel=\"canonical\" href=\"https:\/\/motorista.com.br\/noticias\/2026\/09\/01\/em-ouro-preto-intersindical-discute-regulacao-e-eleicoes-de-2026-com-lideres-do-trc\/\" \/>\n<meta property=\"og:locale\" content=\"pt_BR\" \/>\n<meta property=\"og:type\" content=\"article\" \/>\n<meta property=\"og:title\" content=\"Em Ouro Preto, Intersindical discute regula\u00e7\u00e3o e elei\u00e7\u00f5es de 2026 com l\u00edderes do TRC.\" \/>\n<meta property=\"og:description\" content=\"Em Ouro Preto: Intersindical Agrupa Lideran\u00e7as do TRC para Debater Regula\u00e7\u00e3o, Reforma Tribut\u00e1ria e Elei\u00e7\u00f5es de 2026 Recentemente, a Associa\u00e7\u00e3o Nacional do Transporte de Cargas e Log\u00edstica (NTC&amp;Log\u00edstica) promoveu a reuni\u00e3o Intersindical em Ouro Preto, Minas Gerais, que reuniu mais de 400 participantes, incluindo presidentes de federa\u00e7\u00f5es, sindicatos, autoridades e especialistas. O evento ressaltou a &hellip;\" \/>\n<meta property=\"og:url\" content=\"https:\/\/motorista.com.br\/noticias\/2026\/09\/01\/em-ouro-preto-intersindical-discute-regulacao-e-eleicoes-de-2026-com-lideres-do-trc\/\" \/>\n<meta property=\"og:site_name\" content=\"Motorista.com.br\" \/>\n<meta property=\"article:published_time\" content=\"2026-09-01T04:29:39+00:00\" \/>\n<meta name=\"author\" content=\"Equipe Reda\u00e7\u00e3o\" \/>\n<meta name=\"twitter:card\" content=\"summary_large_image\" \/>\n<meta name=\"twitter:label1\" content=\"Escrito por\" \/>\n\t<meta name=\"twitter:data1\" content=\"Equipe Reda\u00e7\u00e3o\" \/>\n\t<meta name=\"twitter:label2\" content=\"Est. tempo de leitura\" \/>\n\t<meta name=\"twitter:data2\" content=\"3 minutos\" \/>\n\t<meta name=\"twitter:label3\" content=\"Written by\" \/>\n\t<meta name=\"twitter:data3\" content=\"Equipe Reda\u00e7\u00e3o\" \/>\n<script type=\"application\/ld+json\" class=\"yoast-schema-graph\">{\"@context\":\"https:\\\/\\\/schema.org\",\"@graph\":[{\"@type\":\"Article\",\"@id\":\"https:\\\/\\\/motorista.com.br\\\/noticias\\\/2026\\\/09\\\/01\\\/em-ouro-preto-intersindical-discute-regulacao-e-eleicoes-de-2026-com-lideres-do-trc\\\/#article\",\"isPartOf\":{\"@id\":\"https:\\\/\\\/motorista.com.br\\\/noticias\\\/2026\\\/09\\\/01\\\/em-ouro-preto-intersindical-discute-regulacao-e-eleicoes-de-2026-com-lideres-do-trc\\\/\"},\"author\":{\"name\":\"Equipe Reda\u00e7\u00e3o\",\"@id\":\"https:\\\/\\\/motorista.com.br\\\/noticias\\\/#\\\/schema\\\/person\\\/dc93afc2981c0e3ce6bc3c053fd847be\"},\"headline\":\"Em Ouro Preto, Intersindical discute regula\u00e7\u00e3o e elei\u00e7\u00f5es de 2026 com l\u00edderes do TRC.\",\"datePublished\":\"2026-09-01T04:29:39+00:00\",\"mainEntityOfPage\":{\"@id\":\"https:\\\/\\\/motorista.com.br\\\/noticias\\\/2026\\\/09\\\/01\\\/em-ouro-preto-intersindical-discute-regulacao-e-eleicoes-de-2026-com-lideres-do-trc\\\/\"},\"wordCount\":653,\"publisher\":{\"@id\":\"https:\\\/\\\/motorista.com.br\\\/noticias\\\/#organization\"},\"image\":{\"@id\":\"https:\\\/\\\/motorista.com.br\\\/noticias\\\/2026\\\/09\\\/01\\\/em-ouro-preto-intersindical-discute-regulacao-e-eleicoes-de-2026-com-lideres-do-trc\\\/#primaryimage\"},\"thumbnailUrl\":\"https:\\\/\\\/motorista.com.br\\\/noticias\\\/wp-content\\\/uploads\\\/2026\\\/09\\\/010901.png\",\"articleSection\":[\"Log\u00edstica\"],\"inLanguage\":\"pt-BR\"},{\"@type\":\"WebPage\",\"@id\":\"https:\\\/\\\/motorista.com.br\\\/noticias\\\/2026\\\/09\\\/01\\\/em-ouro-preto-intersindical-discute-regulacao-e-eleicoes-de-2026-com-lideres-do-trc\\\/\",\"url\":\"https:\\\/\\\/motorista.com.br\\\/noticias\\\/2026\\\/09\\\/01\\\/em-ouro-preto-intersindical-discute-regulacao-e-eleicoes-de-2026-com-lideres-do-trc\\\/\",\"name\":\"Em Ouro Preto, Intersindical discute regula\u00e7\u00e3o e elei\u00e7\u00f5es de 2026 com l\u00edderes do TRC. - Motorista.com.br\",\"isPartOf\":{\"@id\":\"https:\\\/\\\/motorista.com.br\\\/noticias\\\/#website\"},\"primaryImageOfPage\":{\"@id\":\"https:\\\/\\\/motorista.com.br\\\/noticias\\\/2026\\\/09\\\/01\\\/em-ouro-preto-intersindical-discute-regulacao-e-eleicoes-de-2026-com-lideres-do-trc\\\/#primaryimage\"},\"image\":{\"@id\":\"https:\\\/\\\/motorista.com.br\\\/noticias\\\/2026\\\/09\\\/01\\\/em-ouro-preto-intersindical-discute-regulacao-e-eleicoes-de-2026-com-lideres-do-trc\\\/#primaryimage\"},\"thumbnailUrl\":\"https:\\\/\\\/motorista.com.br\\\/noticias\\\/wp-content\\\/uploads\\\/2026\\\/09\\\/010901.png\",\"datePublished\":\"2026-09-01T04:29:39+00:00\",\"breadcrumb\":{\"@id\":\"https:\\\/\\\/motorista.com.br\\\/noticias\\\/2026\\\/09\\\/01\\\/em-ouro-preto-intersindical-discute-regulacao-e-eleicoes-de-2026-com-lideres-do-trc\\\/#breadcrumb\"},\"inLanguage\":\"pt-BR\",\"potentialAction\":[{\"@type\":\"ReadAction\",\"target\":[\"https:\\\/\\\/motorista.com.br\\\/noticias\\\/2026\\\/09\\\/01\\\/em-ouro-preto-intersindical-discute-regulacao-e-eleicoes-de-2026-com-lideres-do-trc\\\/\"]}]},{\"@type\":\"ImageObject\",\"inLanguage\":\"pt-BR\",\"@id\":\"https:\\\/\\\/motorista.com.br\\\/noticias\\\/2026\\\/09\\\/01\\\/em-ouro-preto-intersindical-discute-regulacao-e-eleicoes-de-2026-com-lideres-do-trc\\\/#primaryimage\",\"url\":\"https:\\\/\\\/motorista.com.br\\\/noticias\\\/wp-content\\\/uploads\\\/2026\\\/09\\\/010901.png\",\"contentUrl\":\"https:\\\/\\\/motorista.com.br\\\/noticias\\\/wp-content\\\/uploads\\\/2026\\\/09\\\/010901.png\",\"width\":1400,\"height\":700},{\"@type\":\"BreadcrumbList\",\"@id\":\"https:\\\/\\\/motorista.com.br\\\/noticias\\\/2026\\\/09\\\/01\\\/em-ouro-preto-intersindical-discute-regulacao-e-eleicoes-de-2026-com-lideres-do-trc\\\/#breadcrumb\",\"itemListElement\":[{\"@type\":\"ListItem\",\"position\":1,\"name\":\"In\u00edcio\",\"item\":\"https:\\\/\\\/motorista.com.br\\\/noticias\\\/\"},{\"@type\":\"ListItem\",\"position\":2,\"name\":\"Em Ouro Preto, Intersindical discute regula\u00e7\u00e3o e elei\u00e7\u00f5es de 2026 com l\u00edderes do TRC.\"}]},{\"@type\":\"WebSite\",\"@id\":\"https:\\\/\\\/motorista.com.br\\\/noticias\\\/#website\",\"url\":\"https:\\\/\\\/motorista.com.br\\\/noticias\\\/\",\"name\":\"Motorista.com.br\",\"description\":\"Not\u00edcia do Motorista\",\"publisher\":{\"@id\":\"https:\\\/\\\/motorista.com.br\\\/noticias\\\/#organization\"},\"potentialAction\":[{\"@type\":\"SearchAction\",\"target\":{\"@type\":\"EntryPoint\",\"urlTemplate\":\"https:\\\/\\\/motorista.com.br\\\/noticias\\\/?s={search_term_string}\"},\"query-input\":{\"@type\":\"PropertyValueSpecification\",\"valueRequired\":true,\"valueName\":\"search_term_string\"}}],\"inLanguage\":\"pt-BR\"},{\"@type\":\"Organization\",\"@id\":\"https:\\\/\\\/motorista.com.br\\\/noticias\\\/#organization\",\"name\":\"Motorista.com.br\",\"url\":\"https:\\\/\\\/motorista.com.br\\\/noticias\\\/\",\"logo\":{\"@type\":\"ImageObject\",\"inLanguage\":\"pt-BR\",\"@id\":\"https:\\\/\\\/motorista.com.br\\\/noticias\\\/#\\\/schema\\\/logo\\\/image\\\/\",\"url\":\"https:\\\/\\\/motorista.com.br\\\/noticias\\\/wp-content\\\/uploads\\\/2025\\\/06\\\/Design-sem-nome-9.png\",\"contentUrl\":\"https:\\\/\\\/motorista.com.br\\\/noticias\\\/wp-content\\\/uploads\\\/2025\\\/06\\\/Design-sem-nome-9.png\",\"width\":150,\"height\":85,\"caption\":\"Motorista.com.br\"},\"image\":{\"@id\":\"https:\\\/\\\/motorista.com.br\\\/noticias\\\/#\\\/schema\\\/logo\\\/image\\\/\"}},{\"@type\":\"Person\",\"@id\":\"https:\\\/\\\/motorista.com.br\\\/noticias\\\/#\\\/schema\\\/person\\\/dc93afc2981c0e3ce6bc3c053fd847be\",\"name\":\"Equipe Reda\u00e7\u00e3o\",\"image\":{\"@type\":\"ImageObject\",\"inLanguage\":\"pt-BR\",\"@id\":\"https:\\\/\\\/secure.gravatar.com\\\/avatar\\\/4f525efbf18dd2bb300ccad28bfb99d95a9465a5ba268407c8c37b37e1f28d2d?s=96&d=mm&r=g9e099043a0c61e9ae27e293b9fa75ffc\",\"url\":\"https:\\\/\\\/secure.gravatar.com\\\/avatar\\\/4f525efbf18dd2bb300ccad28bfb99d95a9465a5ba268407c8c37b37e1f28d2d?s=96&d=mm&r=g\",\"contentUrl\":\"https:\\\/\\\/secure.gravatar.com\\\/avatar\\\/4f525efbf18dd2bb300ccad28bfb99d95a9465a5ba268407c8c37b37e1f28d2d?s=96&d=mm&r=g\",\"caption\":\"Equipe Reda\u00e7\u00e3o\"},\"description\":\"Equipe de reda\u00e7\u00e3o \u00e9 um grupo de profissionais que trabalham juntos para criar conte\u00fado escrito para Motorista.com.br\",\"url\":\"https:\\\/\\\/motorista.com.br\\\/noticias\\\/author\\\/equiperedacao\\\/\"}]}<\/script>\n<!-- \/ Yoast SEO Premium plugin. -->","yoast_head_json":{"title":"Em Ouro Preto, Intersindical discute regula\u00e7\u00e3o e elei\u00e7\u00f5es de 2026 com l\u00edderes do TRC. - Motorista.com.br","robots":{"index":"index","follow":"follow","max-snippet":"max-snippet:-1","max-image-preview":"max-image-preview:large","max-video-preview":"max-video-preview:-1"},"canonical":"https:\/\/motorista.com.br\/noticias\/2026\/09\/01\/em-ouro-preto-intersindical-discute-regulacao-e-eleicoes-de-2026-com-lideres-do-trc\/","og_locale":"pt_BR","og_type":"article","og_title":"Em Ouro Preto, Intersindical discute regula\u00e7\u00e3o e elei\u00e7\u00f5es de 2026 com l\u00edderes do TRC.","og_description":"Em Ouro Preto: Intersindical Agrupa Lideran\u00e7as do TRC para Debater Regula\u00e7\u00e3o, Reforma Tribut\u00e1ria e Elei\u00e7\u00f5es de 2026 Recentemente, a Associa\u00e7\u00e3o Nacional do Transporte de Cargas e Log\u00edstica (NTC&amp;Log\u00edstica) promoveu a reuni\u00e3o Intersindical em Ouro Preto, Minas Gerais, que reuniu mais de 400 participantes, incluindo presidentes de federa\u00e7\u00f5es, sindicatos, autoridades e especialistas. O evento ressaltou a &hellip;","og_url":"https:\/\/motorista.com.br\/noticias\/2026\/09\/01\/em-ouro-preto-intersindical-discute-regulacao-e-eleicoes-de-2026-com-lideres-do-trc\/","og_site_name":"Motorista.com.br","article_published_time":"2026-09-01T04:29:39+00:00","author":"Equipe Reda\u00e7\u00e3o","twitter_card":"summary_large_image","twitter_misc":{"Escrito por":"Equipe Reda\u00e7\u00e3o","Est. tempo de leitura":"3 minutos","Written by":"Equipe Reda\u00e7\u00e3o"},"schema":{"@context":"https:\/\/schema.org","@graph":[{"@type":"Article","@id":"https:\/\/motorista.com.br\/noticias\/2026\/09\/01\/em-ouro-preto-intersindical-discute-regulacao-e-eleicoes-de-2026-com-lideres-do-trc\/#article","isPartOf":{"@id":"https:\/\/motorista.com.br\/noticias\/2026\/09\/01\/em-ouro-preto-intersindical-discute-regulacao-e-eleicoes-de-2026-com-lideres-do-trc\/"},"author":{"name":"Equipe Reda\u00e7\u00e3o","@id":"https:\/\/motorista.com.br\/noticias\/#\/schema\/person\/dc93afc2981c0e3ce6bc3c053fd847be"},"headline":"Em Ouro Preto, Intersindical discute regula\u00e7\u00e3o e elei\u00e7\u00f5es de 2026 com l\u00edderes do TRC.","datePublished":"2026-09-01T04:29:39+00:00","mainEntityOfPage":{"@id":"https:\/\/motorista.com.br\/noticias\/2026\/09\/01\/em-ouro-preto-intersindical-discute-regulacao-e-eleicoes-de-2026-com-lideres-do-trc\/"},"wordCount":653,"publisher":{"@id":"https:\/\/motorista.com.br\/noticias\/#organization"},"image":{"@id":"https:\/\/motorista.com.br\/noticias\/2026\/09\/01\/em-ouro-preto-intersindical-discute-regulacao-e-eleicoes-de-2026-com-lideres-do-trc\/#primaryimage"},"thumbnailUrl":"https:\/\/motorista.com.br\/noticias\/wp-content\/uploads\/2026\/09\/010901.png","articleSection":["Log\u00edstica"],"inLanguage":"pt-BR"},{"@type":"WebPage","@id":"https:\/\/motorista.com.br\/noticias\/2026\/09\/01\/em-ouro-preto-intersindical-discute-regulacao-e-eleicoes-de-2026-com-lideres-do-trc\/","url":"https:\/\/motorista.com.br\/noticias\/2026\/09\/01\/em-ouro-preto-intersindical-discute-regulacao-e-eleicoes-de-2026-com-lideres-do-trc\/","name":"Em Ouro Preto, Intersindical discute regula\u00e7\u00e3o e elei\u00e7\u00f5es de 2026 com l\u00edderes do TRC. - Motorista.com.br","isPartOf":{"@id":"https:\/\/motorista.com.br\/noticias\/#website"},"primaryImageOfPage":{"@id":"https:\/\/motorista.com.br\/noticias\/2026\/09\/01\/em-ouro-preto-intersindical-discute-regulacao-e-eleicoes-de-2026-com-lideres-do-trc\/#primaryimage"},"image":{"@id":"https:\/\/motorista.com.br\/noticias\/2026\/09\/01\/em-ouro-preto-intersindical-discute-regulacao-e-eleicoes-de-2026-com-lideres-do-trc\/#primaryimage"},"thumbnailUrl":"https:\/\/motorista.com.br\/noticias\/wp-content\/uploads\/2026\/09\/010901.png","datePublished":"2026-09-01T04:29:39+00:00","breadcrumb":{"@id":"https:\/\/motorista.com.br\/noticias\/2026\/09\/01\/em-ouro-preto-intersindical-discute-regulacao-e-eleicoes-de-2026-com-lideres-do-trc\/#breadcrumb"},"inLanguage":"pt-BR","potentialAction":[{"@type":"ReadAction","target":["https:\/\/motorista.com.br\/noticias\/2026\/09\/01\/em-ouro-preto-intersindical-discute-regulacao-e-eleicoes-de-2026-com-lideres-do-trc\/"]}]},{"@type":"ImageObject","inLanguage":"pt-BR","@id":"https:\/\/motorista.com.br\/noticias\/2026\/09\/01\/em-ouro-preto-intersindical-discute-regulacao-e-eleicoes-de-2026-com-lideres-do-trc\/#primaryimage","url":"https:\/\/motorista.com.br\/noticias\/wp-content\/uploads\/2026\/09\/010901.png","contentUrl":"https:\/\/motorista.com.br\/noticias\/wp-content\/uploads\/2026\/09\/010901.png","width":1400,"height":700},{"@type":"BreadcrumbList","@id":"https:\/\/motorista.com.br\/noticias\/2026\/09\/01\/em-ouro-preto-intersindical-discute-regulacao-e-eleicoes-de-2026-com-lideres-do-trc\/#breadcrumb","itemListElement":[{"@type":"ListItem","position":1,"name":"In\u00edcio","item":"https:\/\/motorista.com.br\/noticias\/"},{"@type":"ListItem","position":2,"name":"Em Ouro Preto, Intersindical discute regula\u00e7\u00e3o e elei\u00e7\u00f5es de 2026 com l\u00edderes do TRC."}]},{"@type":"WebSite","@id":"https:\/\/motorista.com.br\/noticias\/#website","url":"https:\/\/motorista.com.br\/noticias\/","name":"Motorista.com.br","description":"Not\u00edcia do Motorista","publisher":{"@id":"https:\/\/motorista.com.br\/noticias\/#organization"},"potentialAction":[{"@type":"SearchAction","target":{"@type":"EntryPoint","urlTemplate":"https:\/\/motorista.com.br\/noticias\/?s={search_term_string}"},"query-input":{"@type":"PropertyValueSpecification","valueRequired":true,"valueName":"search_term_string"}}],"inLanguage":"pt-BR"},{"@type":"Organization","@id":"https:\/\/motorista.com.br\/noticias\/#organization","name":"Motorista.com.br","url":"https:\/\/motorista.com.br\/noticias\/","logo":{"@type":"ImageObject","inLanguage":"pt-BR","@id":"https:\/\/motorista.com.br\/noticias\/#\/schema\/logo\/image\/","url":"https:\/\/motorista.com.br\/noticias\/wp-content\/uploads\/2025\/06\/Design-sem-nome-9.png","contentUrl":"https:\/\/motorista.com.br\/noticias\/wp-content\/uploads\/2025\/06\/Design-sem-nome-9.png","width":150,"height":85,"caption":"Motorista.com.br"},"image":{"@id":"https:\/\/motorista.com.br\/noticias\/#\/schema\/logo\/image\/"}},{"@type":"Person","@id":"https:\/\/motorista.com.br\/noticias\/#\/schema\/person\/dc93afc2981c0e3ce6bc3c053fd847be","name":"Equipe Reda\u00e7\u00e3o","image":{"@type":"ImageObject","inLanguage":"pt-BR","@id":"https:\/\/secure.gravatar.com\/avatar\/4f525efbf18dd2bb300ccad28bfb99d95a9465a5ba268407c8c37b37e1f28d2d?s=96&d=mm&r=g9e099043a0c61e9ae27e293b9fa75ffc","url":"https:\/\/secure.gravatar.com\/avatar\/4f525efbf18dd2bb300ccad28bfb99d95a9465a5ba268407c8c37b37e1f28d2d?s=96&d=mm&r=g","contentUrl":"https:\/\/secure.gravatar.com\/avatar\/4f525efbf18dd2bb300ccad28bfb99d95a9465a5ba268407c8c37b37e1f28d2d?s=96&d=mm&r=g","caption":"Equipe Reda\u00e7\u00e3o"},"description":"Equipe de reda\u00e7\u00e3o \u00e9 um grupo de profissionais que trabalham juntos para criar conte\u00fado escrito para Motorista.com.br","url":"https:\/\/motorista.com.br\/noticias\/author\/equiperedacao\/"}]}},"_links":{"self":[{"href":"https:\/\/motorista.com.br\/noticias\/wp-json\/wp\/v2\/posts\/14179","targetHints":{"allow":["GET"]}}],"collection":[{"href":"https:\/\/motorista.com.br\/noticias\/wp-json\/wp\/v2\/posts"}],"about":[{"href":"https:\/\/motorista.com.br\/noticias\/wp-json\/wp\/v2\/types\/post"}],"author":[{"embeddable":true,"href":"https:\/\/motorista.com.br\/noticias\/wp-json\/wp\/v2\/users\/4"}],"replies":[{"embeddable":true,"href":"https:\/\/motorista.com.br\/noticias\/wp-json\/wp\/v2\/comments?post=14179"}],"version-history":[{"count":0,"href":"https:\/\/motorista.com.br\/noticias\/wp-json\/wp\/v2\/posts\/14179\/revisions"}],"wp:featuredmedia":[{"embeddable":true,"href":"https:\/\/motorista.com.br\/noticias\/wp-json\/wp\/v2\/media\/14180"}],"wp:attachment":[{"href":"https:\/\/motorista.com.br\/noticias\/wp-json\/wp\/v2\/media?parent=14179"}],"wp:term":[{"taxonomy":"category","embeddable":true,"href":"https:\/\/motorista.com.br\/noticias\/wp-json\/wp\/v2\/categories?post=14179"},{"taxonomy":"post_tag","embeddable":true,"href":"https:\/\/motorista.com.br\/noticias\/wp-json\/wp\/v2\/tags?post=14179"},{"taxonomy":"author","embeddable":true,"href":"https:\/\/motorista.com.br\/noticias\/wp-json\/wp\/v2\/coauthors?post=14179"}],"curies":[{"name":"wp","href":"https:\/\/api.w.org\/{rel}","templated":true}]}}