{"id":14175,"date":"2026-08-31T23:23:50","date_gmt":"2026-09-01T02:23:50","guid":{"rendered":"https:\/\/motorista.com.br\/noticias\/2026\/08\/31\/eua-fecha-270-escolas-de-caminhoneiros-em-acao-nacional\/"},"modified":"2026-08-31T23:23:50","modified_gmt":"2026-09-01T02:23:50","slug":"eua-fecha-270-escolas-de-caminhoneiros-em-acao-nacional","status":"publish","type":"post","link":"https:\/\/motorista.com.br\/noticias\/2026\/08\/31\/eua-fecha-270-escolas-de-caminhoneiros-em-acao-nacional\/","title":{"rendered":"EUA fecha 270 escolas de caminhoneiros em a\u00e7\u00e3o nacional."},"content":{"rendered":"<p><\/p>\n<div>\n<p class=\"wp-block-paragraph\">O Departamento de Transporte dos EUA anunciou o fechamento de <strong>270 escolas de condu\u00e7\u00e3o de caminh\u00f5es<\/strong> como parte de uma a\u00e7\u00e3o federal para combater programas de treinamento que n\u00e3o atendem aos requisitos para motoristas comerciais. A medida foi revelada na segunda-feira pelo Secret\u00e1rio de Transporte Sean Duffy, acompanhado por representantes do Departamento de Seguran\u00e7a Interna e do Departamento de Justi\u00e7a.<\/p>\n<p class=\"wp-block-paragraph\">Dos fechamentos, <strong>110 escolas foram ordenadas a fechar por supostas viola\u00e7\u00f5es de profici\u00eancia em ingl\u00eas<\/strong>, enquanto outras 160 foram citadas por problemas relacionados ao espa\u00e7o de treinamento ou instrutores n\u00e3o devidamente licenciados.<\/p>\n<p class=\"wp-block-paragraph\">Duffy mencionou que o primeiro grupo de institui\u00e7\u00f5es representava cerca de <strong>5.000 viola\u00e7\u00f5es de licen\u00e7as de motoristas comerciais<\/strong> ligadas \u00e0 profici\u00eancia em ingl\u00eas. Regras federais exigem que motoristas comerciais entendam sinais de tr\u00e2nsito, se comuniquem com o p\u00fablico e respondam a perguntas oficiais em ingl\u00eas, fatores essenciais para a seguran\u00e7a nas estradas.<\/p>\n<p class=\"wp-block-paragraph\">A Administra\u00e7\u00e3o Federal de Seguran\u00e7a de Transporte Rodovi\u00e1rio tamb\u00e9m est\u00e1 colaborando com as Investiga\u00e7\u00f5es de Seguran\u00e7a Interna em uma revis\u00e3o nacional dos avaliadores de habilidades de CDL. O Administrador da FMCSA, Derek Barrs, revelou que quase <strong>30.000 motoristas foram afastados devido a problemas de profici\u00eancia em ingl\u00eas<\/strong>.<\/p>\n<p class=\"wp-block-paragraph\">A investiga\u00e7\u00e3o federal n\u00e3o se limita apenas \u00e0s escolas de condu\u00e7\u00e3o. Funcion\u00e1rios da Seguran\u00e7a Interna identificaram cerca de <strong>1.000 casos suspeitos de fraude<\/strong> envolvendo funcion\u00e1rios de departamentos de ve\u00edculos motorizados estaduais, incluindo alega\u00e7\u00f5es de que alguns ajudaram motoristas a contornar requisitos federais.<\/p>\n<p class=\"wp-block-paragraph\">Essa a\u00e7\u00e3o de fiscaliza\u00e7\u00e3o mais rigorosa seguiu uma ordem executiva de 2025 que instru\u00eda o Departamento de Transporte a fortalecer requisitos de profici\u00eancia em ingl\u00eas para operadores de ve\u00edculos comerciais e revisar a forma como os estados emitem CDLs para motoristas estrangeiros. Em um evento em julho de 2026, o Presidente Donald Trump afirmou que mais de <strong>24.000 motoristas haviam sido removidos das estradas<\/strong> e mais de <strong>28.000 CDLs n\u00e3o domiciliados tinham sido cancelados<\/strong> sob essa pol\u00edtica.<\/p>\n<p class=\"wp-block-paragraph\">A Associa\u00e7\u00e3o de Motoristas Independentes apoiou a a\u00e7\u00e3o de fiscaliza\u00e7\u00e3o e pediu ao Congresso a ado\u00e7\u00e3o de legisla\u00e7\u00e3o que mantenha padr\u00f5es mais rigorosos de treinamento e linguagem para CDLs.<\/p>\n<p class=\"wp-block-paragraph\">Esse endurecimento nas normas acontece em um momento em que a ind\u00fastria de caminh\u00f5es dos EUA enfrenta press\u00e3o em rela\u00e7\u00e3o \u00e0 disponibilidade de motoristas. A Associa\u00e7\u00e3o Americana de Caminh\u00f5es estima uma escassez de cerca de <strong>82.000 motoristas<\/strong>, enquanto proje\u00e7\u00f5es federais indicam que o emprego para motoristas pesados e de longa dist\u00e2ncia deve aumentar at\u00e9 2034.<\/p>\n<p class=\"wp-block-paragraph\">Os impactos dessa a\u00e7\u00e3o s\u00e3o significativos para os motoristas e para a mobilidade geral. O fechamento dessas escolas poder\u00e1 restringir o acesso \u00e0 forma\u00e7\u00e3o adequada, afetando a entrada de novos motoristas qualificados no mercado. Por outro lado, a busca por padr\u00f5es mais altos de treinamento e profici\u00eancia lingu\u00edstica visa garantir que os motoristas compreendam as regras de tr\u00e2nsito e se comuniquem de forma eficaz, contribuindo para a seguran\u00e7a nas estradas e uma mobilidade mais eficiente. Um compromisso pela qualidade na forma\u00e7\u00e3o dos motoristas n\u00e3o apenas melhora a seguran\u00e7a, mas tamb\u00e9m pode ajudar a mitigar a escassez de motoristas reconhecendo a import\u00e2ncia de treinamento adequado e rigoroso.<\/p>\n<\/div>\n<p>Fonte: brasildotrecho<\/p>\n","protected":false},"excerpt":{"rendered":"<p>O Departamento de Transporte dos EUA anunciou o fechamento de 270 escolas de condu\u00e7\u00e3o de caminh\u00f5es como parte de uma a\u00e7\u00e3o federal para combater programas de treinamento que n\u00e3o atendem aos requisitos para motoristas comerciais. A medida foi revelada na segunda-feira pelo Secret\u00e1rio de Transporte Sean Duffy, acompanhado por representantes do Departamento de Seguran\u00e7a Interna &hellip;<\/p>\n","protected":false},"author":4,"featured_media":14176,"comment_status":"","ping_status":"open","sticky":false,"template":"","format":"standard","meta":{"footnotes":""},"categories":[77],"tags":[],"coauthors":[42],"class_list":["post-14175","post","type-post","status-publish","format-standard","has-post-thumbnail","hentry","category-motorista"],"yoast_head":"<!-- This site is optimized with the Yoast SEO Premium plugin v27.6.1 (Yoast SEO v28.3) - https:\/\/yoast.com\/product\/yoast-seo-premium-wordpress\/ -->\n<title>EUA fecha 270 escolas de caminhoneiros em a\u00e7\u00e3o nacional. - Motorista.com.br<\/title>\n<meta name=\"robots\" content=\"index, follow, max-snippet:-1, max-image-preview:large, max-video-preview:-1\" \/>\n<link rel=\"canonical\" href=\"https:\/\/motorista.com.br\/noticias\/2026\/08\/31\/eua-fecha-270-escolas-de-caminhoneiros-em-acao-nacional\/\" \/>\n<meta property=\"og:locale\" content=\"pt_BR\" \/>\n<meta property=\"og:type\" content=\"article\" \/>\n<meta property=\"og:title\" content=\"EUA fecha 270 escolas de caminhoneiros em a\u00e7\u00e3o nacional.\" \/>\n<meta property=\"og:description\" content=\"O Departamento de Transporte dos EUA anunciou o fechamento de 270 escolas de condu\u00e7\u00e3o de caminh\u00f5es como parte de uma a\u00e7\u00e3o federal para combater programas de treinamento que n\u00e3o atendem aos requisitos para motoristas comerciais. A medida foi revelada na segunda-feira pelo Secret\u00e1rio de Transporte Sean Duffy, acompanhado por representantes do Departamento de Seguran\u00e7a Interna &hellip;\" \/>\n<meta property=\"og:url\" content=\"https:\/\/motorista.com.br\/noticias\/2026\/08\/31\/eua-fecha-270-escolas-de-caminhoneiros-em-acao-nacional\/\" \/>\n<meta property=\"og:site_name\" content=\"Motorista.com.br\" \/>\n<meta property=\"article:published_time\" content=\"2026-09-01T02:23:50+00:00\" \/>\n<meta name=\"author\" content=\"Equipe Reda\u00e7\u00e3o\" \/>\n<meta name=\"twitter:card\" content=\"summary_large_image\" \/>\n<meta name=\"twitter:label1\" content=\"Escrito por\" \/>\n\t<meta name=\"twitter:data1\" content=\"Equipe Reda\u00e7\u00e3o\" \/>\n\t<meta name=\"twitter:label2\" content=\"Est. tempo de leitura\" \/>\n\t<meta name=\"twitter:data2\" content=\"3 minutos\" \/>\n\t<meta name=\"twitter:label3\" content=\"Written by\" \/>\n\t<meta name=\"twitter:data3\" content=\"Equipe Reda\u00e7\u00e3o\" \/>\n<script type=\"application\/ld+json\" class=\"yoast-schema-graph\">{\"@context\":\"https:\\\/\\\/schema.org\",\"@graph\":[{\"@type\":\"Article\",\"@id\":\"https:\\\/\\\/motorista.com.br\\\/noticias\\\/2026\\\/08\\\/31\\\/eua-fecha-270-escolas-de-caminhoneiros-em-acao-nacional\\\/#article\",\"isPartOf\":{\"@id\":\"https:\\\/\\\/motorista.com.br\\\/noticias\\\/2026\\\/08\\\/31\\\/eua-fecha-270-escolas-de-caminhoneiros-em-acao-nacional\\\/\"},\"author\":{\"name\":\"Equipe Reda\u00e7\u00e3o\",\"@id\":\"https:\\\/\\\/motorista.com.br\\\/noticias\\\/#\\\/schema\\\/person\\\/dc93afc2981c0e3ce6bc3c053fd847be\"},\"headline\":\"EUA fecha 270 escolas de caminhoneiros em a\u00e7\u00e3o nacional.\",\"datePublished\":\"2026-09-01T02:23:50+00:00\",\"mainEntityOfPage\":{\"@id\":\"https:\\\/\\\/motorista.com.br\\\/noticias\\\/2026\\\/08\\\/31\\\/eua-fecha-270-escolas-de-caminhoneiros-em-acao-nacional\\\/\"},\"wordCount\":569,\"publisher\":{\"@id\":\"https:\\\/\\\/motorista.com.br\\\/noticias\\\/#organization\"},\"image\":{\"@id\":\"https:\\\/\\\/motorista.com.br\\\/noticias\\\/2026\\\/08\\\/31\\\/eua-fecha-270-escolas-de-caminhoneiros-em-acao-nacional\\\/#primaryimage\"},\"thumbnailUrl\":\"https:\\\/\\\/motorista.com.br\\\/noticias\\\/wp-content\\\/uploads\\\/2026\\\/08\\\/Como-trabalhar-legalmente-nos-Estados-Unidos-na-profissao-que-voce-ja-atua-no-Brasil.jpg\",\"articleSection\":[\"Motorista\"],\"inLanguage\":\"pt-BR\"},{\"@type\":\"WebPage\",\"@id\":\"https:\\\/\\\/motorista.com.br\\\/noticias\\\/2026\\\/08\\\/31\\\/eua-fecha-270-escolas-de-caminhoneiros-em-acao-nacional\\\/\",\"url\":\"https:\\\/\\\/motorista.com.br\\\/noticias\\\/2026\\\/08\\\/31\\\/eua-fecha-270-escolas-de-caminhoneiros-em-acao-nacional\\\/\",\"name\":\"EUA fecha 270 escolas de caminhoneiros em a\u00e7\u00e3o nacional. - Motorista.com.br\",\"isPartOf\":{\"@id\":\"https:\\\/\\\/motorista.com.br\\\/noticias\\\/#website\"},\"primaryImageOfPage\":{\"@id\":\"https:\\\/\\\/motorista.com.br\\\/noticias\\\/2026\\\/08\\\/31\\\/eua-fecha-270-escolas-de-caminhoneiros-em-acao-nacional\\\/#primaryimage\"},\"image\":{\"@id\":\"https:\\\/\\\/motorista.com.br\\\/noticias\\\/2026\\\/08\\\/31\\\/eua-fecha-270-escolas-de-caminhoneiros-em-acao-nacional\\\/#primaryimage\"},\"thumbnailUrl\":\"https:\\\/\\\/motorista.com.br\\\/noticias\\\/wp-content\\\/uploads\\\/2026\\\/08\\\/Como-trabalhar-legalmente-nos-Estados-Unidos-na-profissao-que-voce-ja-atua-no-Brasil.jpg\",\"datePublished\":\"2026-09-01T02:23:50+00:00\",\"breadcrumb\":{\"@id\":\"https:\\\/\\\/motorista.com.br\\\/noticias\\\/2026\\\/08\\\/31\\\/eua-fecha-270-escolas-de-caminhoneiros-em-acao-nacional\\\/#breadcrumb\"},\"inLanguage\":\"pt-BR\",\"potentialAction\":[{\"@type\":\"ReadAction\",\"target\":[\"https:\\\/\\\/motorista.com.br\\\/noticias\\\/2026\\\/08\\\/31\\\/eua-fecha-270-escolas-de-caminhoneiros-em-acao-nacional\\\/\"]}]},{\"@type\":\"ImageObject\",\"inLanguage\":\"pt-BR\",\"@id\":\"https:\\\/\\\/motorista.com.br\\\/noticias\\\/2026\\\/08\\\/31\\\/eua-fecha-270-escolas-de-caminhoneiros-em-acao-nacional\\\/#primaryimage\",\"url\":\"https:\\\/\\\/motorista.com.br\\\/noticias\\\/wp-content\\\/uploads\\\/2026\\\/08\\\/Como-trabalhar-legalmente-nos-Estados-Unidos-na-profissao-que-voce-ja-atua-no-Brasil.jpg\",\"contentUrl\":\"https:\\\/\\\/motorista.com.br\\\/noticias\\\/wp-content\\\/uploads\\\/2026\\\/08\\\/Como-trabalhar-legalmente-nos-Estados-Unidos-na-profissao-que-voce-ja-atua-no-Brasil.jpg\",\"width\":1280,\"height\":720},{\"@type\":\"BreadcrumbList\",\"@id\":\"https:\\\/\\\/motorista.com.br\\\/noticias\\\/2026\\\/08\\\/31\\\/eua-fecha-270-escolas-de-caminhoneiros-em-acao-nacional\\\/#breadcrumb\",\"itemListElement\":[{\"@type\":\"ListItem\",\"position\":1,\"name\":\"In\u00edcio\",\"item\":\"https:\\\/\\\/motorista.com.br\\\/noticias\\\/\"},{\"@type\":\"ListItem\",\"position\":2,\"name\":\"EUA fecha 270 escolas de caminhoneiros em a\u00e7\u00e3o nacional.\"}]},{\"@type\":\"WebSite\",\"@id\":\"https:\\\/\\\/motorista.com.br\\\/noticias\\\/#website\",\"url\":\"https:\\\/\\\/motorista.com.br\\\/noticias\\\/\",\"name\":\"Motorista.com.br\",\"description\":\"Not\u00edcia do Motorista\",\"publisher\":{\"@id\":\"https:\\\/\\\/motorista.com.br\\\/noticias\\\/#organization\"},\"potentialAction\":[{\"@type\":\"SearchAction\",\"target\":{\"@type\":\"EntryPoint\",\"urlTemplate\":\"https:\\\/\\\/motorista.com.br\\\/noticias\\\/?s={search_term_string}\"},\"query-input\":{\"@type\":\"PropertyValueSpecification\",\"valueRequired\":true,\"valueName\":\"search_term_string\"}}],\"inLanguage\":\"pt-BR\"},{\"@type\":\"Organization\",\"@id\":\"https:\\\/\\\/motorista.com.br\\\/noticias\\\/#organization\",\"name\":\"Motorista.com.br\",\"url\":\"https:\\\/\\\/motorista.com.br\\\/noticias\\\/\",\"logo\":{\"@type\":\"ImageObject\",\"inLanguage\":\"pt-BR\",\"@id\":\"https:\\\/\\\/motorista.com.br\\\/noticias\\\/#\\\/schema\\\/logo\\\/image\\\/\",\"url\":\"https:\\\/\\\/motorista.com.br\\\/noticias\\\/wp-content\\\/uploads\\\/2025\\\/06\\\/Design-sem-nome-9.png\",\"contentUrl\":\"https:\\\/\\\/motorista.com.br\\\/noticias\\\/wp-content\\\/uploads\\\/2025\\\/06\\\/Design-sem-nome-9.png\",\"width\":150,\"height\":85,\"caption\":\"Motorista.com.br\"},\"image\":{\"@id\":\"https:\\\/\\\/motorista.com.br\\\/noticias\\\/#\\\/schema\\\/logo\\\/image\\\/\"}},{\"@type\":\"Person\",\"@id\":\"https:\\\/\\\/motorista.com.br\\\/noticias\\\/#\\\/schema\\\/person\\\/dc93afc2981c0e3ce6bc3c053fd847be\",\"name\":\"Equipe Reda\u00e7\u00e3o\",\"image\":{\"@type\":\"ImageObject\",\"inLanguage\":\"pt-BR\",\"@id\":\"https:\\\/\\\/secure.gravatar.com\\\/avatar\\\/4f525efbf18dd2bb300ccad28bfb99d95a9465a5ba268407c8c37b37e1f28d2d?s=96&d=mm&r=g9e099043a0c61e9ae27e293b9fa75ffc\",\"url\":\"https:\\\/\\\/secure.gravatar.com\\\/avatar\\\/4f525efbf18dd2bb300ccad28bfb99d95a9465a5ba268407c8c37b37e1f28d2d?s=96&d=mm&r=g\",\"contentUrl\":\"https:\\\/\\\/secure.gravatar.com\\\/avatar\\\/4f525efbf18dd2bb300ccad28bfb99d95a9465a5ba268407c8c37b37e1f28d2d?s=96&d=mm&r=g\",\"caption\":\"Equipe Reda\u00e7\u00e3o\"},\"description\":\"Equipe de reda\u00e7\u00e3o \u00e9 um grupo de profissionais que trabalham juntos para criar conte\u00fado escrito para Motorista.com.br\",\"url\":\"https:\\\/\\\/motorista.com.br\\\/noticias\\\/author\\\/equiperedacao\\\/\"}]}<\/script>\n<!-- \/ Yoast SEO Premium plugin. -->","yoast_head_json":{"title":"EUA fecha 270 escolas de caminhoneiros em a\u00e7\u00e3o nacional. - Motorista.com.br","robots":{"index":"index","follow":"follow","max-snippet":"max-snippet:-1","max-image-preview":"max-image-preview:large","max-video-preview":"max-video-preview:-1"},"canonical":"https:\/\/motorista.com.br\/noticias\/2026\/08\/31\/eua-fecha-270-escolas-de-caminhoneiros-em-acao-nacional\/","og_locale":"pt_BR","og_type":"article","og_title":"EUA fecha 270 escolas de caminhoneiros em a\u00e7\u00e3o nacional.","og_description":"O Departamento de Transporte dos EUA anunciou o fechamento de 270 escolas de condu\u00e7\u00e3o de caminh\u00f5es como parte de uma a\u00e7\u00e3o federal para combater programas de treinamento que n\u00e3o atendem aos requisitos para motoristas comerciais. A medida foi revelada na segunda-feira pelo Secret\u00e1rio de Transporte Sean Duffy, acompanhado por representantes do Departamento de Seguran\u00e7a Interna &hellip;","og_url":"https:\/\/motorista.com.br\/noticias\/2026\/08\/31\/eua-fecha-270-escolas-de-caminhoneiros-em-acao-nacional\/","og_site_name":"Motorista.com.br","article_published_time":"2026-09-01T02:23:50+00:00","author":"Equipe Reda\u00e7\u00e3o","twitter_card":"summary_large_image","twitter_misc":{"Escrito por":"Equipe Reda\u00e7\u00e3o","Est. tempo de leitura":"3 minutos","Written by":"Equipe Reda\u00e7\u00e3o"},"schema":{"@context":"https:\/\/schema.org","@graph":[{"@type":"Article","@id":"https:\/\/motorista.com.br\/noticias\/2026\/08\/31\/eua-fecha-270-escolas-de-caminhoneiros-em-acao-nacional\/#article","isPartOf":{"@id":"https:\/\/motorista.com.br\/noticias\/2026\/08\/31\/eua-fecha-270-escolas-de-caminhoneiros-em-acao-nacional\/"},"author":{"name":"Equipe Reda\u00e7\u00e3o","@id":"https:\/\/motorista.com.br\/noticias\/#\/schema\/person\/dc93afc2981c0e3ce6bc3c053fd847be"},"headline":"EUA fecha 270 escolas de caminhoneiros em a\u00e7\u00e3o nacional.","datePublished":"2026-09-01T02:23:50+00:00","mainEntityOfPage":{"@id":"https:\/\/motorista.com.br\/noticias\/2026\/08\/31\/eua-fecha-270-escolas-de-caminhoneiros-em-acao-nacional\/"},"wordCount":569,"publisher":{"@id":"https:\/\/motorista.com.br\/noticias\/#organization"},"image":{"@id":"https:\/\/motorista.com.br\/noticias\/2026\/08\/31\/eua-fecha-270-escolas-de-caminhoneiros-em-acao-nacional\/#primaryimage"},"thumbnailUrl":"https:\/\/motorista.com.br\/noticias\/wp-content\/uploads\/2026\/08\/Como-trabalhar-legalmente-nos-Estados-Unidos-na-profissao-que-voce-ja-atua-no-Brasil.jpg","articleSection":["Motorista"],"inLanguage":"pt-BR"},{"@type":"WebPage","@id":"https:\/\/motorista.com.br\/noticias\/2026\/08\/31\/eua-fecha-270-escolas-de-caminhoneiros-em-acao-nacional\/","url":"https:\/\/motorista.com.br\/noticias\/2026\/08\/31\/eua-fecha-270-escolas-de-caminhoneiros-em-acao-nacional\/","name":"EUA fecha 270 escolas de caminhoneiros em a\u00e7\u00e3o nacional. - Motorista.com.br","isPartOf":{"@id":"https:\/\/motorista.com.br\/noticias\/#website"},"primaryImageOfPage":{"@id":"https:\/\/motorista.com.br\/noticias\/2026\/08\/31\/eua-fecha-270-escolas-de-caminhoneiros-em-acao-nacional\/#primaryimage"},"image":{"@id":"https:\/\/motorista.com.br\/noticias\/2026\/08\/31\/eua-fecha-270-escolas-de-caminhoneiros-em-acao-nacional\/#primaryimage"},"thumbnailUrl":"https:\/\/motorista.com.br\/noticias\/wp-content\/uploads\/2026\/08\/Como-trabalhar-legalmente-nos-Estados-Unidos-na-profissao-que-voce-ja-atua-no-Brasil.jpg","datePublished":"2026-09-01T02:23:50+00:00","breadcrumb":{"@id":"https:\/\/motorista.com.br\/noticias\/2026\/08\/31\/eua-fecha-270-escolas-de-caminhoneiros-em-acao-nacional\/#breadcrumb"},"inLanguage":"pt-BR","potentialAction":[{"@type":"ReadAction","target":["https:\/\/motorista.com.br\/noticias\/2026\/08\/31\/eua-fecha-270-escolas-de-caminhoneiros-em-acao-nacional\/"]}]},{"@type":"ImageObject","inLanguage":"pt-BR","@id":"https:\/\/motorista.com.br\/noticias\/2026\/08\/31\/eua-fecha-270-escolas-de-caminhoneiros-em-acao-nacional\/#primaryimage","url":"https:\/\/motorista.com.br\/noticias\/wp-content\/uploads\/2026\/08\/Como-trabalhar-legalmente-nos-Estados-Unidos-na-profissao-que-voce-ja-atua-no-Brasil.jpg","contentUrl":"https:\/\/motorista.com.br\/noticias\/wp-content\/uploads\/2026\/08\/Como-trabalhar-legalmente-nos-Estados-Unidos-na-profissao-que-voce-ja-atua-no-Brasil.jpg","width":1280,"height":720},{"@type":"BreadcrumbList","@id":"https:\/\/motorista.com.br\/noticias\/2026\/08\/31\/eua-fecha-270-escolas-de-caminhoneiros-em-acao-nacional\/#breadcrumb","itemListElement":[{"@type":"ListItem","position":1,"name":"In\u00edcio","item":"https:\/\/motorista.com.br\/noticias\/"},{"@type":"ListItem","position":2,"name":"EUA fecha 270 escolas de caminhoneiros em a\u00e7\u00e3o nacional."}]},{"@type":"WebSite","@id":"https:\/\/motorista.com.br\/noticias\/#website","url":"https:\/\/motorista.com.br\/noticias\/","name":"Motorista.com.br","description":"Not\u00edcia do Motorista","publisher":{"@id":"https:\/\/motorista.com.br\/noticias\/#organization"},"potentialAction":[{"@type":"SearchAction","target":{"@type":"EntryPoint","urlTemplate":"https:\/\/motorista.com.br\/noticias\/?s={search_term_string}"},"query-input":{"@type":"PropertyValueSpecification","valueRequired":true,"valueName":"search_term_string"}}],"inLanguage":"pt-BR"},{"@type":"Organization","@id":"https:\/\/motorista.com.br\/noticias\/#organization","name":"Motorista.com.br","url":"https:\/\/motorista.com.br\/noticias\/","logo":{"@type":"ImageObject","inLanguage":"pt-BR","@id":"https:\/\/motorista.com.br\/noticias\/#\/schema\/logo\/image\/","url":"https:\/\/motorista.com.br\/noticias\/wp-content\/uploads\/2025\/06\/Design-sem-nome-9.png","contentUrl":"https:\/\/motorista.com.br\/noticias\/wp-content\/uploads\/2025\/06\/Design-sem-nome-9.png","width":150,"height":85,"caption":"Motorista.com.br"},"image":{"@id":"https:\/\/motorista.com.br\/noticias\/#\/schema\/logo\/image\/"}},{"@type":"Person","@id":"https:\/\/motorista.com.br\/noticias\/#\/schema\/person\/dc93afc2981c0e3ce6bc3c053fd847be","name":"Equipe Reda\u00e7\u00e3o","image":{"@type":"ImageObject","inLanguage":"pt-BR","@id":"https:\/\/secure.gravatar.com\/avatar\/4f525efbf18dd2bb300ccad28bfb99d95a9465a5ba268407c8c37b37e1f28d2d?s=96&d=mm&r=g9e099043a0c61e9ae27e293b9fa75ffc","url":"https:\/\/secure.gravatar.com\/avatar\/4f525efbf18dd2bb300ccad28bfb99d95a9465a5ba268407c8c37b37e1f28d2d?s=96&d=mm&r=g","contentUrl":"https:\/\/secure.gravatar.com\/avatar\/4f525efbf18dd2bb300ccad28bfb99d95a9465a5ba268407c8c37b37e1f28d2d?s=96&d=mm&r=g","caption":"Equipe Reda\u00e7\u00e3o"},"description":"Equipe de reda\u00e7\u00e3o \u00e9 um grupo de profissionais que trabalham juntos para criar conte\u00fado escrito para Motorista.com.br","url":"https:\/\/motorista.com.br\/noticias\/author\/equiperedacao\/"}]}},"_links":{"self":[{"href":"https:\/\/motorista.com.br\/noticias\/wp-json\/wp\/v2\/posts\/14175","targetHints":{"allow":["GET"]}}],"collection":[{"href":"https:\/\/motorista.com.br\/noticias\/wp-json\/wp\/v2\/posts"}],"about":[{"href":"https:\/\/motorista.com.br\/noticias\/wp-json\/wp\/v2\/types\/post"}],"author":[{"embeddable":true,"href":"https:\/\/motorista.com.br\/noticias\/wp-json\/wp\/v2\/users\/4"}],"replies":[{"embeddable":true,"href":"https:\/\/motorista.com.br\/noticias\/wp-json\/wp\/v2\/comments?post=14175"}],"version-history":[{"count":0,"href":"https:\/\/motorista.com.br\/noticias\/wp-json\/wp\/v2\/posts\/14175\/revisions"}],"wp:featuredmedia":[{"embeddable":true,"href":"https:\/\/motorista.com.br\/noticias\/wp-json\/wp\/v2\/media\/14176"}],"wp:attachment":[{"href":"https:\/\/motorista.com.br\/noticias\/wp-json\/wp\/v2\/media?parent=14175"}],"wp:term":[{"taxonomy":"category","embeddable":true,"href":"https:\/\/motorista.com.br\/noticias\/wp-json\/wp\/v2\/categories?post=14175"},{"taxonomy":"post_tag","embeddable":true,"href":"https:\/\/motorista.com.br\/noticias\/wp-json\/wp\/v2\/tags?post=14175"},{"taxonomy":"author","embeddable":true,"href":"https:\/\/motorista.com.br\/noticias\/wp-json\/wp\/v2\/coauthors?post=14175"}],"curies":[{"name":"wp","href":"https:\/\/api.w.org\/{rel}","templated":true}]}}