{"id":14171,"date":"2026-08-31T22:51:23","date_gmt":"2026-09-01T01:51:23","guid":{"rendered":"https:\/\/motorista.com.br\/noticias\/2026\/08\/31\/coopcar-solicita-rateio-de-r-300-e-repassa-total-das-corridas-aos-motoristas\/"},"modified":"2026-08-31T22:51:23","modified_gmt":"2026-09-01T01:51:23","slug":"coopcar-solicita-rateio-de-r-300-e-repassa-total-das-corridas-aos-motoristas","status":"publish","type":"post","link":"https:\/\/motorista.com.br\/noticias\/2026\/08\/31\/coopcar-solicita-rateio-de-r-300-e-repassa-total-das-corridas-aos-motoristas\/","title":{"rendered":"CoopCar solicita rateio de R$ 300 e repassa total das corridas aos motoristas."},"content":{"rendered":"<p><\/p>\n<div>\n<p>A CoopCar, criada em 15 de mar\u00e7o de 2024 em Bom Despacho, Minas Gerais, se destaca no setor de aplicativos de mobilidade ao operar como uma associa\u00e7\u00e3o sem fins lucrativos. Diferente de outras plataformas que ret\u00eam uma porcentagem do valor das corridas, os motoristas da CoopCar recebem 100% do que faturam, contribuindo apenas com um rateio fixo de R$ 300 por m\u00eas. Essa abordagem n\u00e3o s\u00f3 aumenta a renda dos motoristas, mas tamb\u00e9m reflete um modelo mais justo e colaborativo de mobilidade urbana.<\/p>\n<h2><strong>A Motiva\u00e7\u00e3o dos Motoristas<\/strong><\/h2>\n<p>A ideia da CoopCar nasceu entre os pr\u00f3prios motoristas, insatisfeitos com as altas taxas de outros aplicativos. Esse desejo de maior autonomia e melhores condi\u00e7\u00f5es de trabalho culminou em uma solu\u00e7\u00e3o que busca beneficiar diretamente quem est\u00e1 na linha de frente da mobilidade. Com 100% dos ganhos arrecadados, os motoristas podem planejar e sustentar melhor suas fam\u00edlias, o que impacta positivamente n\u00e3o apenas suas vidas, mas tamb\u00e9m a economia local.<\/p>\n<h2><strong>Modelo Sustent\u00e1vel de Rateio<\/strong><\/h2>\n<p>O modelo de rateio mensal da CoopCar promove uma gest\u00e3o transparente e equitativa. Ao dividir os custos igualmente entre os associados, a CoopCar elimina as press\u00f5es financeiras que muitos motoristas enfrentam em outras plataformas. Esse sistema contribui para uma melhoria na mobilidade, uma vez que motoristas mais satisfeitos tendem a oferecer um servi\u00e7o mais dedicado e de qualidade, beneficiando os passageiros.<\/p>\n<h2><strong>O Papel da Associa\u00e7\u00e3o Sem Fins Lucrativos<\/strong><\/h2>\n<p>A natureza sem fins lucrativos da CoopCar assegura que os recursos sejam reinvestidos em melhorias operacionais, promo\u00e7\u00f5es e manuten\u00e7\u00e3o. Isso resulta em um servi\u00e7o mais eficiente e confi\u00e1vel para a comunidade, promovendo uma mobilidade mais cont\u00ednua e eficaz. O impacto na mobilidade local \u00e9 tang\u00edvel; passageiros que confiam no aplicativo s\u00e3o mais propensos a utiliz\u00e1-lo regularmente, o que gera um ciclo virtuoso de demanda e oferta.<\/p>\n<h2><strong>Esfor\u00e7os de Capta\u00e7\u00e3o e Crescimento<\/strong><\/h2>\n<p>Os primeiros motoristas foram recrutados com o apoio da comunidade, o que demonstra a for\u00e7a do trabalho em equipe e a confian\u00e7a m\u00fatua entre os condutores. Embora o crescimento tenha sido desafiador, especialmente devido \u00e0 concorr\u00eancia com corridas particulares, a r\u00e1pida adapta\u00e7\u00e3o da CoopCar \u00e0s necessidades da popula\u00e7\u00e3o local tem mostrado resultados promissores. A empresa sublinha que uma mobilidade urbana eficaz depende da integra\u00e7\u00e3o e da unidade entre motoristas e passageiros, algo que a CoopCar tem cultivado desde sua funda\u00e7\u00e3o.<\/p>\n<h2><strong>O Desafio das Corridas Particulares<\/strong><\/h2>\n<p>Apesar do crescimento, a CoopCar enfrenta desafios, como a forte concorr\u00eancia das corridas particulares, que ainda dominam no interior. Esta pr\u00e1tica desacelera a consolida\u00e7\u00e3o da plataforma. No entanto, ao conscientizar a popula\u00e7\u00e3o sobre os benef\u00edcios de usar um aplicativo local e acess\u00edvel, a CoopCar visa mudar esse cen\u00e1rio, criando uma mobilidade mais inclusiva e eficiente para todos.<\/p>\n<h2><strong>Futuro e Expans\u00e3o<\/strong><\/h2>\n<p>Com planos de expans\u00e3o para \u00e1reas vizinhas, a CoopCar est\u00e1 determinada a manter seu crescimento sustent\u00e1vel. O presidente, Wallace, compartilha uma vis\u00e3o clara de que manter a qualidade do servi\u00e7o \u00e9 fundamental para a constru\u00e7\u00e3o da confian\u00e7a do cliente e para o fortalecimento do modelo de neg\u00f3cio. Ao se consolidar, a CoopCar n\u00e3o apenas melhora as condi\u00e7\u00f5es de trabalho para motoristas, mas tamb\u00e9m enriquece a experi\u00eancia de mobilidade para cada passageiro.<\/p>\n<h2><strong>Legado de Sinceridade e Confian\u00e7a<\/strong><\/h2>\n<p>O legado que a CoopCar tem como aspira\u00e7\u00e3o \u00e9 o de um servi\u00e7o diferenciado, voltado para o bem-estar da comunidade. Com um modelo colaboraativo e transparente, a CoopCar oferece uma alternativa vi\u00e1vel e \u00e9tica \u00e0 mobilidade urbana, promovendo um impacto significativo tanto para motoristas quanto para passageiros. A coopera\u00e7\u00e3o e o compromisso com a qualidade s\u00e3o, sem d\u00favida, os pilares que sustentam essa nova vis\u00e3o de mobilidade.<\/p>\n<\/div>\n","protected":false},"excerpt":{"rendered":"<p>A CoopCar, criada em 15 de mar\u00e7o de 2024 em Bom Despacho, Minas Gerais, se destaca no setor de aplicativos de mobilidade ao operar como uma associa\u00e7\u00e3o sem fins lucrativos. Diferente de outras plataformas que ret\u00eam uma porcentagem do valor das corridas, os motoristas da CoopCar recebem 100% do que faturam, contribuindo apenas com um &hellip;<\/p>\n","protected":false},"author":4,"featured_media":14172,"comment_status":"","ping_status":"open","sticky":false,"template":"","format":"standard","meta":{"footnotes":""},"categories":[49,77],"tags":[],"coauthors":[42],"class_list":["post-14171","post","type-post","status-publish","format-standard","has-post-thumbnail","hentry","category-aplicativos","category-motorista"],"yoast_head":"<!-- This site is optimized with the Yoast SEO Premium plugin v27.6.1 (Yoast SEO v28.3) - https:\/\/yoast.com\/product\/yoast-seo-premium-wordpress\/ -->\n<title>CoopCar solicita rateio de R$ 300 e repassa total das corridas aos motoristas. - Motorista.com.br<\/title>\n<meta name=\"robots\" content=\"index, follow, max-snippet:-1, max-image-preview:large, max-video-preview:-1\" \/>\n<link rel=\"canonical\" href=\"https:\/\/motorista.com.br\/noticias\/2026\/08\/31\/coopcar-solicita-rateio-de-r-300-e-repassa-total-das-corridas-aos-motoristas\/\" \/>\n<meta property=\"og:locale\" content=\"pt_BR\" \/>\n<meta property=\"og:type\" content=\"article\" \/>\n<meta property=\"og:title\" content=\"CoopCar solicita rateio de R$ 300 e repassa total das corridas aos motoristas.\" \/>\n<meta property=\"og:description\" content=\"A CoopCar, criada em 15 de mar\u00e7o de 2024 em Bom Despacho, Minas Gerais, se destaca no setor de aplicativos de mobilidade ao operar como uma associa\u00e7\u00e3o sem fins lucrativos. Diferente de outras plataformas que ret\u00eam uma porcentagem do valor das corridas, os motoristas da CoopCar recebem 100% do que faturam, contribuindo apenas com um &hellip;\" \/>\n<meta property=\"og:url\" content=\"https:\/\/motorista.com.br\/noticias\/2026\/08\/31\/coopcar-solicita-rateio-de-r-300-e-repassa-total-das-corridas-aos-motoristas\/\" \/>\n<meta property=\"og:site_name\" content=\"Motorista.com.br\" \/>\n<meta property=\"article:published_time\" content=\"2026-09-01T01:51:23+00:00\" \/>\n<meta name=\"author\" content=\"Equipe Reda\u00e7\u00e3o\" \/>\n<meta name=\"twitter:card\" content=\"summary_large_image\" \/>\n<meta name=\"twitter:label1\" content=\"Escrito por\" \/>\n\t<meta name=\"twitter:data1\" content=\"Equipe Reda\u00e7\u00e3o\" \/>\n\t<meta name=\"twitter:label2\" content=\"Est. tempo de leitura\" \/>\n\t<meta name=\"twitter:data2\" content=\"3 minutos\" \/>\n\t<meta name=\"twitter:label3\" content=\"Written by\" \/>\n\t<meta name=\"twitter:data3\" content=\"Equipe Reda\u00e7\u00e3o\" \/>\n<script type=\"application\/ld+json\" class=\"yoast-schema-graph\">{\"@context\":\"https:\\\/\\\/schema.org\",\"@graph\":[{\"@type\":\"Article\",\"@id\":\"https:\\\/\\\/motorista.com.br\\\/noticias\\\/2026\\\/08\\\/31\\\/coopcar-solicita-rateio-de-r-300-e-repassa-total-das-corridas-aos-motoristas\\\/#article\",\"isPartOf\":{\"@id\":\"https:\\\/\\\/motorista.com.br\\\/noticias\\\/2026\\\/08\\\/31\\\/coopcar-solicita-rateio-de-r-300-e-repassa-total-das-corridas-aos-motoristas\\\/\"},\"author\":{\"name\":\"Equipe Reda\u00e7\u00e3o\",\"@id\":\"https:\\\/\\\/motorista.com.br\\\/noticias\\\/#\\\/schema\\\/person\\\/dc93afc2981c0e3ce6bc3c053fd847be\"},\"headline\":\"CoopCar solicita rateio de R$ 300 e repassa total das corridas aos motoristas.\",\"datePublished\":\"2026-09-01T01:51:23+00:00\",\"mainEntityOfPage\":{\"@id\":\"https:\\\/\\\/motorista.com.br\\\/noticias\\\/2026\\\/08\\\/31\\\/coopcar-solicita-rateio-de-r-300-e-repassa-total-das-corridas-aos-motoristas\\\/\"},\"wordCount\":654,\"publisher\":{\"@id\":\"https:\\\/\\\/motorista.com.br\\\/noticias\\\/#organization\"},\"image\":{\"@id\":\"https:\\\/\\\/motorista.com.br\\\/noticias\\\/2026\\\/08\\\/31\\\/coopcar-solicita-rateio-de-r-300-e-repassa-total-das-corridas-aos-motoristas\\\/#primaryimage\"},\"thumbnailUrl\":\"https:\\\/\\\/motorista.com.br\\\/noticias\\\/wp-content\\\/uploads\\\/2026\\\/08\\\/ChatGPT-Image-31-de-ago.-de-2026-20_28_04-1024x576.png\",\"articleSection\":[\"Aplicativos\",\"Motorista\"],\"inLanguage\":\"pt-BR\"},{\"@type\":\"WebPage\",\"@id\":\"https:\\\/\\\/motorista.com.br\\\/noticias\\\/2026\\\/08\\\/31\\\/coopcar-solicita-rateio-de-r-300-e-repassa-total-das-corridas-aos-motoristas\\\/\",\"url\":\"https:\\\/\\\/motorista.com.br\\\/noticias\\\/2026\\\/08\\\/31\\\/coopcar-solicita-rateio-de-r-300-e-repassa-total-das-corridas-aos-motoristas\\\/\",\"name\":\"CoopCar solicita rateio de R$ 300 e repassa total das corridas aos motoristas. - Motorista.com.br\",\"isPartOf\":{\"@id\":\"https:\\\/\\\/motorista.com.br\\\/noticias\\\/#website\"},\"primaryImageOfPage\":{\"@id\":\"https:\\\/\\\/motorista.com.br\\\/noticias\\\/2026\\\/08\\\/31\\\/coopcar-solicita-rateio-de-r-300-e-repassa-total-das-corridas-aos-motoristas\\\/#primaryimage\"},\"image\":{\"@id\":\"https:\\\/\\\/motorista.com.br\\\/noticias\\\/2026\\\/08\\\/31\\\/coopcar-solicita-rateio-de-r-300-e-repassa-total-das-corridas-aos-motoristas\\\/#primaryimage\"},\"thumbnailUrl\":\"https:\\\/\\\/motorista.com.br\\\/noticias\\\/wp-content\\\/uploads\\\/2026\\\/08\\\/ChatGPT-Image-31-de-ago.-de-2026-20_28_04-1024x576.png\",\"datePublished\":\"2026-09-01T01:51:23+00:00\",\"breadcrumb\":{\"@id\":\"https:\\\/\\\/motorista.com.br\\\/noticias\\\/2026\\\/08\\\/31\\\/coopcar-solicita-rateio-de-r-300-e-repassa-total-das-corridas-aos-motoristas\\\/#breadcrumb\"},\"inLanguage\":\"pt-BR\",\"potentialAction\":[{\"@type\":\"ReadAction\",\"target\":[\"https:\\\/\\\/motorista.com.br\\\/noticias\\\/2026\\\/08\\\/31\\\/coopcar-solicita-rateio-de-r-300-e-repassa-total-das-corridas-aos-motoristas\\\/\"]}]},{\"@type\":\"ImageObject\",\"inLanguage\":\"pt-BR\",\"@id\":\"https:\\\/\\\/motorista.com.br\\\/noticias\\\/2026\\\/08\\\/31\\\/coopcar-solicita-rateio-de-r-300-e-repassa-total-das-corridas-aos-motoristas\\\/#primaryimage\",\"url\":\"https:\\\/\\\/motorista.com.br\\\/noticias\\\/wp-content\\\/uploads\\\/2026\\\/08\\\/ChatGPT-Image-31-de-ago.-de-2026-20_28_04-1024x576.png\",\"contentUrl\":\"https:\\\/\\\/motorista.com.br\\\/noticias\\\/wp-content\\\/uploads\\\/2026\\\/08\\\/ChatGPT-Image-31-de-ago.-de-2026-20_28_04-1024x576.png\",\"width\":1024,\"height\":576},{\"@type\":\"BreadcrumbList\",\"@id\":\"https:\\\/\\\/motorista.com.br\\\/noticias\\\/2026\\\/08\\\/31\\\/coopcar-solicita-rateio-de-r-300-e-repassa-total-das-corridas-aos-motoristas\\\/#breadcrumb\",\"itemListElement\":[{\"@type\":\"ListItem\",\"position\":1,\"name\":\"In\u00edcio\",\"item\":\"https:\\\/\\\/motorista.com.br\\\/noticias\\\/\"},{\"@type\":\"ListItem\",\"position\":2,\"name\":\"CoopCar solicita rateio de R$ 300 e repassa total das corridas aos motoristas.\"}]},{\"@type\":\"WebSite\",\"@id\":\"https:\\\/\\\/motorista.com.br\\\/noticias\\\/#website\",\"url\":\"https:\\\/\\\/motorista.com.br\\\/noticias\\\/\",\"name\":\"Motorista.com.br\",\"description\":\"Not\u00edcia do Motorista\",\"publisher\":{\"@id\":\"https:\\\/\\\/motorista.com.br\\\/noticias\\\/#organization\"},\"potentialAction\":[{\"@type\":\"SearchAction\",\"target\":{\"@type\":\"EntryPoint\",\"urlTemplate\":\"https:\\\/\\\/motorista.com.br\\\/noticias\\\/?s={search_term_string}\"},\"query-input\":{\"@type\":\"PropertyValueSpecification\",\"valueRequired\":true,\"valueName\":\"search_term_string\"}}],\"inLanguage\":\"pt-BR\"},{\"@type\":\"Organization\",\"@id\":\"https:\\\/\\\/motorista.com.br\\\/noticias\\\/#organization\",\"name\":\"Motorista.com.br\",\"url\":\"https:\\\/\\\/motorista.com.br\\\/noticias\\\/\",\"logo\":{\"@type\":\"ImageObject\",\"inLanguage\":\"pt-BR\",\"@id\":\"https:\\\/\\\/motorista.com.br\\\/noticias\\\/#\\\/schema\\\/logo\\\/image\\\/\",\"url\":\"https:\\\/\\\/motorista.com.br\\\/noticias\\\/wp-content\\\/uploads\\\/2025\\\/06\\\/Design-sem-nome-9.png\",\"contentUrl\":\"https:\\\/\\\/motorista.com.br\\\/noticias\\\/wp-content\\\/uploads\\\/2025\\\/06\\\/Design-sem-nome-9.png\",\"width\":150,\"height\":85,\"caption\":\"Motorista.com.br\"},\"image\":{\"@id\":\"https:\\\/\\\/motorista.com.br\\\/noticias\\\/#\\\/schema\\\/logo\\\/image\\\/\"}},{\"@type\":\"Person\",\"@id\":\"https:\\\/\\\/motorista.com.br\\\/noticias\\\/#\\\/schema\\\/person\\\/dc93afc2981c0e3ce6bc3c053fd847be\",\"name\":\"Equipe Reda\u00e7\u00e3o\",\"image\":{\"@type\":\"ImageObject\",\"inLanguage\":\"pt-BR\",\"@id\":\"https:\\\/\\\/secure.gravatar.com\\\/avatar\\\/4f525efbf18dd2bb300ccad28bfb99d95a9465a5ba268407c8c37b37e1f28d2d?s=96&d=mm&r=g9e099043a0c61e9ae27e293b9fa75ffc\",\"url\":\"https:\\\/\\\/secure.gravatar.com\\\/avatar\\\/4f525efbf18dd2bb300ccad28bfb99d95a9465a5ba268407c8c37b37e1f28d2d?s=96&d=mm&r=g\",\"contentUrl\":\"https:\\\/\\\/secure.gravatar.com\\\/avatar\\\/4f525efbf18dd2bb300ccad28bfb99d95a9465a5ba268407c8c37b37e1f28d2d?s=96&d=mm&r=g\",\"caption\":\"Equipe Reda\u00e7\u00e3o\"},\"description\":\"Equipe de reda\u00e7\u00e3o \u00e9 um grupo de profissionais que trabalham juntos para criar conte\u00fado escrito para Motorista.com.br\",\"url\":\"https:\\\/\\\/motorista.com.br\\\/noticias\\\/author\\\/equiperedacao\\\/\"}]}<\/script>\n<!-- \/ Yoast SEO Premium plugin. -->","yoast_head_json":{"title":"CoopCar solicita rateio de R$ 300 e repassa total das corridas aos motoristas. - Motorista.com.br","robots":{"index":"index","follow":"follow","max-snippet":"max-snippet:-1","max-image-preview":"max-image-preview:large","max-video-preview":"max-video-preview:-1"},"canonical":"https:\/\/motorista.com.br\/noticias\/2026\/08\/31\/coopcar-solicita-rateio-de-r-300-e-repassa-total-das-corridas-aos-motoristas\/","og_locale":"pt_BR","og_type":"article","og_title":"CoopCar solicita rateio de R$ 300 e repassa total das corridas aos motoristas.","og_description":"A CoopCar, criada em 15 de mar\u00e7o de 2024 em Bom Despacho, Minas Gerais, se destaca no setor de aplicativos de mobilidade ao operar como uma associa\u00e7\u00e3o sem fins lucrativos. Diferente de outras plataformas que ret\u00eam uma porcentagem do valor das corridas, os motoristas da CoopCar recebem 100% do que faturam, contribuindo apenas com um &hellip;","og_url":"https:\/\/motorista.com.br\/noticias\/2026\/08\/31\/coopcar-solicita-rateio-de-r-300-e-repassa-total-das-corridas-aos-motoristas\/","og_site_name":"Motorista.com.br","article_published_time":"2026-09-01T01:51:23+00:00","author":"Equipe Reda\u00e7\u00e3o","twitter_card":"summary_large_image","twitter_misc":{"Escrito por":"Equipe Reda\u00e7\u00e3o","Est. tempo de leitura":"3 minutos","Written by":"Equipe Reda\u00e7\u00e3o"},"schema":{"@context":"https:\/\/schema.org","@graph":[{"@type":"Article","@id":"https:\/\/motorista.com.br\/noticias\/2026\/08\/31\/coopcar-solicita-rateio-de-r-300-e-repassa-total-das-corridas-aos-motoristas\/#article","isPartOf":{"@id":"https:\/\/motorista.com.br\/noticias\/2026\/08\/31\/coopcar-solicita-rateio-de-r-300-e-repassa-total-das-corridas-aos-motoristas\/"},"author":{"name":"Equipe Reda\u00e7\u00e3o","@id":"https:\/\/motorista.com.br\/noticias\/#\/schema\/person\/dc93afc2981c0e3ce6bc3c053fd847be"},"headline":"CoopCar solicita rateio de R$ 300 e repassa total das corridas aos motoristas.","datePublished":"2026-09-01T01:51:23+00:00","mainEntityOfPage":{"@id":"https:\/\/motorista.com.br\/noticias\/2026\/08\/31\/coopcar-solicita-rateio-de-r-300-e-repassa-total-das-corridas-aos-motoristas\/"},"wordCount":654,"publisher":{"@id":"https:\/\/motorista.com.br\/noticias\/#organization"},"image":{"@id":"https:\/\/motorista.com.br\/noticias\/2026\/08\/31\/coopcar-solicita-rateio-de-r-300-e-repassa-total-das-corridas-aos-motoristas\/#primaryimage"},"thumbnailUrl":"https:\/\/motorista.com.br\/noticias\/wp-content\/uploads\/2026\/08\/ChatGPT-Image-31-de-ago.-de-2026-20_28_04-1024x576.png","articleSection":["Aplicativos","Motorista"],"inLanguage":"pt-BR"},{"@type":"WebPage","@id":"https:\/\/motorista.com.br\/noticias\/2026\/08\/31\/coopcar-solicita-rateio-de-r-300-e-repassa-total-das-corridas-aos-motoristas\/","url":"https:\/\/motorista.com.br\/noticias\/2026\/08\/31\/coopcar-solicita-rateio-de-r-300-e-repassa-total-das-corridas-aos-motoristas\/","name":"CoopCar solicita rateio de R$ 300 e repassa total das corridas aos motoristas. - Motorista.com.br","isPartOf":{"@id":"https:\/\/motorista.com.br\/noticias\/#website"},"primaryImageOfPage":{"@id":"https:\/\/motorista.com.br\/noticias\/2026\/08\/31\/coopcar-solicita-rateio-de-r-300-e-repassa-total-das-corridas-aos-motoristas\/#primaryimage"},"image":{"@id":"https:\/\/motorista.com.br\/noticias\/2026\/08\/31\/coopcar-solicita-rateio-de-r-300-e-repassa-total-das-corridas-aos-motoristas\/#primaryimage"},"thumbnailUrl":"https:\/\/motorista.com.br\/noticias\/wp-content\/uploads\/2026\/08\/ChatGPT-Image-31-de-ago.-de-2026-20_28_04-1024x576.png","datePublished":"2026-09-01T01:51:23+00:00","breadcrumb":{"@id":"https:\/\/motorista.com.br\/noticias\/2026\/08\/31\/coopcar-solicita-rateio-de-r-300-e-repassa-total-das-corridas-aos-motoristas\/#breadcrumb"},"inLanguage":"pt-BR","potentialAction":[{"@type":"ReadAction","target":["https:\/\/motorista.com.br\/noticias\/2026\/08\/31\/coopcar-solicita-rateio-de-r-300-e-repassa-total-das-corridas-aos-motoristas\/"]}]},{"@type":"ImageObject","inLanguage":"pt-BR","@id":"https:\/\/motorista.com.br\/noticias\/2026\/08\/31\/coopcar-solicita-rateio-de-r-300-e-repassa-total-das-corridas-aos-motoristas\/#primaryimage","url":"https:\/\/motorista.com.br\/noticias\/wp-content\/uploads\/2026\/08\/ChatGPT-Image-31-de-ago.-de-2026-20_28_04-1024x576.png","contentUrl":"https:\/\/motorista.com.br\/noticias\/wp-content\/uploads\/2026\/08\/ChatGPT-Image-31-de-ago.-de-2026-20_28_04-1024x576.png","width":1024,"height":576},{"@type":"BreadcrumbList","@id":"https:\/\/motorista.com.br\/noticias\/2026\/08\/31\/coopcar-solicita-rateio-de-r-300-e-repassa-total-das-corridas-aos-motoristas\/#breadcrumb","itemListElement":[{"@type":"ListItem","position":1,"name":"In\u00edcio","item":"https:\/\/motorista.com.br\/noticias\/"},{"@type":"ListItem","position":2,"name":"CoopCar solicita rateio de R$ 300 e repassa total das corridas aos motoristas."}]},{"@type":"WebSite","@id":"https:\/\/motorista.com.br\/noticias\/#website","url":"https:\/\/motorista.com.br\/noticias\/","name":"Motorista.com.br","description":"Not\u00edcia do Motorista","publisher":{"@id":"https:\/\/motorista.com.br\/noticias\/#organization"},"potentialAction":[{"@type":"SearchAction","target":{"@type":"EntryPoint","urlTemplate":"https:\/\/motorista.com.br\/noticias\/?s={search_term_string}"},"query-input":{"@type":"PropertyValueSpecification","valueRequired":true,"valueName":"search_term_string"}}],"inLanguage":"pt-BR"},{"@type":"Organization","@id":"https:\/\/motorista.com.br\/noticias\/#organization","name":"Motorista.com.br","url":"https:\/\/motorista.com.br\/noticias\/","logo":{"@type":"ImageObject","inLanguage":"pt-BR","@id":"https:\/\/motorista.com.br\/noticias\/#\/schema\/logo\/image\/","url":"https:\/\/motorista.com.br\/noticias\/wp-content\/uploads\/2025\/06\/Design-sem-nome-9.png","contentUrl":"https:\/\/motorista.com.br\/noticias\/wp-content\/uploads\/2025\/06\/Design-sem-nome-9.png","width":150,"height":85,"caption":"Motorista.com.br"},"image":{"@id":"https:\/\/motorista.com.br\/noticias\/#\/schema\/logo\/image\/"}},{"@type":"Person","@id":"https:\/\/motorista.com.br\/noticias\/#\/schema\/person\/dc93afc2981c0e3ce6bc3c053fd847be","name":"Equipe Reda\u00e7\u00e3o","image":{"@type":"ImageObject","inLanguage":"pt-BR","@id":"https:\/\/secure.gravatar.com\/avatar\/4f525efbf18dd2bb300ccad28bfb99d95a9465a5ba268407c8c37b37e1f28d2d?s=96&d=mm&r=g9e099043a0c61e9ae27e293b9fa75ffc","url":"https:\/\/secure.gravatar.com\/avatar\/4f525efbf18dd2bb300ccad28bfb99d95a9465a5ba268407c8c37b37e1f28d2d?s=96&d=mm&r=g","contentUrl":"https:\/\/secure.gravatar.com\/avatar\/4f525efbf18dd2bb300ccad28bfb99d95a9465a5ba268407c8c37b37e1f28d2d?s=96&d=mm&r=g","caption":"Equipe Reda\u00e7\u00e3o"},"description":"Equipe de reda\u00e7\u00e3o \u00e9 um grupo de profissionais que trabalham juntos para criar conte\u00fado escrito para Motorista.com.br","url":"https:\/\/motorista.com.br\/noticias\/author\/equiperedacao\/"}]}},"_links":{"self":[{"href":"https:\/\/motorista.com.br\/noticias\/wp-json\/wp\/v2\/posts\/14171","targetHints":{"allow":["GET"]}}],"collection":[{"href":"https:\/\/motorista.com.br\/noticias\/wp-json\/wp\/v2\/posts"}],"about":[{"href":"https:\/\/motorista.com.br\/noticias\/wp-json\/wp\/v2\/types\/post"}],"author":[{"embeddable":true,"href":"https:\/\/motorista.com.br\/noticias\/wp-json\/wp\/v2\/users\/4"}],"replies":[{"embeddable":true,"href":"https:\/\/motorista.com.br\/noticias\/wp-json\/wp\/v2\/comments?post=14171"}],"version-history":[{"count":0,"href":"https:\/\/motorista.com.br\/noticias\/wp-json\/wp\/v2\/posts\/14171\/revisions"}],"wp:featuredmedia":[{"embeddable":true,"href":"https:\/\/motorista.com.br\/noticias\/wp-json\/wp\/v2\/media\/14172"}],"wp:attachment":[{"href":"https:\/\/motorista.com.br\/noticias\/wp-json\/wp\/v2\/media?parent=14171"}],"wp:term":[{"taxonomy":"category","embeddable":true,"href":"https:\/\/motorista.com.br\/noticias\/wp-json\/wp\/v2\/categories?post=14171"},{"taxonomy":"post_tag","embeddable":true,"href":"https:\/\/motorista.com.br\/noticias\/wp-json\/wp\/v2\/tags?post=14171"},{"taxonomy":"author","embeddable":true,"href":"https:\/\/motorista.com.br\/noticias\/wp-json\/wp\/v2\/coauthors?post=14171"}],"curies":[{"name":"wp","href":"https:\/\/api.w.org\/{rel}","templated":true}]}}