{"id":14165,"date":"2026-08-31T21:03:49","date_gmt":"2026-09-01T00:03:49","guid":{"rendered":"https:\/\/motorista.com.br\/noticias\/2026\/08\/31\/conheca-o-pli-sp-2050-um-novo-horizonte-para-sao-paulo\/"},"modified":"2026-08-31T21:03:49","modified_gmt":"2026-09-01T00:03:49","slug":"conheca-o-pli-sp-2050-um-novo-horizonte-para-sao-paulo","status":"publish","type":"post","link":"https:\/\/motorista.com.br\/noticias\/2026\/08\/31\/conheca-o-pli-sp-2050-um-novo-horizonte-para-sao-paulo\/","title":{"rendered":"Conhe\u00e7a o PLI-SP 2050: Um Novo Horizonte para S\u00e3o Paulo"},"content":{"rendered":"<p><\/p>\n<div>\n<h5><i><span style=\"font-size:small\">Projeto chega \u00e0 etapa final de sele\u00e7\u00e3o das interven\u00e7\u00f5es que dever\u00e3o orientar investimentos em rodovias, ferrovias, portos, hidrovias, aeroportos e terminais at\u00e9 2050<\/span><\/i><\/h5>\n<p>O Plano de Log\u00edstica e Investimentos do Estado de S\u00e3o Paulo (PLI-SP 2050) inicia a fase de transforma\u00e7\u00e3o dos estudos realizados desde 2023 em uma carteira de interven\u00e7\u00f5es priorit\u00e1rias. O cronograma da Secretaria de Meio Ambiente, Infraestrutura e Log\u00edstica (SEMIL) prev\u00ea para agosto a conclus\u00e3o da quarta etapa, focada na sele\u00e7\u00e3o e avalia\u00e7\u00e3o dos projetos log\u00edsticos do Estado.<\/p>\n<p>O PLI foi estruturado em quatro etapas. Ap\u00f3s definir a metodologia e diagnosticar a infraestrutura existente, foram realizadas proje\u00e7\u00f5es de demanda e simula\u00e7\u00f5es de alternativas para os sistemas de transporte. A fase atual \u00e9 crucial para consolidar as interven\u00e7\u00f5es priorit\u00e1rias, incluindo estimativas de investimentos e avalia\u00e7\u00e3o dos impactos sobre o tr\u00e1fego, emiss\u00f5es e consumo de energia.<\/p>\n<p>O planejamento abrange diversos modais, como rodovias, ferrovias, hidrovias, portos e aeroportos, buscando integrar essas op\u00e7\u00f5es de transporte. Isso \u00e9 fundamental, pois permitir\u00e1 a otimiza\u00e7\u00e3o do transporte de cargas e passageiros, al\u00e9m de potenciar a efici\u00eancia log\u00edstica no Estado.<\/p>\n<p>A constru\u00e7\u00e3o do plano tamb\u00e9m contou com ampla participa\u00e7\u00e3o regional, incluindo f\u00f3runs e contribui\u00e7\u00f5es de empresas, institui\u00e7\u00f5es e da sociedade. Temas como a recupera\u00e7\u00e3o de trechos ferrovi\u00e1rios, acessos ao Porto de Santos, integra\u00e7\u00e3o multimodal e melhorias na infraestrutura rodovi\u00e1ria foram amplamente debatidos. A Baixada Santista, com sua posi\u00e7\u00e3o estrat\u00e9gica, \u00e9 um destaque nesse planejamento, sendo um ponto crucial entre o litoral e o planalto e essencial para a conex\u00e3o com os grandes corredores nacionais de transporte.<\/p>\n<p>O foco agora \u00e9 a defini\u00e7\u00e3o da carteira de projetos. O cronograma oficial prev\u00ea que a fase final re\u00fana as interven\u00e7\u00f5es priorizadas, suas estimativas de custo e uma avalia\u00e7\u00e3o dos benef\u00edcios. Essa carteira n\u00e3o apenas indicar\u00e1 quais gargalos devem ser solucionados primeiro, mas tamb\u00e9m definir\u00e1 a combina\u00e7\u00e3o de modais necess\u00e1ria para a log\u00edstica paulista nas pr\u00f3ximas d\u00e9cadas.<\/p>\n<p>Para os motoristas e a mobilidade em geral, o PLI-SP 2050 pode trazer impactos significativos. Melhorias na infraestrutura rodovi\u00e1ria e na integra\u00e7\u00e3o entre modais devem reduzir congestionamentos e aumentar a seguran\u00e7a nas estradas, resultando em uma circula\u00e7\u00e3o mais eficiente. Isso n\u00e3o apenas beneficiar\u00e1 os profissionais de transporte, como tamb\u00e9m poder\u00e1 melhorar a qualidade de vida da popula\u00e7\u00e3o em geral, ao permitir deslocamentos mais r\u00e1pidos e menos estressantes.<\/p>\n<p>Essas interven\u00e7\u00f5es planejadas poder\u00e3o resultar em um Estado de S\u00e3o Paulo com um sistema log\u00edstico mais robusto, capaz de atender \u00e0 demanda crescente por transporte de cargas e passageiros, promovendo um desenvolvimento sustent\u00e1vel e eficiente para todos os usu\u00e1rios das vias.<\/p>\n<p><i><strong>Fonte:<\/strong> Carta de Log\u00edstica<\/i><\/p>\n<\/div>\n","protected":false},"excerpt":{"rendered":"<p>Projeto chega \u00e0 etapa final de sele\u00e7\u00e3o das interven\u00e7\u00f5es que dever\u00e3o orientar investimentos em rodovias, ferrovias, portos, hidrovias, aeroportos e terminais at\u00e9 2050 O Plano de Log\u00edstica e Investimentos do Estado de S\u00e3o Paulo (PLI-SP 2050) inicia a fase de transforma\u00e7\u00e3o dos estudos realizados desde 2023 em uma carteira de interven\u00e7\u00f5es priorit\u00e1rias. O cronograma da &hellip;<\/p>\n","protected":false},"author":4,"featured_media":14166,"comment_status":"","ping_status":"open","sticky":false,"template":"","format":"standard","meta":{"footnotes":""},"categories":[62],"tags":[],"coauthors":[42],"class_list":["post-14165","post","type-post","status-publish","format-standard","has-post-thumbnail","hentry","category-logistica"],"yoast_head":"<!-- This site is optimized with the Yoast SEO Premium plugin v27.6.1 (Yoast SEO v28.3) - https:\/\/yoast.com\/product\/yoast-seo-premium-wordpress\/ -->\n<title>Conhe\u00e7a o PLI-SP 2050: Um Novo Horizonte para S\u00e3o Paulo - Motorista.com.br<\/title>\n<meta name=\"robots\" content=\"index, follow, max-snippet:-1, max-image-preview:large, max-video-preview:-1\" \/>\n<link rel=\"canonical\" href=\"https:\/\/motorista.com.br\/noticias\/2026\/08\/31\/conheca-o-pli-sp-2050-um-novo-horizonte-para-sao-paulo\/\" \/>\n<meta property=\"og:locale\" content=\"pt_BR\" \/>\n<meta property=\"og:type\" content=\"article\" \/>\n<meta property=\"og:title\" content=\"Conhe\u00e7a o PLI-SP 2050: Um Novo Horizonte para S\u00e3o Paulo\" \/>\n<meta property=\"og:description\" content=\"Projeto chega \u00e0 etapa final de sele\u00e7\u00e3o das interven\u00e7\u00f5es que dever\u00e3o orientar investimentos em rodovias, ferrovias, portos, hidrovias, aeroportos e terminais at\u00e9 2050 O Plano de Log\u00edstica e Investimentos do Estado de S\u00e3o Paulo (PLI-SP 2050) inicia a fase de transforma\u00e7\u00e3o dos estudos realizados desde 2023 em uma carteira de interven\u00e7\u00f5es priorit\u00e1rias. O cronograma da &hellip;\" \/>\n<meta property=\"og:url\" content=\"https:\/\/motorista.com.br\/noticias\/2026\/08\/31\/conheca-o-pli-sp-2050-um-novo-horizonte-para-sao-paulo\/\" \/>\n<meta property=\"og:site_name\" content=\"Motorista.com.br\" \/>\n<meta property=\"article:published_time\" content=\"2026-09-01T00:03:49+00:00\" \/>\n<meta name=\"author\" content=\"Equipe Reda\u00e7\u00e3o\" \/>\n<meta name=\"twitter:card\" content=\"summary_large_image\" \/>\n<meta name=\"twitter:label1\" content=\"Escrito por\" \/>\n\t<meta name=\"twitter:data1\" content=\"Equipe Reda\u00e7\u00e3o\" \/>\n\t<meta name=\"twitter:label2\" content=\"Est. tempo de leitura\" \/>\n\t<meta name=\"twitter:data2\" content=\"2 minutos\" \/>\n\t<meta name=\"twitter:label3\" content=\"Written by\" \/>\n\t<meta name=\"twitter:data3\" content=\"Equipe Reda\u00e7\u00e3o\" \/>\n<script type=\"application\/ld+json\" class=\"yoast-schema-graph\">{\"@context\":\"https:\\\/\\\/schema.org\",\"@graph\":[{\"@type\":\"Article\",\"@id\":\"https:\\\/\\\/motorista.com.br\\\/noticias\\\/2026\\\/08\\\/31\\\/conheca-o-pli-sp-2050-um-novo-horizonte-para-sao-paulo\\\/#article\",\"isPartOf\":{\"@id\":\"https:\\\/\\\/motorista.com.br\\\/noticias\\\/2026\\\/08\\\/31\\\/conheca-o-pli-sp-2050-um-novo-horizonte-para-sao-paulo\\\/\"},\"author\":{\"name\":\"Equipe Reda\u00e7\u00e3o\",\"@id\":\"https:\\\/\\\/motorista.com.br\\\/noticias\\\/#\\\/schema\\\/person\\\/dc93afc2981c0e3ce6bc3c053fd847be\"},\"headline\":\"Conhe\u00e7a o PLI-SP 2050: Um Novo Horizonte para S\u00e3o Paulo\",\"datePublished\":\"2026-09-01T00:03:49+00:00\",\"mainEntityOfPage\":{\"@id\":\"https:\\\/\\\/motorista.com.br\\\/noticias\\\/2026\\\/08\\\/31\\\/conheca-o-pli-sp-2050-um-novo-horizonte-para-sao-paulo\\\/\"},\"wordCount\":488,\"publisher\":{\"@id\":\"https:\\\/\\\/motorista.com.br\\\/noticias\\\/#organization\"},\"image\":{\"@id\":\"https:\\\/\\\/motorista.com.br\\\/noticias\\\/2026\\\/08\\\/31\\\/conheca-o-pli-sp-2050-um-novo-horizonte-para-sao-paulo\\\/#primaryimage\"},\"thumbnailUrl\":\"https:\\\/\\\/motorista.com.br\\\/noticias\\\/wp-content\\\/uploads\\\/2026\\\/08\\\/ID-CL-1000-px-x-830-px-Este.png\",\"articleSection\":[\"Log\u00edstica\"],\"inLanguage\":\"pt-BR\"},{\"@type\":\"WebPage\",\"@id\":\"https:\\\/\\\/motorista.com.br\\\/noticias\\\/2026\\\/08\\\/31\\\/conheca-o-pli-sp-2050-um-novo-horizonte-para-sao-paulo\\\/\",\"url\":\"https:\\\/\\\/motorista.com.br\\\/noticias\\\/2026\\\/08\\\/31\\\/conheca-o-pli-sp-2050-um-novo-horizonte-para-sao-paulo\\\/\",\"name\":\"Conhe\u00e7a o PLI-SP 2050: Um Novo Horizonte para S\u00e3o Paulo - Motorista.com.br\",\"isPartOf\":{\"@id\":\"https:\\\/\\\/motorista.com.br\\\/noticias\\\/#website\"},\"primaryImageOfPage\":{\"@id\":\"https:\\\/\\\/motorista.com.br\\\/noticias\\\/2026\\\/08\\\/31\\\/conheca-o-pli-sp-2050-um-novo-horizonte-para-sao-paulo\\\/#primaryimage\"},\"image\":{\"@id\":\"https:\\\/\\\/motorista.com.br\\\/noticias\\\/2026\\\/08\\\/31\\\/conheca-o-pli-sp-2050-um-novo-horizonte-para-sao-paulo\\\/#primaryimage\"},\"thumbnailUrl\":\"https:\\\/\\\/motorista.com.br\\\/noticias\\\/wp-content\\\/uploads\\\/2026\\\/08\\\/ID-CL-1000-px-x-830-px-Este.png\",\"datePublished\":\"2026-09-01T00:03:49+00:00\",\"breadcrumb\":{\"@id\":\"https:\\\/\\\/motorista.com.br\\\/noticias\\\/2026\\\/08\\\/31\\\/conheca-o-pli-sp-2050-um-novo-horizonte-para-sao-paulo\\\/#breadcrumb\"},\"inLanguage\":\"pt-BR\",\"potentialAction\":[{\"@type\":\"ReadAction\",\"target\":[\"https:\\\/\\\/motorista.com.br\\\/noticias\\\/2026\\\/08\\\/31\\\/conheca-o-pli-sp-2050-um-novo-horizonte-para-sao-paulo\\\/\"]}]},{\"@type\":\"ImageObject\",\"inLanguage\":\"pt-BR\",\"@id\":\"https:\\\/\\\/motorista.com.br\\\/noticias\\\/2026\\\/08\\\/31\\\/conheca-o-pli-sp-2050-um-novo-horizonte-para-sao-paulo\\\/#primaryimage\",\"url\":\"https:\\\/\\\/motorista.com.br\\\/noticias\\\/wp-content\\\/uploads\\\/2026\\\/08\\\/ID-CL-1000-px-x-830-px-Este.png\",\"contentUrl\":\"https:\\\/\\\/motorista.com.br\\\/noticias\\\/wp-content\\\/uploads\\\/2026\\\/08\\\/ID-CL-1000-px-x-830-px-Este.png\",\"width\":1000,\"height\":821},{\"@type\":\"BreadcrumbList\",\"@id\":\"https:\\\/\\\/motorista.com.br\\\/noticias\\\/2026\\\/08\\\/31\\\/conheca-o-pli-sp-2050-um-novo-horizonte-para-sao-paulo\\\/#breadcrumb\",\"itemListElement\":[{\"@type\":\"ListItem\",\"position\":1,\"name\":\"In\u00edcio\",\"item\":\"https:\\\/\\\/motorista.com.br\\\/noticias\\\/\"},{\"@type\":\"ListItem\",\"position\":2,\"name\":\"Conhe\u00e7a o PLI-SP 2050: Um Novo Horizonte para S\u00e3o Paulo\"}]},{\"@type\":\"WebSite\",\"@id\":\"https:\\\/\\\/motorista.com.br\\\/noticias\\\/#website\",\"url\":\"https:\\\/\\\/motorista.com.br\\\/noticias\\\/\",\"name\":\"Motorista.com.br\",\"description\":\"Not\u00edcia do Motorista\",\"publisher\":{\"@id\":\"https:\\\/\\\/motorista.com.br\\\/noticias\\\/#organization\"},\"potentialAction\":[{\"@type\":\"SearchAction\",\"target\":{\"@type\":\"EntryPoint\",\"urlTemplate\":\"https:\\\/\\\/motorista.com.br\\\/noticias\\\/?s={search_term_string}\"},\"query-input\":{\"@type\":\"PropertyValueSpecification\",\"valueRequired\":true,\"valueName\":\"search_term_string\"}}],\"inLanguage\":\"pt-BR\"},{\"@type\":\"Organization\",\"@id\":\"https:\\\/\\\/motorista.com.br\\\/noticias\\\/#organization\",\"name\":\"Motorista.com.br\",\"url\":\"https:\\\/\\\/motorista.com.br\\\/noticias\\\/\",\"logo\":{\"@type\":\"ImageObject\",\"inLanguage\":\"pt-BR\",\"@id\":\"https:\\\/\\\/motorista.com.br\\\/noticias\\\/#\\\/schema\\\/logo\\\/image\\\/\",\"url\":\"https:\\\/\\\/motorista.com.br\\\/noticias\\\/wp-content\\\/uploads\\\/2025\\\/06\\\/Design-sem-nome-9.png\",\"contentUrl\":\"https:\\\/\\\/motorista.com.br\\\/noticias\\\/wp-content\\\/uploads\\\/2025\\\/06\\\/Design-sem-nome-9.png\",\"width\":150,\"height\":85,\"caption\":\"Motorista.com.br\"},\"image\":{\"@id\":\"https:\\\/\\\/motorista.com.br\\\/noticias\\\/#\\\/schema\\\/logo\\\/image\\\/\"}},{\"@type\":\"Person\",\"@id\":\"https:\\\/\\\/motorista.com.br\\\/noticias\\\/#\\\/schema\\\/person\\\/dc93afc2981c0e3ce6bc3c053fd847be\",\"name\":\"Equipe Reda\u00e7\u00e3o\",\"image\":{\"@type\":\"ImageObject\",\"inLanguage\":\"pt-BR\",\"@id\":\"https:\\\/\\\/secure.gravatar.com\\\/avatar\\\/4f525efbf18dd2bb300ccad28bfb99d95a9465a5ba268407c8c37b37e1f28d2d?s=96&d=mm&r=g9e099043a0c61e9ae27e293b9fa75ffc\",\"url\":\"https:\\\/\\\/secure.gravatar.com\\\/avatar\\\/4f525efbf18dd2bb300ccad28bfb99d95a9465a5ba268407c8c37b37e1f28d2d?s=96&d=mm&r=g\",\"contentUrl\":\"https:\\\/\\\/secure.gravatar.com\\\/avatar\\\/4f525efbf18dd2bb300ccad28bfb99d95a9465a5ba268407c8c37b37e1f28d2d?s=96&d=mm&r=g\",\"caption\":\"Equipe Reda\u00e7\u00e3o\"},\"description\":\"Equipe de reda\u00e7\u00e3o \u00e9 um grupo de profissionais que trabalham juntos para criar conte\u00fado escrito para Motorista.com.br\",\"url\":\"https:\\\/\\\/motorista.com.br\\\/noticias\\\/author\\\/equiperedacao\\\/\"}]}<\/script>\n<!-- \/ Yoast SEO Premium plugin. -->","yoast_head_json":{"title":"Conhe\u00e7a o PLI-SP 2050: Um Novo Horizonte para S\u00e3o Paulo - Motorista.com.br","robots":{"index":"index","follow":"follow","max-snippet":"max-snippet:-1","max-image-preview":"max-image-preview:large","max-video-preview":"max-video-preview:-1"},"canonical":"https:\/\/motorista.com.br\/noticias\/2026\/08\/31\/conheca-o-pli-sp-2050-um-novo-horizonte-para-sao-paulo\/","og_locale":"pt_BR","og_type":"article","og_title":"Conhe\u00e7a o PLI-SP 2050: Um Novo Horizonte para S\u00e3o Paulo","og_description":"Projeto chega \u00e0 etapa final de sele\u00e7\u00e3o das interven\u00e7\u00f5es que dever\u00e3o orientar investimentos em rodovias, ferrovias, portos, hidrovias, aeroportos e terminais at\u00e9 2050 O Plano de Log\u00edstica e Investimentos do Estado de S\u00e3o Paulo (PLI-SP 2050) inicia a fase de transforma\u00e7\u00e3o dos estudos realizados desde 2023 em uma carteira de interven\u00e7\u00f5es priorit\u00e1rias. O cronograma da &hellip;","og_url":"https:\/\/motorista.com.br\/noticias\/2026\/08\/31\/conheca-o-pli-sp-2050-um-novo-horizonte-para-sao-paulo\/","og_site_name":"Motorista.com.br","article_published_time":"2026-09-01T00:03:49+00:00","author":"Equipe Reda\u00e7\u00e3o","twitter_card":"summary_large_image","twitter_misc":{"Escrito por":"Equipe Reda\u00e7\u00e3o","Est. tempo de leitura":"2 minutos","Written by":"Equipe Reda\u00e7\u00e3o"},"schema":{"@context":"https:\/\/schema.org","@graph":[{"@type":"Article","@id":"https:\/\/motorista.com.br\/noticias\/2026\/08\/31\/conheca-o-pli-sp-2050-um-novo-horizonte-para-sao-paulo\/#article","isPartOf":{"@id":"https:\/\/motorista.com.br\/noticias\/2026\/08\/31\/conheca-o-pli-sp-2050-um-novo-horizonte-para-sao-paulo\/"},"author":{"name":"Equipe Reda\u00e7\u00e3o","@id":"https:\/\/motorista.com.br\/noticias\/#\/schema\/person\/dc93afc2981c0e3ce6bc3c053fd847be"},"headline":"Conhe\u00e7a o PLI-SP 2050: Um Novo Horizonte para S\u00e3o Paulo","datePublished":"2026-09-01T00:03:49+00:00","mainEntityOfPage":{"@id":"https:\/\/motorista.com.br\/noticias\/2026\/08\/31\/conheca-o-pli-sp-2050-um-novo-horizonte-para-sao-paulo\/"},"wordCount":488,"publisher":{"@id":"https:\/\/motorista.com.br\/noticias\/#organization"},"image":{"@id":"https:\/\/motorista.com.br\/noticias\/2026\/08\/31\/conheca-o-pli-sp-2050-um-novo-horizonte-para-sao-paulo\/#primaryimage"},"thumbnailUrl":"https:\/\/motorista.com.br\/noticias\/wp-content\/uploads\/2026\/08\/ID-CL-1000-px-x-830-px-Este.png","articleSection":["Log\u00edstica"],"inLanguage":"pt-BR"},{"@type":"WebPage","@id":"https:\/\/motorista.com.br\/noticias\/2026\/08\/31\/conheca-o-pli-sp-2050-um-novo-horizonte-para-sao-paulo\/","url":"https:\/\/motorista.com.br\/noticias\/2026\/08\/31\/conheca-o-pli-sp-2050-um-novo-horizonte-para-sao-paulo\/","name":"Conhe\u00e7a o PLI-SP 2050: Um Novo Horizonte para S\u00e3o Paulo - Motorista.com.br","isPartOf":{"@id":"https:\/\/motorista.com.br\/noticias\/#website"},"primaryImageOfPage":{"@id":"https:\/\/motorista.com.br\/noticias\/2026\/08\/31\/conheca-o-pli-sp-2050-um-novo-horizonte-para-sao-paulo\/#primaryimage"},"image":{"@id":"https:\/\/motorista.com.br\/noticias\/2026\/08\/31\/conheca-o-pli-sp-2050-um-novo-horizonte-para-sao-paulo\/#primaryimage"},"thumbnailUrl":"https:\/\/motorista.com.br\/noticias\/wp-content\/uploads\/2026\/08\/ID-CL-1000-px-x-830-px-Este.png","datePublished":"2026-09-01T00:03:49+00:00","breadcrumb":{"@id":"https:\/\/motorista.com.br\/noticias\/2026\/08\/31\/conheca-o-pli-sp-2050-um-novo-horizonte-para-sao-paulo\/#breadcrumb"},"inLanguage":"pt-BR","potentialAction":[{"@type":"ReadAction","target":["https:\/\/motorista.com.br\/noticias\/2026\/08\/31\/conheca-o-pli-sp-2050-um-novo-horizonte-para-sao-paulo\/"]}]},{"@type":"ImageObject","inLanguage":"pt-BR","@id":"https:\/\/motorista.com.br\/noticias\/2026\/08\/31\/conheca-o-pli-sp-2050-um-novo-horizonte-para-sao-paulo\/#primaryimage","url":"https:\/\/motorista.com.br\/noticias\/wp-content\/uploads\/2026\/08\/ID-CL-1000-px-x-830-px-Este.png","contentUrl":"https:\/\/motorista.com.br\/noticias\/wp-content\/uploads\/2026\/08\/ID-CL-1000-px-x-830-px-Este.png","width":1000,"height":821},{"@type":"BreadcrumbList","@id":"https:\/\/motorista.com.br\/noticias\/2026\/08\/31\/conheca-o-pli-sp-2050-um-novo-horizonte-para-sao-paulo\/#breadcrumb","itemListElement":[{"@type":"ListItem","position":1,"name":"In\u00edcio","item":"https:\/\/motorista.com.br\/noticias\/"},{"@type":"ListItem","position":2,"name":"Conhe\u00e7a o PLI-SP 2050: Um Novo Horizonte para S\u00e3o Paulo"}]},{"@type":"WebSite","@id":"https:\/\/motorista.com.br\/noticias\/#website","url":"https:\/\/motorista.com.br\/noticias\/","name":"Motorista.com.br","description":"Not\u00edcia do Motorista","publisher":{"@id":"https:\/\/motorista.com.br\/noticias\/#organization"},"potentialAction":[{"@type":"SearchAction","target":{"@type":"EntryPoint","urlTemplate":"https:\/\/motorista.com.br\/noticias\/?s={search_term_string}"},"query-input":{"@type":"PropertyValueSpecification","valueRequired":true,"valueName":"search_term_string"}}],"inLanguage":"pt-BR"},{"@type":"Organization","@id":"https:\/\/motorista.com.br\/noticias\/#organization","name":"Motorista.com.br","url":"https:\/\/motorista.com.br\/noticias\/","logo":{"@type":"ImageObject","inLanguage":"pt-BR","@id":"https:\/\/motorista.com.br\/noticias\/#\/schema\/logo\/image\/","url":"https:\/\/motorista.com.br\/noticias\/wp-content\/uploads\/2025\/06\/Design-sem-nome-9.png","contentUrl":"https:\/\/motorista.com.br\/noticias\/wp-content\/uploads\/2025\/06\/Design-sem-nome-9.png","width":150,"height":85,"caption":"Motorista.com.br"},"image":{"@id":"https:\/\/motorista.com.br\/noticias\/#\/schema\/logo\/image\/"}},{"@type":"Person","@id":"https:\/\/motorista.com.br\/noticias\/#\/schema\/person\/dc93afc2981c0e3ce6bc3c053fd847be","name":"Equipe Reda\u00e7\u00e3o","image":{"@type":"ImageObject","inLanguage":"pt-BR","@id":"https:\/\/secure.gravatar.com\/avatar\/4f525efbf18dd2bb300ccad28bfb99d95a9465a5ba268407c8c37b37e1f28d2d?s=96&d=mm&r=g9e099043a0c61e9ae27e293b9fa75ffc","url":"https:\/\/secure.gravatar.com\/avatar\/4f525efbf18dd2bb300ccad28bfb99d95a9465a5ba268407c8c37b37e1f28d2d?s=96&d=mm&r=g","contentUrl":"https:\/\/secure.gravatar.com\/avatar\/4f525efbf18dd2bb300ccad28bfb99d95a9465a5ba268407c8c37b37e1f28d2d?s=96&d=mm&r=g","caption":"Equipe Reda\u00e7\u00e3o"},"description":"Equipe de reda\u00e7\u00e3o \u00e9 um grupo de profissionais que trabalham juntos para criar conte\u00fado escrito para Motorista.com.br","url":"https:\/\/motorista.com.br\/noticias\/author\/equiperedacao\/"}]}},"_links":{"self":[{"href":"https:\/\/motorista.com.br\/noticias\/wp-json\/wp\/v2\/posts\/14165","targetHints":{"allow":["GET"]}}],"collection":[{"href":"https:\/\/motorista.com.br\/noticias\/wp-json\/wp\/v2\/posts"}],"about":[{"href":"https:\/\/motorista.com.br\/noticias\/wp-json\/wp\/v2\/types\/post"}],"author":[{"embeddable":true,"href":"https:\/\/motorista.com.br\/noticias\/wp-json\/wp\/v2\/users\/4"}],"replies":[{"embeddable":true,"href":"https:\/\/motorista.com.br\/noticias\/wp-json\/wp\/v2\/comments?post=14165"}],"version-history":[{"count":0,"href":"https:\/\/motorista.com.br\/noticias\/wp-json\/wp\/v2\/posts\/14165\/revisions"}],"wp:featuredmedia":[{"embeddable":true,"href":"https:\/\/motorista.com.br\/noticias\/wp-json\/wp\/v2\/media\/14166"}],"wp:attachment":[{"href":"https:\/\/motorista.com.br\/noticias\/wp-json\/wp\/v2\/media?parent=14165"}],"wp:term":[{"taxonomy":"category","embeddable":true,"href":"https:\/\/motorista.com.br\/noticias\/wp-json\/wp\/v2\/categories?post=14165"},{"taxonomy":"post_tag","embeddable":true,"href":"https:\/\/motorista.com.br\/noticias\/wp-json\/wp\/v2\/tags?post=14165"},{"taxonomy":"author","embeddable":true,"href":"https:\/\/motorista.com.br\/noticias\/wp-json\/wp\/v2\/coauthors?post=14165"}],"curies":[{"name":"wp","href":"https:\/\/api.w.org\/{rel}","templated":true}]}}