{"id":14162,"date":"2026-08-31T19:26:00","date_gmt":"2026-08-31T22:26:00","guid":{"rendered":"https:\/\/motorista.com.br\/noticias\/2026\/08\/31\/pec-221-2019-mudancas-na-jornada-6x1-avancam-no-senado-e-podem-ser-votadas-em-breve\/"},"modified":"2026-08-31T19:26:00","modified_gmt":"2026-08-31T22:26:00","slug":"pec-221-2019-mudancas-na-jornada-6x1-avancam-no-senado-e-podem-ser-votadas-em-breve","status":"publish","type":"post","link":"https:\/\/motorista.com.br\/noticias\/2026\/08\/31\/pec-221-2019-mudancas-na-jornada-6x1-avancam-no-senado-e-podem-ser-votadas-em-breve\/","title":{"rendered":"PEC 221\/2019: Mudan\u00e7as na jornada 6&#215;1 avan\u00e7am no Senado e podem ser votadas em breve."},"content":{"rendered":"<p><\/p>\n<div>\n<p style=\"text-align: right;\"><b><i>Por Narciso Figueir\u00f4a Junior<\/i><\/b><\/p>\n<p>A tramita\u00e7\u00e3o da Proposta de Emenda \u00e0 Constitui\u00e7\u00e3o n\u00ba 221\/2019, que prop\u00f5e a redu\u00e7\u00e3o da jornada de trabalho de 44 para 40 horas semanais e estabelece dois dias de repouso semanal remunerado, avan\u00e7ou consideravelmente no Senado Federal. Essa iniciativa merece a aten\u00e7\u00e3o das entidades representativas e das empresas do Transporte Rodovi\u00e1rio de Cargas, pois seu impacto pode ser significativo para motoristas e a mobilidade geral do setor.<\/p>\n<p>A proposta, que j\u00e1 foi aprovada pela C\u00e2mara dos Deputados em dois turnos, foi enviada ao Senado e recebeu parecer favor\u00e1vel na Comiss\u00e3o de Constitui\u00e7\u00e3o, Justi\u00e7a e Cidadania (CCJ). O novo texto em discuss\u00e3o altera o artigo 7\u00ba da Constitui\u00e7\u00e3o, mantendo a possibilidade de compensa\u00e7\u00e3o de hor\u00e1rios e de negocia\u00e7\u00e3o por meio de acordos coletivos, o que significa que as particularidades operacionais do setor podem ser preservadas.<\/p>\n<p>A redu\u00e7\u00e3o da carga hor\u00e1ria, sem afetar o sal\u00e1rio, poder\u00e1 aumentar o custo da hora trabalhada. Isso implica que as empresas de transporte rodovi\u00e1rio podem ter que reorganizar suas escalas de trabalho e aumentar suas equipes para manter a efici\u00eancia operacional, refletindo em uma mobilidade mais equilibrada e sustent\u00e1vel. A manuten\u00e7\u00e3o de dois dias de descanso por semana deve, al\u00e9m disso, promover melhor qualidade de vida para os motoristas, o que \u00e9 fundamental para a seguran\u00e7a nas estradas.<\/p>\n<p>Outro aspecto importante \u00e9 que, com a nova regulamenta\u00e7\u00e3o, as conven\u00e7\u00f5es coletivas t\u00eam um papel ainda mais relevante, j\u00e1 que a proposta ressalta a import\u00e2ncia da negocia\u00e7\u00e3o coletiva, garantindo um espa\u00e7o para adequa\u00e7\u00f5es que considerem as singularidades do Transporte Rodovi\u00e1rio de Cargas. A possibilidade de estabelecer regimes de compensa\u00e7\u00e3o torna vi\u00e1vel a adapta\u00e7\u00e3o das jornadas de trabalho sem comprometer a log\u00edstica e efici\u00eancia necess\u00e1ria ao setor.<\/p>\n<p>A tramita\u00e7\u00e3o da PEC 221\/2019 deve ser acompanhada, pois seu conte\u00fado poder\u00e1 ter efeitos diretos sobre os acordos coletivos atualmente em vigor. O artigo 3\u00ba da proposta prev\u00ea que, ap\u00f3s dois meses da promulga\u00e7\u00e3o da emenda, as cl\u00e1usulas que n\u00e3o se adequarem ao novo regime perder\u00e3o validade. Isso significa que um di\u00e1logo constante entre empregadores e empregados ser\u00e1 essencial para garantir que os direitos dos trabalhadores sejam respeitados ao mesmo tempo em que se mant\u00e9m a efici\u00eancia operacional das empresas.<\/p>\n<p>Considerando as emendas que buscam preservar jornadas maiores em algumas situa\u00e7\u00f5es, \u00e9 evidente que o tema permanecer\u00e1 em debate, especialmente no que diz respeito \u00e0 manuten\u00e7\u00e3o de regimes diferenciados como o 12&#215;36 e outros. O respaldo jur\u00eddico para acordos coletivos j\u00e1 existentes garante uma base para negocia\u00e7\u00f5es futuras, e a rejei\u00e7\u00e3o das emendas que queriam a manuten\u00e7\u00e3o de jornadas superiores demonstra um compromisso com a nova realidade proposta.<\/p>\n<p>\u00c0 medida que a proposta avan\u00e7a, os setores interessados devem estar atentos \u00e0s discuss\u00f5es e poss\u00edveis modifica\u00e7\u00f5es que possam surgir. A din\u00e2mica do Transporte Rodovi\u00e1rio de Cargas \u00e9 crucial para a economia e a qualidade de vida dos motoristas. Assim, o acompanhamento pr\u00f3ximo por parte das entidades representativas ser\u00e1 vital para assegurar que a emenda, quando promulgada, traga benef\u00edcios concretos tanto para os trabalhadores quanto para a efici\u00eancia do setor.<\/p>\n<p>Apesar dos avan\u00e7os, a aprova\u00e7\u00e3o definitiva ainda depende de uma vota\u00e7\u00e3o em dois turnos no Senado, onde tr\u00eas quintos dos senadores dever\u00e3o votar favoravelmente. Portanto, o setor precisa estar preparado para atuar conforme as delibera\u00e7\u00f5es se desenrolam, garantindo uma mobilidade que beneficie a todos.<\/p>\n<p><b>Narciso Figueir\u00f4a Junior<\/b><\/p>\n<p><b>Assessor Jur\u00eddico do SETCESP<\/b><\/p>\n<\/div>\n","protected":false},"excerpt":{"rendered":"<p>Por Narciso Figueir\u00f4a Junior A tramita\u00e7\u00e3o da Proposta de Emenda \u00e0 Constitui\u00e7\u00e3o n\u00ba 221\/2019, que prop\u00f5e a redu\u00e7\u00e3o da jornada de trabalho de 44 para 40 horas semanais e estabelece dois dias de repouso semanal remunerado, avan\u00e7ou consideravelmente no Senado Federal. Essa iniciativa merece a aten\u00e7\u00e3o das entidades representativas e das empresas do Transporte Rodovi\u00e1rio &hellip;<\/p>\n","protected":false},"author":4,"featured_media":14163,"comment_status":"","ping_status":"open","sticky":false,"template":"","format":"standard","meta":{"footnotes":""},"categories":[62],"tags":[],"coauthors":[42],"class_list":["post-14162","post","type-post","status-publish","format-standard","has-post-thumbnail","hentry","category-logistica"],"yoast_head":"<!-- This site is optimized with the Yoast SEO Premium plugin v27.6.1 (Yoast SEO v28.3) - https:\/\/yoast.com\/product\/yoast-seo-premium-wordpress\/ -->\n<title>PEC 221\/2019: Mudan\u00e7as na jornada 6x1 avan\u00e7am no Senado e podem ser votadas em breve. - Motorista.com.br<\/title>\n<meta name=\"robots\" content=\"index, follow, max-snippet:-1, max-image-preview:large, max-video-preview:-1\" \/>\n<link rel=\"canonical\" href=\"https:\/\/motorista.com.br\/noticias\/2026\/08\/31\/pec-221-2019-mudancas-na-jornada-6x1-avancam-no-senado-e-podem-ser-votadas-em-breve\/\" \/>\n<meta property=\"og:locale\" content=\"pt_BR\" \/>\n<meta property=\"og:type\" content=\"article\" \/>\n<meta property=\"og:title\" content=\"PEC 221\/2019: Mudan\u00e7as na jornada 6x1 avan\u00e7am no Senado e podem ser votadas em breve.\" \/>\n<meta property=\"og:description\" content=\"Por Narciso Figueir\u00f4a Junior A tramita\u00e7\u00e3o da Proposta de Emenda \u00e0 Constitui\u00e7\u00e3o n\u00ba 221\/2019, que prop\u00f5e a redu\u00e7\u00e3o da jornada de trabalho de 44 para 40 horas semanais e estabelece dois dias de repouso semanal remunerado, avan\u00e7ou consideravelmente no Senado Federal. Essa iniciativa merece a aten\u00e7\u00e3o das entidades representativas e das empresas do Transporte Rodovi\u00e1rio &hellip;\" \/>\n<meta property=\"og:url\" content=\"https:\/\/motorista.com.br\/noticias\/2026\/08\/31\/pec-221-2019-mudancas-na-jornada-6x1-avancam-no-senado-e-podem-ser-votadas-em-breve\/\" \/>\n<meta property=\"og:site_name\" content=\"Motorista.com.br\" \/>\n<meta property=\"article:published_time\" content=\"2026-08-31T22:26:00+00:00\" \/>\n<meta name=\"author\" content=\"Equipe Reda\u00e7\u00e3o\" \/>\n<meta name=\"twitter:card\" content=\"summary_large_image\" \/>\n<meta name=\"twitter:label1\" content=\"Escrito por\" \/>\n\t<meta name=\"twitter:data1\" content=\"Equipe Reda\u00e7\u00e3o\" \/>\n\t<meta name=\"twitter:label2\" content=\"Est. tempo de leitura\" \/>\n\t<meta name=\"twitter:data2\" content=\"3 minutos\" \/>\n\t<meta name=\"twitter:label3\" content=\"Written by\" \/>\n\t<meta name=\"twitter:data3\" content=\"Equipe Reda\u00e7\u00e3o\" \/>\n<script type=\"application\/ld+json\" class=\"yoast-schema-graph\">{\"@context\":\"https:\\\/\\\/schema.org\",\"@graph\":[{\"@type\":\"Article\",\"@id\":\"https:\\\/\\\/motorista.com.br\\\/noticias\\\/2026\\\/08\\\/31\\\/pec-221-2019-mudancas-na-jornada-6x1-avancam-no-senado-e-podem-ser-votadas-em-breve\\\/#article\",\"isPartOf\":{\"@id\":\"https:\\\/\\\/motorista.com.br\\\/noticias\\\/2026\\\/08\\\/31\\\/pec-221-2019-mudancas-na-jornada-6x1-avancam-no-senado-e-podem-ser-votadas-em-breve\\\/\"},\"author\":{\"name\":\"Equipe Reda\u00e7\u00e3o\",\"@id\":\"https:\\\/\\\/motorista.com.br\\\/noticias\\\/#\\\/schema\\\/person\\\/dc93afc2981c0e3ce6bc3c053fd847be\"},\"headline\":\"PEC 221\\\/2019: Mudan\u00e7as na jornada 6&#215;1 avan\u00e7am no Senado e podem ser votadas em breve.\",\"datePublished\":\"2026-08-31T22:26:00+00:00\",\"mainEntityOfPage\":{\"@id\":\"https:\\\/\\\/motorista.com.br\\\/noticias\\\/2026\\\/08\\\/31\\\/pec-221-2019-mudancas-na-jornada-6x1-avancam-no-senado-e-podem-ser-votadas-em-breve\\\/\"},\"wordCount\":628,\"publisher\":{\"@id\":\"https:\\\/\\\/motorista.com.br\\\/noticias\\\/#organization\"},\"image\":{\"@id\":\"https:\\\/\\\/motorista.com.br\\\/noticias\\\/2026\\\/08\\\/31\\\/pec-221-2019-mudancas-na-jornada-6x1-avancam-no-senado-e-podem-ser-votadas-em-breve\\\/#primaryimage\"},\"thumbnailUrl\":\"https:\\\/\\\/motorista.com.br\\\/noticias\\\/wp-content\\\/uploads\\\/2026\\\/08\\\/31-08-26-SO_Fique_atento_SETCESP_1400x700.png\",\"articleSection\":[\"Log\u00edstica\"],\"inLanguage\":\"pt-BR\"},{\"@type\":\"WebPage\",\"@id\":\"https:\\\/\\\/motorista.com.br\\\/noticias\\\/2026\\\/08\\\/31\\\/pec-221-2019-mudancas-na-jornada-6x1-avancam-no-senado-e-podem-ser-votadas-em-breve\\\/\",\"url\":\"https:\\\/\\\/motorista.com.br\\\/noticias\\\/2026\\\/08\\\/31\\\/pec-221-2019-mudancas-na-jornada-6x1-avancam-no-senado-e-podem-ser-votadas-em-breve\\\/\",\"name\":\"PEC 221\\\/2019: Mudan\u00e7as na jornada 6x1 avan\u00e7am no Senado e podem ser votadas em breve. - Motorista.com.br\",\"isPartOf\":{\"@id\":\"https:\\\/\\\/motorista.com.br\\\/noticias\\\/#website\"},\"primaryImageOfPage\":{\"@id\":\"https:\\\/\\\/motorista.com.br\\\/noticias\\\/2026\\\/08\\\/31\\\/pec-221-2019-mudancas-na-jornada-6x1-avancam-no-senado-e-podem-ser-votadas-em-breve\\\/#primaryimage\"},\"image\":{\"@id\":\"https:\\\/\\\/motorista.com.br\\\/noticias\\\/2026\\\/08\\\/31\\\/pec-221-2019-mudancas-na-jornada-6x1-avancam-no-senado-e-podem-ser-votadas-em-breve\\\/#primaryimage\"},\"thumbnailUrl\":\"https:\\\/\\\/motorista.com.br\\\/noticias\\\/wp-content\\\/uploads\\\/2026\\\/08\\\/31-08-26-SO_Fique_atento_SETCESP_1400x700.png\",\"datePublished\":\"2026-08-31T22:26:00+00:00\",\"breadcrumb\":{\"@id\":\"https:\\\/\\\/motorista.com.br\\\/noticias\\\/2026\\\/08\\\/31\\\/pec-221-2019-mudancas-na-jornada-6x1-avancam-no-senado-e-podem-ser-votadas-em-breve\\\/#breadcrumb\"},\"inLanguage\":\"pt-BR\",\"potentialAction\":[{\"@type\":\"ReadAction\",\"target\":[\"https:\\\/\\\/motorista.com.br\\\/noticias\\\/2026\\\/08\\\/31\\\/pec-221-2019-mudancas-na-jornada-6x1-avancam-no-senado-e-podem-ser-votadas-em-breve\\\/\"]}]},{\"@type\":\"ImageObject\",\"inLanguage\":\"pt-BR\",\"@id\":\"https:\\\/\\\/motorista.com.br\\\/noticias\\\/2026\\\/08\\\/31\\\/pec-221-2019-mudancas-na-jornada-6x1-avancam-no-senado-e-podem-ser-votadas-em-breve\\\/#primaryimage\",\"url\":\"https:\\\/\\\/motorista.com.br\\\/noticias\\\/wp-content\\\/uploads\\\/2026\\\/08\\\/31-08-26-SO_Fique_atento_SETCESP_1400x700.png\",\"contentUrl\":\"https:\\\/\\\/motorista.com.br\\\/noticias\\\/wp-content\\\/uploads\\\/2026\\\/08\\\/31-08-26-SO_Fique_atento_SETCESP_1400x700.png\",\"width\":1400,\"height\":700},{\"@type\":\"BreadcrumbList\",\"@id\":\"https:\\\/\\\/motorista.com.br\\\/noticias\\\/2026\\\/08\\\/31\\\/pec-221-2019-mudancas-na-jornada-6x1-avancam-no-senado-e-podem-ser-votadas-em-breve\\\/#breadcrumb\",\"itemListElement\":[{\"@type\":\"ListItem\",\"position\":1,\"name\":\"In\u00edcio\",\"item\":\"https:\\\/\\\/motorista.com.br\\\/noticias\\\/\"},{\"@type\":\"ListItem\",\"position\":2,\"name\":\"PEC 221\\\/2019: Mudan\u00e7as na jornada 6&#215;1 avan\u00e7am no Senado e podem ser votadas em breve.\"}]},{\"@type\":\"WebSite\",\"@id\":\"https:\\\/\\\/motorista.com.br\\\/noticias\\\/#website\",\"url\":\"https:\\\/\\\/motorista.com.br\\\/noticias\\\/\",\"name\":\"Motorista.com.br\",\"description\":\"Not\u00edcia do Motorista\",\"publisher\":{\"@id\":\"https:\\\/\\\/motorista.com.br\\\/noticias\\\/#organization\"},\"potentialAction\":[{\"@type\":\"SearchAction\",\"target\":{\"@type\":\"EntryPoint\",\"urlTemplate\":\"https:\\\/\\\/motorista.com.br\\\/noticias\\\/?s={search_term_string}\"},\"query-input\":{\"@type\":\"PropertyValueSpecification\",\"valueRequired\":true,\"valueName\":\"search_term_string\"}}],\"inLanguage\":\"pt-BR\"},{\"@type\":\"Organization\",\"@id\":\"https:\\\/\\\/motorista.com.br\\\/noticias\\\/#organization\",\"name\":\"Motorista.com.br\",\"url\":\"https:\\\/\\\/motorista.com.br\\\/noticias\\\/\",\"logo\":{\"@type\":\"ImageObject\",\"inLanguage\":\"pt-BR\",\"@id\":\"https:\\\/\\\/motorista.com.br\\\/noticias\\\/#\\\/schema\\\/logo\\\/image\\\/\",\"url\":\"https:\\\/\\\/motorista.com.br\\\/noticias\\\/wp-content\\\/uploads\\\/2025\\\/06\\\/Design-sem-nome-9.png\",\"contentUrl\":\"https:\\\/\\\/motorista.com.br\\\/noticias\\\/wp-content\\\/uploads\\\/2025\\\/06\\\/Design-sem-nome-9.png\",\"width\":150,\"height\":85,\"caption\":\"Motorista.com.br\"},\"image\":{\"@id\":\"https:\\\/\\\/motorista.com.br\\\/noticias\\\/#\\\/schema\\\/logo\\\/image\\\/\"}},{\"@type\":\"Person\",\"@id\":\"https:\\\/\\\/motorista.com.br\\\/noticias\\\/#\\\/schema\\\/person\\\/dc93afc2981c0e3ce6bc3c053fd847be\",\"name\":\"Equipe Reda\u00e7\u00e3o\",\"image\":{\"@type\":\"ImageObject\",\"inLanguage\":\"pt-BR\",\"@id\":\"https:\\\/\\\/secure.gravatar.com\\\/avatar\\\/4f525efbf18dd2bb300ccad28bfb99d95a9465a5ba268407c8c37b37e1f28d2d?s=96&d=mm&r=g9e099043a0c61e9ae27e293b9fa75ffc\",\"url\":\"https:\\\/\\\/secure.gravatar.com\\\/avatar\\\/4f525efbf18dd2bb300ccad28bfb99d95a9465a5ba268407c8c37b37e1f28d2d?s=96&d=mm&r=g\",\"contentUrl\":\"https:\\\/\\\/secure.gravatar.com\\\/avatar\\\/4f525efbf18dd2bb300ccad28bfb99d95a9465a5ba268407c8c37b37e1f28d2d?s=96&d=mm&r=g\",\"caption\":\"Equipe Reda\u00e7\u00e3o\"},\"description\":\"Equipe de reda\u00e7\u00e3o \u00e9 um grupo de profissionais que trabalham juntos para criar conte\u00fado escrito para Motorista.com.br\",\"url\":\"https:\\\/\\\/motorista.com.br\\\/noticias\\\/author\\\/equiperedacao\\\/\"}]}<\/script>\n<!-- \/ Yoast SEO Premium plugin. -->","yoast_head_json":{"title":"PEC 221\/2019: Mudan\u00e7as na jornada 6x1 avan\u00e7am no Senado e podem ser votadas em breve. - Motorista.com.br","robots":{"index":"index","follow":"follow","max-snippet":"max-snippet:-1","max-image-preview":"max-image-preview:large","max-video-preview":"max-video-preview:-1"},"canonical":"https:\/\/motorista.com.br\/noticias\/2026\/08\/31\/pec-221-2019-mudancas-na-jornada-6x1-avancam-no-senado-e-podem-ser-votadas-em-breve\/","og_locale":"pt_BR","og_type":"article","og_title":"PEC 221\/2019: Mudan\u00e7as na jornada 6x1 avan\u00e7am no Senado e podem ser votadas em breve.","og_description":"Por Narciso Figueir\u00f4a Junior A tramita\u00e7\u00e3o da Proposta de Emenda \u00e0 Constitui\u00e7\u00e3o n\u00ba 221\/2019, que prop\u00f5e a redu\u00e7\u00e3o da jornada de trabalho de 44 para 40 horas semanais e estabelece dois dias de repouso semanal remunerado, avan\u00e7ou consideravelmente no Senado Federal. Essa iniciativa merece a aten\u00e7\u00e3o das entidades representativas e das empresas do Transporte Rodovi\u00e1rio &hellip;","og_url":"https:\/\/motorista.com.br\/noticias\/2026\/08\/31\/pec-221-2019-mudancas-na-jornada-6x1-avancam-no-senado-e-podem-ser-votadas-em-breve\/","og_site_name":"Motorista.com.br","article_published_time":"2026-08-31T22:26:00+00:00","author":"Equipe Reda\u00e7\u00e3o","twitter_card":"summary_large_image","twitter_misc":{"Escrito por":"Equipe Reda\u00e7\u00e3o","Est. tempo de leitura":"3 minutos","Written by":"Equipe Reda\u00e7\u00e3o"},"schema":{"@context":"https:\/\/schema.org","@graph":[{"@type":"Article","@id":"https:\/\/motorista.com.br\/noticias\/2026\/08\/31\/pec-221-2019-mudancas-na-jornada-6x1-avancam-no-senado-e-podem-ser-votadas-em-breve\/#article","isPartOf":{"@id":"https:\/\/motorista.com.br\/noticias\/2026\/08\/31\/pec-221-2019-mudancas-na-jornada-6x1-avancam-no-senado-e-podem-ser-votadas-em-breve\/"},"author":{"name":"Equipe Reda\u00e7\u00e3o","@id":"https:\/\/motorista.com.br\/noticias\/#\/schema\/person\/dc93afc2981c0e3ce6bc3c053fd847be"},"headline":"PEC 221\/2019: Mudan\u00e7as na jornada 6&#215;1 avan\u00e7am no Senado e podem ser votadas em breve.","datePublished":"2026-08-31T22:26:00+00:00","mainEntityOfPage":{"@id":"https:\/\/motorista.com.br\/noticias\/2026\/08\/31\/pec-221-2019-mudancas-na-jornada-6x1-avancam-no-senado-e-podem-ser-votadas-em-breve\/"},"wordCount":628,"publisher":{"@id":"https:\/\/motorista.com.br\/noticias\/#organization"},"image":{"@id":"https:\/\/motorista.com.br\/noticias\/2026\/08\/31\/pec-221-2019-mudancas-na-jornada-6x1-avancam-no-senado-e-podem-ser-votadas-em-breve\/#primaryimage"},"thumbnailUrl":"https:\/\/motorista.com.br\/noticias\/wp-content\/uploads\/2026\/08\/31-08-26-SO_Fique_atento_SETCESP_1400x700.png","articleSection":["Log\u00edstica"],"inLanguage":"pt-BR"},{"@type":"WebPage","@id":"https:\/\/motorista.com.br\/noticias\/2026\/08\/31\/pec-221-2019-mudancas-na-jornada-6x1-avancam-no-senado-e-podem-ser-votadas-em-breve\/","url":"https:\/\/motorista.com.br\/noticias\/2026\/08\/31\/pec-221-2019-mudancas-na-jornada-6x1-avancam-no-senado-e-podem-ser-votadas-em-breve\/","name":"PEC 221\/2019: Mudan\u00e7as na jornada 6x1 avan\u00e7am no Senado e podem ser votadas em breve. - Motorista.com.br","isPartOf":{"@id":"https:\/\/motorista.com.br\/noticias\/#website"},"primaryImageOfPage":{"@id":"https:\/\/motorista.com.br\/noticias\/2026\/08\/31\/pec-221-2019-mudancas-na-jornada-6x1-avancam-no-senado-e-podem-ser-votadas-em-breve\/#primaryimage"},"image":{"@id":"https:\/\/motorista.com.br\/noticias\/2026\/08\/31\/pec-221-2019-mudancas-na-jornada-6x1-avancam-no-senado-e-podem-ser-votadas-em-breve\/#primaryimage"},"thumbnailUrl":"https:\/\/motorista.com.br\/noticias\/wp-content\/uploads\/2026\/08\/31-08-26-SO_Fique_atento_SETCESP_1400x700.png","datePublished":"2026-08-31T22:26:00+00:00","breadcrumb":{"@id":"https:\/\/motorista.com.br\/noticias\/2026\/08\/31\/pec-221-2019-mudancas-na-jornada-6x1-avancam-no-senado-e-podem-ser-votadas-em-breve\/#breadcrumb"},"inLanguage":"pt-BR","potentialAction":[{"@type":"ReadAction","target":["https:\/\/motorista.com.br\/noticias\/2026\/08\/31\/pec-221-2019-mudancas-na-jornada-6x1-avancam-no-senado-e-podem-ser-votadas-em-breve\/"]}]},{"@type":"ImageObject","inLanguage":"pt-BR","@id":"https:\/\/motorista.com.br\/noticias\/2026\/08\/31\/pec-221-2019-mudancas-na-jornada-6x1-avancam-no-senado-e-podem-ser-votadas-em-breve\/#primaryimage","url":"https:\/\/motorista.com.br\/noticias\/wp-content\/uploads\/2026\/08\/31-08-26-SO_Fique_atento_SETCESP_1400x700.png","contentUrl":"https:\/\/motorista.com.br\/noticias\/wp-content\/uploads\/2026\/08\/31-08-26-SO_Fique_atento_SETCESP_1400x700.png","width":1400,"height":700},{"@type":"BreadcrumbList","@id":"https:\/\/motorista.com.br\/noticias\/2026\/08\/31\/pec-221-2019-mudancas-na-jornada-6x1-avancam-no-senado-e-podem-ser-votadas-em-breve\/#breadcrumb","itemListElement":[{"@type":"ListItem","position":1,"name":"In\u00edcio","item":"https:\/\/motorista.com.br\/noticias\/"},{"@type":"ListItem","position":2,"name":"PEC 221\/2019: Mudan\u00e7as na jornada 6&#215;1 avan\u00e7am no Senado e podem ser votadas em breve."}]},{"@type":"WebSite","@id":"https:\/\/motorista.com.br\/noticias\/#website","url":"https:\/\/motorista.com.br\/noticias\/","name":"Motorista.com.br","description":"Not\u00edcia do Motorista","publisher":{"@id":"https:\/\/motorista.com.br\/noticias\/#organization"},"potentialAction":[{"@type":"SearchAction","target":{"@type":"EntryPoint","urlTemplate":"https:\/\/motorista.com.br\/noticias\/?s={search_term_string}"},"query-input":{"@type":"PropertyValueSpecification","valueRequired":true,"valueName":"search_term_string"}}],"inLanguage":"pt-BR"},{"@type":"Organization","@id":"https:\/\/motorista.com.br\/noticias\/#organization","name":"Motorista.com.br","url":"https:\/\/motorista.com.br\/noticias\/","logo":{"@type":"ImageObject","inLanguage":"pt-BR","@id":"https:\/\/motorista.com.br\/noticias\/#\/schema\/logo\/image\/","url":"https:\/\/motorista.com.br\/noticias\/wp-content\/uploads\/2025\/06\/Design-sem-nome-9.png","contentUrl":"https:\/\/motorista.com.br\/noticias\/wp-content\/uploads\/2025\/06\/Design-sem-nome-9.png","width":150,"height":85,"caption":"Motorista.com.br"},"image":{"@id":"https:\/\/motorista.com.br\/noticias\/#\/schema\/logo\/image\/"}},{"@type":"Person","@id":"https:\/\/motorista.com.br\/noticias\/#\/schema\/person\/dc93afc2981c0e3ce6bc3c053fd847be","name":"Equipe Reda\u00e7\u00e3o","image":{"@type":"ImageObject","inLanguage":"pt-BR","@id":"https:\/\/secure.gravatar.com\/avatar\/4f525efbf18dd2bb300ccad28bfb99d95a9465a5ba268407c8c37b37e1f28d2d?s=96&d=mm&r=g9e099043a0c61e9ae27e293b9fa75ffc","url":"https:\/\/secure.gravatar.com\/avatar\/4f525efbf18dd2bb300ccad28bfb99d95a9465a5ba268407c8c37b37e1f28d2d?s=96&d=mm&r=g","contentUrl":"https:\/\/secure.gravatar.com\/avatar\/4f525efbf18dd2bb300ccad28bfb99d95a9465a5ba268407c8c37b37e1f28d2d?s=96&d=mm&r=g","caption":"Equipe Reda\u00e7\u00e3o"},"description":"Equipe de reda\u00e7\u00e3o \u00e9 um grupo de profissionais que trabalham juntos para criar conte\u00fado escrito para Motorista.com.br","url":"https:\/\/motorista.com.br\/noticias\/author\/equiperedacao\/"}]}},"_links":{"self":[{"href":"https:\/\/motorista.com.br\/noticias\/wp-json\/wp\/v2\/posts\/14162","targetHints":{"allow":["GET"]}}],"collection":[{"href":"https:\/\/motorista.com.br\/noticias\/wp-json\/wp\/v2\/posts"}],"about":[{"href":"https:\/\/motorista.com.br\/noticias\/wp-json\/wp\/v2\/types\/post"}],"author":[{"embeddable":true,"href":"https:\/\/motorista.com.br\/noticias\/wp-json\/wp\/v2\/users\/4"}],"replies":[{"embeddable":true,"href":"https:\/\/motorista.com.br\/noticias\/wp-json\/wp\/v2\/comments?post=14162"}],"version-history":[{"count":0,"href":"https:\/\/motorista.com.br\/noticias\/wp-json\/wp\/v2\/posts\/14162\/revisions"}],"wp:featuredmedia":[{"embeddable":true,"href":"https:\/\/motorista.com.br\/noticias\/wp-json\/wp\/v2\/media\/14163"}],"wp:attachment":[{"href":"https:\/\/motorista.com.br\/noticias\/wp-json\/wp\/v2\/media?parent=14162"}],"wp:term":[{"taxonomy":"category","embeddable":true,"href":"https:\/\/motorista.com.br\/noticias\/wp-json\/wp\/v2\/categories?post=14162"},{"taxonomy":"post_tag","embeddable":true,"href":"https:\/\/motorista.com.br\/noticias\/wp-json\/wp\/v2\/tags?post=14162"},{"taxonomy":"author","embeddable":true,"href":"https:\/\/motorista.com.br\/noticias\/wp-json\/wp\/v2\/coauthors?post=14162"}],"curies":[{"name":"wp","href":"https:\/\/api.w.org\/{rel}","templated":true}]}}