{"id":14160,"date":"2026-08-31T19:22:52","date_gmt":"2026-08-31T22:22:52","guid":{"rendered":"https:\/\/motorista.com.br\/noticias\/2026\/08\/31\/daf-xd-electric-e-usado-para-transporte-de-leite-na-holanda-com-500-km-de-autonomia\/"},"modified":"2026-08-31T19:22:52","modified_gmt":"2026-08-31T22:22:52","slug":"daf-xd-electric-e-usado-para-transporte-de-leite-na-holanda-com-500-km-de-autonomia","status":"publish","type":"post","link":"https:\/\/motorista.com.br\/noticias\/2026\/08\/31\/daf-xd-electric-e-usado-para-transporte-de-leite-na-holanda-com-500-km-de-autonomia\/","title":{"rendered":"DAF XD Electric \u00e9 usado para transporte de leite na Holanda com 500 km de autonomia."},"content":{"rendered":"<p><\/p>\n<p><strong>DAF XD Electric Ganha Aplica\u00e7\u00e3o Especial na Holanda: Transportando Leite Com Mais de 500 km de Autonomia<\/strong><\/p>\n<p>Um <strong>DAF XD Electric totalmente el\u00e9trico<\/strong> foi integrado \u00e0 frota da Van Der Mierden Transport, uma empresa familiar dedicada ao setor de latic\u00ednios, trazendo um toque de tradi\u00e7\u00e3o holandesa ao transportar leite. A unidade possui uma pintura inspirada no <strong>DAF Race Truck de 1996<\/strong>, destacando-se dos demais caminh\u00f5es el\u00e9tricos da marca com faixas e cores que remetem aos ve\u00edculos de competi\u00e7\u00e3o da d\u00e9cada de 1990.<\/p>\n<p>Com uma configura\u00e7\u00e3o voltada ao trabalho di\u00e1rio, o caminh\u00e3o \u00e9 baseado no <strong>DAF XD 350 FT 4\u00d72<\/strong>, oferecendo uma pot\u00eancia de <strong>350 kW<\/strong>, equivalente a aproximadamente <strong>480 cv<\/strong>. Suas baterias de <strong>525 kWh<\/strong> possibilitam uma autonomia que pode superar <strong>500 quil\u00f4metros<\/strong> com uma \u00fanica carga, dependendo da opera\u00e7\u00e3o.<\/p>\n<h3>Coleta de Leite nas Propriedades<\/h3>\n<p>Esse caminh\u00e3o ser\u00e1 utilizado no novo conceito de coleta m\u00f3vel de leite, conhecido como <strong>RMO<\/strong>, onde percorre propriedades rurais para coletar leite e transport\u00e1-lo para a ind\u00fastria. Essa aplica\u00e7\u00e3o \u00e9 diferente das entregas urbanas que caracterizavam os primeiros modelos de caminh\u00f5es el\u00e9tricos, adaptando-se a um cen\u00e1rio regional com m\u00faltiplas paradas e uma autonomia confi\u00e1vel.<\/p>\n<h3>Prepara\u00e7\u00e3o Especial pela DAF<\/h3>\n<p>A DAF Netherlands ficou respons\u00e1vel por especificar a unidade, enquanto a concession\u00e1ria Truckland fez a entrega. O resultado \u00e9 uma fus\u00e3o entre a est\u00e9tica dos caminh\u00f5es de corrida dos anos 90 e uma plataforma el\u00e9trica moderna, mostrando que \u00e9 poss\u00edvel unir tradi\u00e7\u00e3o e inova\u00e7\u00e3o.<\/p>\n<h3>Conex\u00e3o com a Hist\u00f3ria da Empresa<\/h3>\n<p>A Van Der Mierden Transport, com mais de 60 anos de hist\u00f3ria, come\u00e7ou sua trajet\u00f3ria com um cavalo e carro\u00e7a para reunir leite das propriedades. Hoje, sua frota \u00e9 composta quase totalmente por caminh\u00f5es DAF, que transportam n\u00e3o apenas leite fresco, mas tamb\u00e9m mat\u00e9rias-primas e produtos acabados, utilizando semirreboques-tanque isolados.<\/p>\n<h3>Autonomia que Amplia Possibilidades<\/h3>\n<p>Os <strong>mais de 500 km<\/strong> de autonomia do DAF XD Electric s\u00e3o significativos, pois permitem a expans\u00e3o das opera\u00e7\u00f5es al\u00e9m da mera distribui\u00e7\u00e3o urbana. Embora a autonomia real varie conforme carga, temperatura, relevo e outros fatores, as rotas conhecidas da Van Der Mierden possibilitam um planejamento eficiente, tanto da dist\u00e2ncia a ser percorrida quanto dos per\u00edodos de carregamento.<\/p>\n<p>Este novo modelo representa um avan\u00e7o crucial, mostrando que os caminh\u00f5es el\u00e9tricos pesados est\u00e3o prontos para assumir fun\u00e7\u00f5es que tradicionalmente dependiam de motores diesel. Essa evolu\u00e7\u00e3o n\u00e3o apenas beneficia a log\u00edstica espec\u00edfica da coleta de leite, mas tamb\u00e9m promove uma mobilidade mais sustent\u00e1vel e eficiente em toda a ind\u00fastria de transporte.<\/p>\n<p><strong>Fonte: brasildotrecho<\/strong><\/p>\n","protected":false},"excerpt":{"rendered":"<p>DAF XD Electric Ganha Aplica\u00e7\u00e3o Especial na Holanda: Transportando Leite Com Mais de 500 km de Autonomia Um DAF XD Electric totalmente el\u00e9trico foi integrado \u00e0 frota da Van Der Mierden Transport, uma empresa familiar dedicada ao setor de latic\u00ednios, trazendo um toque de tradi\u00e7\u00e3o holandesa ao transportar leite. A unidade possui uma pintura inspirada &hellip;<\/p>\n","protected":false},"author":4,"featured_media":14161,"comment_status":"","ping_status":"open","sticky":false,"template":"","format":"standard","meta":{"footnotes":""},"categories":[77],"tags":[],"coauthors":[42],"class_list":["post-14160","post","type-post","status-publish","format-standard","has-post-thumbnail","hentry","category-motorista"],"yoast_head":"<!-- This site is optimized with the Yoast SEO Premium plugin v27.6.1 (Yoast SEO v28.3) - https:\/\/yoast.com\/product\/yoast-seo-premium-wordpress\/ -->\n<title>DAF XD Electric \u00e9 usado para transporte de leite na Holanda com 500 km de autonomia. - Motorista.com.br<\/title>\n<meta name=\"robots\" content=\"index, follow, max-snippet:-1, max-image-preview:large, max-video-preview:-1\" \/>\n<link rel=\"canonical\" href=\"https:\/\/motorista.com.br\/noticias\/2026\/08\/31\/daf-xd-electric-e-usado-para-transporte-de-leite-na-holanda-com-500-km-de-autonomia\/\" \/>\n<meta property=\"og:locale\" content=\"pt_BR\" \/>\n<meta property=\"og:type\" content=\"article\" \/>\n<meta property=\"og:title\" content=\"DAF XD Electric \u00e9 usado para transporte de leite na Holanda com 500 km de autonomia.\" \/>\n<meta property=\"og:description\" content=\"DAF XD Electric Ganha Aplica\u00e7\u00e3o Especial na Holanda: Transportando Leite Com Mais de 500 km de Autonomia Um DAF XD Electric totalmente el\u00e9trico foi integrado \u00e0 frota da Van Der Mierden Transport, uma empresa familiar dedicada ao setor de latic\u00ednios, trazendo um toque de tradi\u00e7\u00e3o holandesa ao transportar leite. A unidade possui uma pintura inspirada &hellip;\" \/>\n<meta property=\"og:url\" content=\"https:\/\/motorista.com.br\/noticias\/2026\/08\/31\/daf-xd-electric-e-usado-para-transporte-de-leite-na-holanda-com-500-km-de-autonomia\/\" \/>\n<meta property=\"og:site_name\" content=\"Motorista.com.br\" \/>\n<meta property=\"article:published_time\" content=\"2026-08-31T22:22:52+00:00\" \/>\n<meta name=\"author\" content=\"Equipe Reda\u00e7\u00e3o\" \/>\n<meta name=\"twitter:card\" content=\"summary_large_image\" \/>\n<meta name=\"twitter:label1\" content=\"Escrito por\" \/>\n\t<meta name=\"twitter:data1\" content=\"Equipe Reda\u00e7\u00e3o\" \/>\n\t<meta name=\"twitter:label2\" content=\"Est. tempo de leitura\" \/>\n\t<meta name=\"twitter:data2\" content=\"2 minutos\" \/>\n\t<meta name=\"twitter:label3\" content=\"Written by\" \/>\n\t<meta name=\"twitter:data3\" content=\"Equipe Reda\u00e7\u00e3o\" \/>\n<script type=\"application\/ld+json\" class=\"yoast-schema-graph\">{\"@context\":\"https:\\\/\\\/schema.org\",\"@graph\":[{\"@type\":\"Article\",\"@id\":\"https:\\\/\\\/motorista.com.br\\\/noticias\\\/2026\\\/08\\\/31\\\/daf-xd-electric-e-usado-para-transporte-de-leite-na-holanda-com-500-km-de-autonomia\\\/#article\",\"isPartOf\":{\"@id\":\"https:\\\/\\\/motorista.com.br\\\/noticias\\\/2026\\\/08\\\/31\\\/daf-xd-electric-e-usado-para-transporte-de-leite-na-holanda-com-500-km-de-autonomia\\\/\"},\"author\":{\"name\":\"Equipe Reda\u00e7\u00e3o\",\"@id\":\"https:\\\/\\\/motorista.com.br\\\/noticias\\\/#\\\/schema\\\/person\\\/dc93afc2981c0e3ce6bc3c053fd847be\"},\"headline\":\"DAF XD Electric \u00e9 usado para transporte de leite na Holanda com 500 km de autonomia.\",\"datePublished\":\"2026-08-31T22:22:52+00:00\",\"mainEntityOfPage\":{\"@id\":\"https:\\\/\\\/motorista.com.br\\\/noticias\\\/2026\\\/08\\\/31\\\/daf-xd-electric-e-usado-para-transporte-de-leite-na-holanda-com-500-km-de-autonomia\\\/\"},\"wordCount\":468,\"publisher\":{\"@id\":\"https:\\\/\\\/motorista.com.br\\\/noticias\\\/#organization\"},\"image\":{\"@id\":\"https:\\\/\\\/motorista.com.br\\\/noticias\\\/2026\\\/08\\\/31\\\/daf-xd-electric-e-usado-para-transporte-de-leite-na-holanda-com-500-km-de-autonomia\\\/#primaryimage\"},\"thumbnailUrl\":\"https:\\\/\\\/motorista.com.br\\\/noticias\\\/wp-content\\\/uploads\\\/2026\\\/08\\\/DAF-ELETRICO-1.jpg\",\"articleSection\":[\"Motorista\"],\"inLanguage\":\"pt-BR\"},{\"@type\":\"WebPage\",\"@id\":\"https:\\\/\\\/motorista.com.br\\\/noticias\\\/2026\\\/08\\\/31\\\/daf-xd-electric-e-usado-para-transporte-de-leite-na-holanda-com-500-km-de-autonomia\\\/\",\"url\":\"https:\\\/\\\/motorista.com.br\\\/noticias\\\/2026\\\/08\\\/31\\\/daf-xd-electric-e-usado-para-transporte-de-leite-na-holanda-com-500-km-de-autonomia\\\/\",\"name\":\"DAF XD Electric \u00e9 usado para transporte de leite na Holanda com 500 km de autonomia. - Motorista.com.br\",\"isPartOf\":{\"@id\":\"https:\\\/\\\/motorista.com.br\\\/noticias\\\/#website\"},\"primaryImageOfPage\":{\"@id\":\"https:\\\/\\\/motorista.com.br\\\/noticias\\\/2026\\\/08\\\/31\\\/daf-xd-electric-e-usado-para-transporte-de-leite-na-holanda-com-500-km-de-autonomia\\\/#primaryimage\"},\"image\":{\"@id\":\"https:\\\/\\\/motorista.com.br\\\/noticias\\\/2026\\\/08\\\/31\\\/daf-xd-electric-e-usado-para-transporte-de-leite-na-holanda-com-500-km-de-autonomia\\\/#primaryimage\"},\"thumbnailUrl\":\"https:\\\/\\\/motorista.com.br\\\/noticias\\\/wp-content\\\/uploads\\\/2026\\\/08\\\/DAF-ELETRICO-1.jpg\",\"datePublished\":\"2026-08-31T22:22:52+00:00\",\"breadcrumb\":{\"@id\":\"https:\\\/\\\/motorista.com.br\\\/noticias\\\/2026\\\/08\\\/31\\\/daf-xd-electric-e-usado-para-transporte-de-leite-na-holanda-com-500-km-de-autonomia\\\/#breadcrumb\"},\"inLanguage\":\"pt-BR\",\"potentialAction\":[{\"@type\":\"ReadAction\",\"target\":[\"https:\\\/\\\/motorista.com.br\\\/noticias\\\/2026\\\/08\\\/31\\\/daf-xd-electric-e-usado-para-transporte-de-leite-na-holanda-com-500-km-de-autonomia\\\/\"]}]},{\"@type\":\"ImageObject\",\"inLanguage\":\"pt-BR\",\"@id\":\"https:\\\/\\\/motorista.com.br\\\/noticias\\\/2026\\\/08\\\/31\\\/daf-xd-electric-e-usado-para-transporte-de-leite-na-holanda-com-500-km-de-autonomia\\\/#primaryimage\",\"url\":\"https:\\\/\\\/motorista.com.br\\\/noticias\\\/wp-content\\\/uploads\\\/2026\\\/08\\\/DAF-ELETRICO-1.jpg\",\"contentUrl\":\"https:\\\/\\\/motorista.com.br\\\/noticias\\\/wp-content\\\/uploads\\\/2026\\\/08\\\/DAF-ELETRICO-1.jpg\",\"width\":1400,\"height\":933},{\"@type\":\"BreadcrumbList\",\"@id\":\"https:\\\/\\\/motorista.com.br\\\/noticias\\\/2026\\\/08\\\/31\\\/daf-xd-electric-e-usado-para-transporte-de-leite-na-holanda-com-500-km-de-autonomia\\\/#breadcrumb\",\"itemListElement\":[{\"@type\":\"ListItem\",\"position\":1,\"name\":\"In\u00edcio\",\"item\":\"https:\\\/\\\/motorista.com.br\\\/noticias\\\/\"},{\"@type\":\"ListItem\",\"position\":2,\"name\":\"DAF XD Electric \u00e9 usado para transporte de leite na Holanda com 500 km de autonomia.\"}]},{\"@type\":\"WebSite\",\"@id\":\"https:\\\/\\\/motorista.com.br\\\/noticias\\\/#website\",\"url\":\"https:\\\/\\\/motorista.com.br\\\/noticias\\\/\",\"name\":\"Motorista.com.br\",\"description\":\"Not\u00edcia do Motorista\",\"publisher\":{\"@id\":\"https:\\\/\\\/motorista.com.br\\\/noticias\\\/#organization\"},\"potentialAction\":[{\"@type\":\"SearchAction\",\"target\":{\"@type\":\"EntryPoint\",\"urlTemplate\":\"https:\\\/\\\/motorista.com.br\\\/noticias\\\/?s={search_term_string}\"},\"query-input\":{\"@type\":\"PropertyValueSpecification\",\"valueRequired\":true,\"valueName\":\"search_term_string\"}}],\"inLanguage\":\"pt-BR\"},{\"@type\":\"Organization\",\"@id\":\"https:\\\/\\\/motorista.com.br\\\/noticias\\\/#organization\",\"name\":\"Motorista.com.br\",\"url\":\"https:\\\/\\\/motorista.com.br\\\/noticias\\\/\",\"logo\":{\"@type\":\"ImageObject\",\"inLanguage\":\"pt-BR\",\"@id\":\"https:\\\/\\\/motorista.com.br\\\/noticias\\\/#\\\/schema\\\/logo\\\/image\\\/\",\"url\":\"https:\\\/\\\/motorista.com.br\\\/noticias\\\/wp-content\\\/uploads\\\/2025\\\/06\\\/Design-sem-nome-9.png\",\"contentUrl\":\"https:\\\/\\\/motorista.com.br\\\/noticias\\\/wp-content\\\/uploads\\\/2025\\\/06\\\/Design-sem-nome-9.png\",\"width\":150,\"height\":85,\"caption\":\"Motorista.com.br\"},\"image\":{\"@id\":\"https:\\\/\\\/motorista.com.br\\\/noticias\\\/#\\\/schema\\\/logo\\\/image\\\/\"}},{\"@type\":\"Person\",\"@id\":\"https:\\\/\\\/motorista.com.br\\\/noticias\\\/#\\\/schema\\\/person\\\/dc93afc2981c0e3ce6bc3c053fd847be\",\"name\":\"Equipe Reda\u00e7\u00e3o\",\"image\":{\"@type\":\"ImageObject\",\"inLanguage\":\"pt-BR\",\"@id\":\"https:\\\/\\\/secure.gravatar.com\\\/avatar\\\/4f525efbf18dd2bb300ccad28bfb99d95a9465a5ba268407c8c37b37e1f28d2d?s=96&d=mm&r=g9e099043a0c61e9ae27e293b9fa75ffc\",\"url\":\"https:\\\/\\\/secure.gravatar.com\\\/avatar\\\/4f525efbf18dd2bb300ccad28bfb99d95a9465a5ba268407c8c37b37e1f28d2d?s=96&d=mm&r=g\",\"contentUrl\":\"https:\\\/\\\/secure.gravatar.com\\\/avatar\\\/4f525efbf18dd2bb300ccad28bfb99d95a9465a5ba268407c8c37b37e1f28d2d?s=96&d=mm&r=g\",\"caption\":\"Equipe Reda\u00e7\u00e3o\"},\"description\":\"Equipe de reda\u00e7\u00e3o \u00e9 um grupo de profissionais que trabalham juntos para criar conte\u00fado escrito para Motorista.com.br\",\"url\":\"https:\\\/\\\/motorista.com.br\\\/noticias\\\/author\\\/equiperedacao\\\/\"}]}<\/script>\n<!-- \/ Yoast SEO Premium plugin. -->","yoast_head_json":{"title":"DAF XD Electric \u00e9 usado para transporte de leite na Holanda com 500 km de autonomia. - Motorista.com.br","robots":{"index":"index","follow":"follow","max-snippet":"max-snippet:-1","max-image-preview":"max-image-preview:large","max-video-preview":"max-video-preview:-1"},"canonical":"https:\/\/motorista.com.br\/noticias\/2026\/08\/31\/daf-xd-electric-e-usado-para-transporte-de-leite-na-holanda-com-500-km-de-autonomia\/","og_locale":"pt_BR","og_type":"article","og_title":"DAF XD Electric \u00e9 usado para transporte de leite na Holanda com 500 km de autonomia.","og_description":"DAF XD Electric Ganha Aplica\u00e7\u00e3o Especial na Holanda: Transportando Leite Com Mais de 500 km de Autonomia Um DAF XD Electric totalmente el\u00e9trico foi integrado \u00e0 frota da Van Der Mierden Transport, uma empresa familiar dedicada ao setor de latic\u00ednios, trazendo um toque de tradi\u00e7\u00e3o holandesa ao transportar leite. A unidade possui uma pintura inspirada &hellip;","og_url":"https:\/\/motorista.com.br\/noticias\/2026\/08\/31\/daf-xd-electric-e-usado-para-transporte-de-leite-na-holanda-com-500-km-de-autonomia\/","og_site_name":"Motorista.com.br","article_published_time":"2026-08-31T22:22:52+00:00","author":"Equipe Reda\u00e7\u00e3o","twitter_card":"summary_large_image","twitter_misc":{"Escrito por":"Equipe Reda\u00e7\u00e3o","Est. tempo de leitura":"2 minutos","Written by":"Equipe Reda\u00e7\u00e3o"},"schema":{"@context":"https:\/\/schema.org","@graph":[{"@type":"Article","@id":"https:\/\/motorista.com.br\/noticias\/2026\/08\/31\/daf-xd-electric-e-usado-para-transporte-de-leite-na-holanda-com-500-km-de-autonomia\/#article","isPartOf":{"@id":"https:\/\/motorista.com.br\/noticias\/2026\/08\/31\/daf-xd-electric-e-usado-para-transporte-de-leite-na-holanda-com-500-km-de-autonomia\/"},"author":{"name":"Equipe Reda\u00e7\u00e3o","@id":"https:\/\/motorista.com.br\/noticias\/#\/schema\/person\/dc93afc2981c0e3ce6bc3c053fd847be"},"headline":"DAF XD Electric \u00e9 usado para transporte de leite na Holanda com 500 km de autonomia.","datePublished":"2026-08-31T22:22:52+00:00","mainEntityOfPage":{"@id":"https:\/\/motorista.com.br\/noticias\/2026\/08\/31\/daf-xd-electric-e-usado-para-transporte-de-leite-na-holanda-com-500-km-de-autonomia\/"},"wordCount":468,"publisher":{"@id":"https:\/\/motorista.com.br\/noticias\/#organization"},"image":{"@id":"https:\/\/motorista.com.br\/noticias\/2026\/08\/31\/daf-xd-electric-e-usado-para-transporte-de-leite-na-holanda-com-500-km-de-autonomia\/#primaryimage"},"thumbnailUrl":"https:\/\/motorista.com.br\/noticias\/wp-content\/uploads\/2026\/08\/DAF-ELETRICO-1.jpg","articleSection":["Motorista"],"inLanguage":"pt-BR"},{"@type":"WebPage","@id":"https:\/\/motorista.com.br\/noticias\/2026\/08\/31\/daf-xd-electric-e-usado-para-transporte-de-leite-na-holanda-com-500-km-de-autonomia\/","url":"https:\/\/motorista.com.br\/noticias\/2026\/08\/31\/daf-xd-electric-e-usado-para-transporte-de-leite-na-holanda-com-500-km-de-autonomia\/","name":"DAF XD Electric \u00e9 usado para transporte de leite na Holanda com 500 km de autonomia. - Motorista.com.br","isPartOf":{"@id":"https:\/\/motorista.com.br\/noticias\/#website"},"primaryImageOfPage":{"@id":"https:\/\/motorista.com.br\/noticias\/2026\/08\/31\/daf-xd-electric-e-usado-para-transporte-de-leite-na-holanda-com-500-km-de-autonomia\/#primaryimage"},"image":{"@id":"https:\/\/motorista.com.br\/noticias\/2026\/08\/31\/daf-xd-electric-e-usado-para-transporte-de-leite-na-holanda-com-500-km-de-autonomia\/#primaryimage"},"thumbnailUrl":"https:\/\/motorista.com.br\/noticias\/wp-content\/uploads\/2026\/08\/DAF-ELETRICO-1.jpg","datePublished":"2026-08-31T22:22:52+00:00","breadcrumb":{"@id":"https:\/\/motorista.com.br\/noticias\/2026\/08\/31\/daf-xd-electric-e-usado-para-transporte-de-leite-na-holanda-com-500-km-de-autonomia\/#breadcrumb"},"inLanguage":"pt-BR","potentialAction":[{"@type":"ReadAction","target":["https:\/\/motorista.com.br\/noticias\/2026\/08\/31\/daf-xd-electric-e-usado-para-transporte-de-leite-na-holanda-com-500-km-de-autonomia\/"]}]},{"@type":"ImageObject","inLanguage":"pt-BR","@id":"https:\/\/motorista.com.br\/noticias\/2026\/08\/31\/daf-xd-electric-e-usado-para-transporte-de-leite-na-holanda-com-500-km-de-autonomia\/#primaryimage","url":"https:\/\/motorista.com.br\/noticias\/wp-content\/uploads\/2026\/08\/DAF-ELETRICO-1.jpg","contentUrl":"https:\/\/motorista.com.br\/noticias\/wp-content\/uploads\/2026\/08\/DAF-ELETRICO-1.jpg","width":1400,"height":933},{"@type":"BreadcrumbList","@id":"https:\/\/motorista.com.br\/noticias\/2026\/08\/31\/daf-xd-electric-e-usado-para-transporte-de-leite-na-holanda-com-500-km-de-autonomia\/#breadcrumb","itemListElement":[{"@type":"ListItem","position":1,"name":"In\u00edcio","item":"https:\/\/motorista.com.br\/noticias\/"},{"@type":"ListItem","position":2,"name":"DAF XD Electric \u00e9 usado para transporte de leite na Holanda com 500 km de autonomia."}]},{"@type":"WebSite","@id":"https:\/\/motorista.com.br\/noticias\/#website","url":"https:\/\/motorista.com.br\/noticias\/","name":"Motorista.com.br","description":"Not\u00edcia do Motorista","publisher":{"@id":"https:\/\/motorista.com.br\/noticias\/#organization"},"potentialAction":[{"@type":"SearchAction","target":{"@type":"EntryPoint","urlTemplate":"https:\/\/motorista.com.br\/noticias\/?s={search_term_string}"},"query-input":{"@type":"PropertyValueSpecification","valueRequired":true,"valueName":"search_term_string"}}],"inLanguage":"pt-BR"},{"@type":"Organization","@id":"https:\/\/motorista.com.br\/noticias\/#organization","name":"Motorista.com.br","url":"https:\/\/motorista.com.br\/noticias\/","logo":{"@type":"ImageObject","inLanguage":"pt-BR","@id":"https:\/\/motorista.com.br\/noticias\/#\/schema\/logo\/image\/","url":"https:\/\/motorista.com.br\/noticias\/wp-content\/uploads\/2025\/06\/Design-sem-nome-9.png","contentUrl":"https:\/\/motorista.com.br\/noticias\/wp-content\/uploads\/2025\/06\/Design-sem-nome-9.png","width":150,"height":85,"caption":"Motorista.com.br"},"image":{"@id":"https:\/\/motorista.com.br\/noticias\/#\/schema\/logo\/image\/"}},{"@type":"Person","@id":"https:\/\/motorista.com.br\/noticias\/#\/schema\/person\/dc93afc2981c0e3ce6bc3c053fd847be","name":"Equipe Reda\u00e7\u00e3o","image":{"@type":"ImageObject","inLanguage":"pt-BR","@id":"https:\/\/secure.gravatar.com\/avatar\/4f525efbf18dd2bb300ccad28bfb99d95a9465a5ba268407c8c37b37e1f28d2d?s=96&d=mm&r=g9e099043a0c61e9ae27e293b9fa75ffc","url":"https:\/\/secure.gravatar.com\/avatar\/4f525efbf18dd2bb300ccad28bfb99d95a9465a5ba268407c8c37b37e1f28d2d?s=96&d=mm&r=g","contentUrl":"https:\/\/secure.gravatar.com\/avatar\/4f525efbf18dd2bb300ccad28bfb99d95a9465a5ba268407c8c37b37e1f28d2d?s=96&d=mm&r=g","caption":"Equipe Reda\u00e7\u00e3o"},"description":"Equipe de reda\u00e7\u00e3o \u00e9 um grupo de profissionais que trabalham juntos para criar conte\u00fado escrito para Motorista.com.br","url":"https:\/\/motorista.com.br\/noticias\/author\/equiperedacao\/"}]}},"_links":{"self":[{"href":"https:\/\/motorista.com.br\/noticias\/wp-json\/wp\/v2\/posts\/14160","targetHints":{"allow":["GET"]}}],"collection":[{"href":"https:\/\/motorista.com.br\/noticias\/wp-json\/wp\/v2\/posts"}],"about":[{"href":"https:\/\/motorista.com.br\/noticias\/wp-json\/wp\/v2\/types\/post"}],"author":[{"embeddable":true,"href":"https:\/\/motorista.com.br\/noticias\/wp-json\/wp\/v2\/users\/4"}],"replies":[{"embeddable":true,"href":"https:\/\/motorista.com.br\/noticias\/wp-json\/wp\/v2\/comments?post=14160"}],"version-history":[{"count":0,"href":"https:\/\/motorista.com.br\/noticias\/wp-json\/wp\/v2\/posts\/14160\/revisions"}],"wp:featuredmedia":[{"embeddable":true,"href":"https:\/\/motorista.com.br\/noticias\/wp-json\/wp\/v2\/media\/14161"}],"wp:attachment":[{"href":"https:\/\/motorista.com.br\/noticias\/wp-json\/wp\/v2\/media?parent=14160"}],"wp:term":[{"taxonomy":"category","embeddable":true,"href":"https:\/\/motorista.com.br\/noticias\/wp-json\/wp\/v2\/categories?post=14160"},{"taxonomy":"post_tag","embeddable":true,"href":"https:\/\/motorista.com.br\/noticias\/wp-json\/wp\/v2\/tags?post=14160"},{"taxonomy":"author","embeddable":true,"href":"https:\/\/motorista.com.br\/noticias\/wp-json\/wp\/v2\/coauthors?post=14160"}],"curies":[{"name":"wp","href":"https:\/\/api.w.org\/{rel}","templated":true}]}}