{"id":14156,"date":"2026-08-31T17:06:12","date_gmt":"2026-08-31T20:06:12","guid":{"rendered":"https:\/\/motorista.com.br\/noticias\/2026\/08\/31\/governo-analisa-elevar-a-porcentagem-de-biodiesel-no-diesel\/"},"modified":"2026-08-31T17:06:12","modified_gmt":"2026-08-31T20:06:12","slug":"governo-analisa-elevar-a-porcentagem-de-biodiesel-no-diesel","status":"publish","type":"post","link":"https:\/\/motorista.com.br\/noticias\/2026\/08\/31\/governo-analisa-elevar-a-porcentagem-de-biodiesel-no-diesel\/","title":{"rendered":"Governo analisa elevar a porcentagem de biodiesel no diesel"},"content":{"rendered":"<p><\/p>\n<h3>Governo estuda aumentar percentual de biodiesel no diesel: Implica\u00e7\u00f5es para motoristas e mobilidade<\/h3>\n<p>O Minist\u00e9rio da Ci\u00eancia, Tecnologia e Inova\u00e7\u00e3o, em conjunto com o Instituto Nacional de Tecnologia (INT), est\u00e1 avaliando a possibilidade de elevar a quantidade de biocombust\u00edveis usados em combust\u00edveis veiculares, propondo at\u00e9 25% de biodiesel na mistura com o diesel. Essa proposta surge em um cen\u00e1rio onde o uso de fontes renov\u00e1veis se faz cada vez mais necess\u00e1rio, n\u00e3o apenas para reduzir a depend\u00eancia de combust\u00edveis f\u00f3sseis, mas tamb\u00e9m para mitigar os impactos ambientais causados pela emiss\u00e3o de poluentes.<\/p>\n<p>A integra\u00e7\u00e3o de biocombust\u00edveis na matriz energ\u00e9tica oferece uma s\u00e9rie de vantagens n\u00e3o apenas para o meio ambiente, mas tamb\u00e9m para os motoristas e a mobilidade urbana em geral. A ado\u00e7\u00e3o de misturas como B20 e B25 pode resultar em uma redu\u00e7\u00e3o significativa das emiss\u00f5es de gases poluentes, contribuindo para a melhoria da qualidade do ar nas cidades. Isso \u00e9 especialmente relevante em \u00e1reas urbanas densamente povoadas, onde a polui\u00e7\u00e3o do ar j\u00e1 \u00e9 uma preocupa\u00e7\u00e3o cr\u00edtica.<\/p>\n<p>Os testes realizados pelo INT, focando em frotas de \u00f4nibus e caminh\u00f5es em opera\u00e7\u00e3o real, s\u00e3o essenciais para garantir que tais misturas n\u00e3o apenas sejam vi\u00e1veis, mas tamb\u00e9m beneficiosas para o desempenho dos ve\u00edculos. A an\u00e1lise do consumo de combust\u00edvel, efici\u00eancia do motor e durabilidade de componentes \u00e9 crucial para assegurar que os motoristas e os gestores de frotas n\u00e3o enfrentem preju\u00edzos em termos de efici\u00eancia ou custos operacionais.<\/p>\n<p>Entretanto, a proposta enfrenta desafios, especialmente em rela\u00e7\u00e3o a caminh\u00f5es mais antigos que n\u00e3o foram projetados para lidar com altas concentra\u00e7\u00f5es de biodiesel. Esses ve\u00edculos podem sofrer danos significativos devido \u00e0s caracter\u00edsticas do biodiesel, como menor poder calor\u00edfico e tend\u00eancia \u00e0 absor\u00e7\u00e3o de umidade. Isso pode resultar em perda de pot\u00eancia e maior consumo de combust\u00edvel, afetando diretamente a economia dos motoristas. <\/p>\n<p>Essa an\u00e1lise cuidadosa do impacto em ve\u00edculos mais antigos \u00e9 fundamental, uma vez que os custos adicionais de manuten\u00e7\u00e3o e combust\u00edvel podem ser um ponto cr\u00edtico para muitas frotas, especialmente as pequenas e m\u00e9dias, que representam uma grande parte da log\u00edstica e transporte no Brasil.<\/p>\n<p>Por outro lado, a transi\u00e7\u00e3o para misturas mais sustent\u00e1veis pode abrir novas oportunidades para a ind\u00fastria automotiva, promovendo inova\u00e7\u00f5es tecnol\u00f3gicas que visam adaptar ve\u00edculos antigos \u00e0s novas normas. <\/p>\n<p>Al\u00e9m disso, a pesquisa em aumentos nos teores de etanol na gasolina, que pode chegar a 35%, busca ampliar a utiliza\u00e7\u00e3o de biocombust\u00edveis, mostrando um comprometimento em diversificar a matriz energ\u00e9tica e promover maior sustentabilidade.<\/p>\n<p>No final, a implementa\u00e7\u00e3o do biodiesel em maiores propor\u00e7\u00f5es deve ser tratada com cautela. Enquanto as vis\u00f5es de um futuro mais verde s\u00e3o encorajadoras, a realidade dos motoristas e da mobilidade precisa ser considerada em seu conjunto, garantindo que avan\u00e7os sustent\u00e1veis n\u00e3o venham acompanhados de \u00f4nus financeiros ou operacionais indesejados.<\/p>\n<p>Assim, a colabora\u00e7\u00e3o entre as entidades governamentais e a ind\u00fastria \u00e9 vital, para garantir que a transi\u00e7\u00e3o para um sistema de transporte mais sustent\u00e1vel n\u00e3o apenas beneficie o meio ambiente, mas tamb\u00e9m seja pr\u00e1tica e economicamente vi\u00e1vel para todos os motoristas e gestores de frotas.<\/p>\n","protected":false},"excerpt":{"rendered":"<p>Governo estuda aumentar percentual de biodiesel no diesel: Implica\u00e7\u00f5es para motoristas e mobilidade O Minist\u00e9rio da Ci\u00eancia, Tecnologia e Inova\u00e7\u00e3o, em conjunto com o Instituto Nacional de Tecnologia (INT), est\u00e1 avaliando a possibilidade de elevar a quantidade de biocombust\u00edveis usados em combust\u00edveis veiculares, propondo at\u00e9 25% de biodiesel na mistura com o diesel. Essa proposta &hellip;<\/p>\n","protected":false},"author":4,"featured_media":14157,"comment_status":"","ping_status":"open","sticky":false,"template":"","format":"standard","meta":{"footnotes":""},"categories":[78,77],"tags":[],"coauthors":[42],"class_list":["post-14156","post","type-post","status-publish","format-standard","has-post-thumbnail","hentry","category-carreteiro","category-motorista"],"yoast_head":"<!-- This site is optimized with the Yoast SEO Premium plugin v27.6.1 (Yoast SEO v28.3) - https:\/\/yoast.com\/product\/yoast-seo-premium-wordpress\/ -->\n<title>Governo analisa elevar a porcentagem de biodiesel no diesel - Motorista.com.br<\/title>\n<meta name=\"robots\" content=\"index, follow, max-snippet:-1, max-image-preview:large, max-video-preview:-1\" \/>\n<link rel=\"canonical\" href=\"https:\/\/motorista.com.br\/noticias\/2026\/08\/31\/governo-analisa-elevar-a-porcentagem-de-biodiesel-no-diesel\/\" \/>\n<meta property=\"og:locale\" content=\"pt_BR\" \/>\n<meta property=\"og:type\" content=\"article\" \/>\n<meta property=\"og:title\" content=\"Governo analisa elevar a porcentagem de biodiesel no diesel\" \/>\n<meta property=\"og:description\" content=\"Governo estuda aumentar percentual de biodiesel no diesel: Implica\u00e7\u00f5es para motoristas e mobilidade O Minist\u00e9rio da Ci\u00eancia, Tecnologia e Inova\u00e7\u00e3o, em conjunto com o Instituto Nacional de Tecnologia (INT), est\u00e1 avaliando a possibilidade de elevar a quantidade de biocombust\u00edveis usados em combust\u00edveis veiculares, propondo at\u00e9 25% de biodiesel na mistura com o diesel. Essa proposta &hellip;\" \/>\n<meta property=\"og:url\" content=\"https:\/\/motorista.com.br\/noticias\/2026\/08\/31\/governo-analisa-elevar-a-porcentagem-de-biodiesel-no-diesel\/\" \/>\n<meta property=\"og:site_name\" content=\"Motorista.com.br\" \/>\n<meta property=\"article:published_time\" content=\"2026-08-31T20:06:12+00:00\" \/>\n<meta name=\"author\" content=\"Equipe Reda\u00e7\u00e3o\" \/>\n<meta name=\"twitter:card\" content=\"summary_large_image\" \/>\n<meta name=\"twitter:label1\" content=\"Escrito por\" \/>\n\t<meta name=\"twitter:data1\" content=\"Equipe Reda\u00e7\u00e3o\" \/>\n\t<meta name=\"twitter:label2\" content=\"Est. tempo de leitura\" \/>\n\t<meta name=\"twitter:data2\" content=\"3 minutos\" \/>\n\t<meta name=\"twitter:label3\" content=\"Written by\" \/>\n\t<meta name=\"twitter:data3\" content=\"Equipe Reda\u00e7\u00e3o\" \/>\n<script type=\"application\/ld+json\" class=\"yoast-schema-graph\">{\"@context\":\"https:\\\/\\\/schema.org\",\"@graph\":[{\"@type\":\"Article\",\"@id\":\"https:\\\/\\\/motorista.com.br\\\/noticias\\\/2026\\\/08\\\/31\\\/governo-analisa-elevar-a-porcentagem-de-biodiesel-no-diesel\\\/#article\",\"isPartOf\":{\"@id\":\"https:\\\/\\\/motorista.com.br\\\/noticias\\\/2026\\\/08\\\/31\\\/governo-analisa-elevar-a-porcentagem-de-biodiesel-no-diesel\\\/\"},\"author\":{\"name\":\"Equipe Reda\u00e7\u00e3o\",\"@id\":\"https:\\\/\\\/motorista.com.br\\\/noticias\\\/#\\\/schema\\\/person\\\/dc93afc2981c0e3ce6bc3c053fd847be\"},\"headline\":\"Governo analisa elevar a porcentagem de biodiesel no diesel\",\"datePublished\":\"2026-08-31T20:06:12+00:00\",\"mainEntityOfPage\":{\"@id\":\"https:\\\/\\\/motorista.com.br\\\/noticias\\\/2026\\\/08\\\/31\\\/governo-analisa-elevar-a-porcentagem-de-biodiesel-no-diesel\\\/\"},\"wordCount\":587,\"publisher\":{\"@id\":\"https:\\\/\\\/motorista.com.br\\\/noticias\\\/#organization\"},\"image\":{\"@id\":\"https:\\\/\\\/motorista.com.br\\\/noticias\\\/2026\\\/08\\\/31\\\/governo-analisa-elevar-a-porcentagem-de-biodiesel-no-diesel\\\/#primaryimage\"},\"thumbnailUrl\":\"https:\\\/\\\/motorista.com.br\\\/noticias\\\/wp-content\\\/uploads\\\/2026\\\/08\\\/caminhao-problema-mecanico-posto-biodiesel.jpg\",\"articleSection\":[\"Carreteiro\",\"Motorista\"],\"inLanguage\":\"pt-BR\"},{\"@type\":\"WebPage\",\"@id\":\"https:\\\/\\\/motorista.com.br\\\/noticias\\\/2026\\\/08\\\/31\\\/governo-analisa-elevar-a-porcentagem-de-biodiesel-no-diesel\\\/\",\"url\":\"https:\\\/\\\/motorista.com.br\\\/noticias\\\/2026\\\/08\\\/31\\\/governo-analisa-elevar-a-porcentagem-de-biodiesel-no-diesel\\\/\",\"name\":\"Governo analisa elevar a porcentagem de biodiesel no diesel - Motorista.com.br\",\"isPartOf\":{\"@id\":\"https:\\\/\\\/motorista.com.br\\\/noticias\\\/#website\"},\"primaryImageOfPage\":{\"@id\":\"https:\\\/\\\/motorista.com.br\\\/noticias\\\/2026\\\/08\\\/31\\\/governo-analisa-elevar-a-porcentagem-de-biodiesel-no-diesel\\\/#primaryimage\"},\"image\":{\"@id\":\"https:\\\/\\\/motorista.com.br\\\/noticias\\\/2026\\\/08\\\/31\\\/governo-analisa-elevar-a-porcentagem-de-biodiesel-no-diesel\\\/#primaryimage\"},\"thumbnailUrl\":\"https:\\\/\\\/motorista.com.br\\\/noticias\\\/wp-content\\\/uploads\\\/2026\\\/08\\\/caminhao-problema-mecanico-posto-biodiesel.jpg\",\"datePublished\":\"2026-08-31T20:06:12+00:00\",\"breadcrumb\":{\"@id\":\"https:\\\/\\\/motorista.com.br\\\/noticias\\\/2026\\\/08\\\/31\\\/governo-analisa-elevar-a-porcentagem-de-biodiesel-no-diesel\\\/#breadcrumb\"},\"inLanguage\":\"pt-BR\",\"potentialAction\":[{\"@type\":\"ReadAction\",\"target\":[\"https:\\\/\\\/motorista.com.br\\\/noticias\\\/2026\\\/08\\\/31\\\/governo-analisa-elevar-a-porcentagem-de-biodiesel-no-diesel\\\/\"]}]},{\"@type\":\"ImageObject\",\"inLanguage\":\"pt-BR\",\"@id\":\"https:\\\/\\\/motorista.com.br\\\/noticias\\\/2026\\\/08\\\/31\\\/governo-analisa-elevar-a-porcentagem-de-biodiesel-no-diesel\\\/#primaryimage\",\"url\":\"https:\\\/\\\/motorista.com.br\\\/noticias\\\/wp-content\\\/uploads\\\/2026\\\/08\\\/caminhao-problema-mecanico-posto-biodiesel.jpg\",\"contentUrl\":\"https:\\\/\\\/motorista.com.br\\\/noticias\\\/wp-content\\\/uploads\\\/2026\\\/08\\\/caminhao-problema-mecanico-posto-biodiesel.jpg\",\"width\":1291,\"height\":800},{\"@type\":\"BreadcrumbList\",\"@id\":\"https:\\\/\\\/motorista.com.br\\\/noticias\\\/2026\\\/08\\\/31\\\/governo-analisa-elevar-a-porcentagem-de-biodiesel-no-diesel\\\/#breadcrumb\",\"itemListElement\":[{\"@type\":\"ListItem\",\"position\":1,\"name\":\"In\u00edcio\",\"item\":\"https:\\\/\\\/motorista.com.br\\\/noticias\\\/\"},{\"@type\":\"ListItem\",\"position\":2,\"name\":\"Governo analisa elevar a porcentagem de biodiesel no diesel\"}]},{\"@type\":\"WebSite\",\"@id\":\"https:\\\/\\\/motorista.com.br\\\/noticias\\\/#website\",\"url\":\"https:\\\/\\\/motorista.com.br\\\/noticias\\\/\",\"name\":\"Motorista.com.br\",\"description\":\"Not\u00edcia do Motorista\",\"publisher\":{\"@id\":\"https:\\\/\\\/motorista.com.br\\\/noticias\\\/#organization\"},\"potentialAction\":[{\"@type\":\"SearchAction\",\"target\":{\"@type\":\"EntryPoint\",\"urlTemplate\":\"https:\\\/\\\/motorista.com.br\\\/noticias\\\/?s={search_term_string}\"},\"query-input\":{\"@type\":\"PropertyValueSpecification\",\"valueRequired\":true,\"valueName\":\"search_term_string\"}}],\"inLanguage\":\"pt-BR\"},{\"@type\":\"Organization\",\"@id\":\"https:\\\/\\\/motorista.com.br\\\/noticias\\\/#organization\",\"name\":\"Motorista.com.br\",\"url\":\"https:\\\/\\\/motorista.com.br\\\/noticias\\\/\",\"logo\":{\"@type\":\"ImageObject\",\"inLanguage\":\"pt-BR\",\"@id\":\"https:\\\/\\\/motorista.com.br\\\/noticias\\\/#\\\/schema\\\/logo\\\/image\\\/\",\"url\":\"https:\\\/\\\/motorista.com.br\\\/noticias\\\/wp-content\\\/uploads\\\/2025\\\/06\\\/Design-sem-nome-9.png\",\"contentUrl\":\"https:\\\/\\\/motorista.com.br\\\/noticias\\\/wp-content\\\/uploads\\\/2025\\\/06\\\/Design-sem-nome-9.png\",\"width\":150,\"height\":85,\"caption\":\"Motorista.com.br\"},\"image\":{\"@id\":\"https:\\\/\\\/motorista.com.br\\\/noticias\\\/#\\\/schema\\\/logo\\\/image\\\/\"}},{\"@type\":\"Person\",\"@id\":\"https:\\\/\\\/motorista.com.br\\\/noticias\\\/#\\\/schema\\\/person\\\/dc93afc2981c0e3ce6bc3c053fd847be\",\"name\":\"Equipe Reda\u00e7\u00e3o\",\"image\":{\"@type\":\"ImageObject\",\"inLanguage\":\"pt-BR\",\"@id\":\"https:\\\/\\\/secure.gravatar.com\\\/avatar\\\/4f525efbf18dd2bb300ccad28bfb99d95a9465a5ba268407c8c37b37e1f28d2d?s=96&d=mm&r=g9e099043a0c61e9ae27e293b9fa75ffc\",\"url\":\"https:\\\/\\\/secure.gravatar.com\\\/avatar\\\/4f525efbf18dd2bb300ccad28bfb99d95a9465a5ba268407c8c37b37e1f28d2d?s=96&d=mm&r=g\",\"contentUrl\":\"https:\\\/\\\/secure.gravatar.com\\\/avatar\\\/4f525efbf18dd2bb300ccad28bfb99d95a9465a5ba268407c8c37b37e1f28d2d?s=96&d=mm&r=g\",\"caption\":\"Equipe Reda\u00e7\u00e3o\"},\"description\":\"Equipe de reda\u00e7\u00e3o \u00e9 um grupo de profissionais que trabalham juntos para criar conte\u00fado escrito para Motorista.com.br\",\"url\":\"https:\\\/\\\/motorista.com.br\\\/noticias\\\/author\\\/equiperedacao\\\/\"}]}<\/script>\n<!-- \/ Yoast SEO Premium plugin. -->","yoast_head_json":{"title":"Governo analisa elevar a porcentagem de biodiesel no diesel - Motorista.com.br","robots":{"index":"index","follow":"follow","max-snippet":"max-snippet:-1","max-image-preview":"max-image-preview:large","max-video-preview":"max-video-preview:-1"},"canonical":"https:\/\/motorista.com.br\/noticias\/2026\/08\/31\/governo-analisa-elevar-a-porcentagem-de-biodiesel-no-diesel\/","og_locale":"pt_BR","og_type":"article","og_title":"Governo analisa elevar a porcentagem de biodiesel no diesel","og_description":"Governo estuda aumentar percentual de biodiesel no diesel: Implica\u00e7\u00f5es para motoristas e mobilidade O Minist\u00e9rio da Ci\u00eancia, Tecnologia e Inova\u00e7\u00e3o, em conjunto com o Instituto Nacional de Tecnologia (INT), est\u00e1 avaliando a possibilidade de elevar a quantidade de biocombust\u00edveis usados em combust\u00edveis veiculares, propondo at\u00e9 25% de biodiesel na mistura com o diesel. Essa proposta &hellip;","og_url":"https:\/\/motorista.com.br\/noticias\/2026\/08\/31\/governo-analisa-elevar-a-porcentagem-de-biodiesel-no-diesel\/","og_site_name":"Motorista.com.br","article_published_time":"2026-08-31T20:06:12+00:00","author":"Equipe Reda\u00e7\u00e3o","twitter_card":"summary_large_image","twitter_misc":{"Escrito por":"Equipe Reda\u00e7\u00e3o","Est. tempo de leitura":"3 minutos","Written by":"Equipe Reda\u00e7\u00e3o"},"schema":{"@context":"https:\/\/schema.org","@graph":[{"@type":"Article","@id":"https:\/\/motorista.com.br\/noticias\/2026\/08\/31\/governo-analisa-elevar-a-porcentagem-de-biodiesel-no-diesel\/#article","isPartOf":{"@id":"https:\/\/motorista.com.br\/noticias\/2026\/08\/31\/governo-analisa-elevar-a-porcentagem-de-biodiesel-no-diesel\/"},"author":{"name":"Equipe Reda\u00e7\u00e3o","@id":"https:\/\/motorista.com.br\/noticias\/#\/schema\/person\/dc93afc2981c0e3ce6bc3c053fd847be"},"headline":"Governo analisa elevar a porcentagem de biodiesel no diesel","datePublished":"2026-08-31T20:06:12+00:00","mainEntityOfPage":{"@id":"https:\/\/motorista.com.br\/noticias\/2026\/08\/31\/governo-analisa-elevar-a-porcentagem-de-biodiesel-no-diesel\/"},"wordCount":587,"publisher":{"@id":"https:\/\/motorista.com.br\/noticias\/#organization"},"image":{"@id":"https:\/\/motorista.com.br\/noticias\/2026\/08\/31\/governo-analisa-elevar-a-porcentagem-de-biodiesel-no-diesel\/#primaryimage"},"thumbnailUrl":"https:\/\/motorista.com.br\/noticias\/wp-content\/uploads\/2026\/08\/caminhao-problema-mecanico-posto-biodiesel.jpg","articleSection":["Carreteiro","Motorista"],"inLanguage":"pt-BR"},{"@type":"WebPage","@id":"https:\/\/motorista.com.br\/noticias\/2026\/08\/31\/governo-analisa-elevar-a-porcentagem-de-biodiesel-no-diesel\/","url":"https:\/\/motorista.com.br\/noticias\/2026\/08\/31\/governo-analisa-elevar-a-porcentagem-de-biodiesel-no-diesel\/","name":"Governo analisa elevar a porcentagem de biodiesel no diesel - Motorista.com.br","isPartOf":{"@id":"https:\/\/motorista.com.br\/noticias\/#website"},"primaryImageOfPage":{"@id":"https:\/\/motorista.com.br\/noticias\/2026\/08\/31\/governo-analisa-elevar-a-porcentagem-de-biodiesel-no-diesel\/#primaryimage"},"image":{"@id":"https:\/\/motorista.com.br\/noticias\/2026\/08\/31\/governo-analisa-elevar-a-porcentagem-de-biodiesel-no-diesel\/#primaryimage"},"thumbnailUrl":"https:\/\/motorista.com.br\/noticias\/wp-content\/uploads\/2026\/08\/caminhao-problema-mecanico-posto-biodiesel.jpg","datePublished":"2026-08-31T20:06:12+00:00","breadcrumb":{"@id":"https:\/\/motorista.com.br\/noticias\/2026\/08\/31\/governo-analisa-elevar-a-porcentagem-de-biodiesel-no-diesel\/#breadcrumb"},"inLanguage":"pt-BR","potentialAction":[{"@type":"ReadAction","target":["https:\/\/motorista.com.br\/noticias\/2026\/08\/31\/governo-analisa-elevar-a-porcentagem-de-biodiesel-no-diesel\/"]}]},{"@type":"ImageObject","inLanguage":"pt-BR","@id":"https:\/\/motorista.com.br\/noticias\/2026\/08\/31\/governo-analisa-elevar-a-porcentagem-de-biodiesel-no-diesel\/#primaryimage","url":"https:\/\/motorista.com.br\/noticias\/wp-content\/uploads\/2026\/08\/caminhao-problema-mecanico-posto-biodiesel.jpg","contentUrl":"https:\/\/motorista.com.br\/noticias\/wp-content\/uploads\/2026\/08\/caminhao-problema-mecanico-posto-biodiesel.jpg","width":1291,"height":800},{"@type":"BreadcrumbList","@id":"https:\/\/motorista.com.br\/noticias\/2026\/08\/31\/governo-analisa-elevar-a-porcentagem-de-biodiesel-no-diesel\/#breadcrumb","itemListElement":[{"@type":"ListItem","position":1,"name":"In\u00edcio","item":"https:\/\/motorista.com.br\/noticias\/"},{"@type":"ListItem","position":2,"name":"Governo analisa elevar a porcentagem de biodiesel no diesel"}]},{"@type":"WebSite","@id":"https:\/\/motorista.com.br\/noticias\/#website","url":"https:\/\/motorista.com.br\/noticias\/","name":"Motorista.com.br","description":"Not\u00edcia do Motorista","publisher":{"@id":"https:\/\/motorista.com.br\/noticias\/#organization"},"potentialAction":[{"@type":"SearchAction","target":{"@type":"EntryPoint","urlTemplate":"https:\/\/motorista.com.br\/noticias\/?s={search_term_string}"},"query-input":{"@type":"PropertyValueSpecification","valueRequired":true,"valueName":"search_term_string"}}],"inLanguage":"pt-BR"},{"@type":"Organization","@id":"https:\/\/motorista.com.br\/noticias\/#organization","name":"Motorista.com.br","url":"https:\/\/motorista.com.br\/noticias\/","logo":{"@type":"ImageObject","inLanguage":"pt-BR","@id":"https:\/\/motorista.com.br\/noticias\/#\/schema\/logo\/image\/","url":"https:\/\/motorista.com.br\/noticias\/wp-content\/uploads\/2025\/06\/Design-sem-nome-9.png","contentUrl":"https:\/\/motorista.com.br\/noticias\/wp-content\/uploads\/2025\/06\/Design-sem-nome-9.png","width":150,"height":85,"caption":"Motorista.com.br"},"image":{"@id":"https:\/\/motorista.com.br\/noticias\/#\/schema\/logo\/image\/"}},{"@type":"Person","@id":"https:\/\/motorista.com.br\/noticias\/#\/schema\/person\/dc93afc2981c0e3ce6bc3c053fd847be","name":"Equipe Reda\u00e7\u00e3o","image":{"@type":"ImageObject","inLanguage":"pt-BR","@id":"https:\/\/secure.gravatar.com\/avatar\/4f525efbf18dd2bb300ccad28bfb99d95a9465a5ba268407c8c37b37e1f28d2d?s=96&d=mm&r=g9e099043a0c61e9ae27e293b9fa75ffc","url":"https:\/\/secure.gravatar.com\/avatar\/4f525efbf18dd2bb300ccad28bfb99d95a9465a5ba268407c8c37b37e1f28d2d?s=96&d=mm&r=g","contentUrl":"https:\/\/secure.gravatar.com\/avatar\/4f525efbf18dd2bb300ccad28bfb99d95a9465a5ba268407c8c37b37e1f28d2d?s=96&d=mm&r=g","caption":"Equipe Reda\u00e7\u00e3o"},"description":"Equipe de reda\u00e7\u00e3o \u00e9 um grupo de profissionais que trabalham juntos para criar conte\u00fado escrito para Motorista.com.br","url":"https:\/\/motorista.com.br\/noticias\/author\/equiperedacao\/"}]}},"_links":{"self":[{"href":"https:\/\/motorista.com.br\/noticias\/wp-json\/wp\/v2\/posts\/14156","targetHints":{"allow":["GET"]}}],"collection":[{"href":"https:\/\/motorista.com.br\/noticias\/wp-json\/wp\/v2\/posts"}],"about":[{"href":"https:\/\/motorista.com.br\/noticias\/wp-json\/wp\/v2\/types\/post"}],"author":[{"embeddable":true,"href":"https:\/\/motorista.com.br\/noticias\/wp-json\/wp\/v2\/users\/4"}],"replies":[{"embeddable":true,"href":"https:\/\/motorista.com.br\/noticias\/wp-json\/wp\/v2\/comments?post=14156"}],"version-history":[{"count":0,"href":"https:\/\/motorista.com.br\/noticias\/wp-json\/wp\/v2\/posts\/14156\/revisions"}],"wp:featuredmedia":[{"embeddable":true,"href":"https:\/\/motorista.com.br\/noticias\/wp-json\/wp\/v2\/media\/14157"}],"wp:attachment":[{"href":"https:\/\/motorista.com.br\/noticias\/wp-json\/wp\/v2\/media?parent=14156"}],"wp:term":[{"taxonomy":"category","embeddable":true,"href":"https:\/\/motorista.com.br\/noticias\/wp-json\/wp\/v2\/categories?post=14156"},{"taxonomy":"post_tag","embeddable":true,"href":"https:\/\/motorista.com.br\/noticias\/wp-json\/wp\/v2\/tags?post=14156"},{"taxonomy":"author","embeddable":true,"href":"https:\/\/motorista.com.br\/noticias\/wp-json\/wp\/v2\/coauthors?post=14156"}],"curies":[{"name":"wp","href":"https:\/\/api.w.org\/{rel}","templated":true}]}}