{"id":14154,"date":"2026-08-31T15:21:46","date_gmt":"2026-08-31T18:21:46","guid":{"rendered":"https:\/\/motorista.com.br\/noticias\/2026\/08\/31\/foton-entrega-800-caminhoes-auman-a-africa-em-uma-so-remessa\/"},"modified":"2026-08-31T15:21:46","modified_gmt":"2026-08-31T18:21:46","slug":"foton-entrega-800-caminhoes-auman-a-africa-em-uma-so-remessa","status":"publish","type":"post","link":"https:\/\/motorista.com.br\/noticias\/2026\/08\/31\/foton-entrega-800-caminhoes-auman-a-africa-em-uma-so-remessa\/","title":{"rendered":"Foton entrega 800 caminh\u00f5es Auman \u00e0 \u00c1frica em uma s\u00f3 remessa."},"content":{"rendered":"<p><\/p>\n<p>A Foton, fabricante chinesa, est\u00e1 dando um passo significativo na mobilidade e na log\u00edstica africana com o envio de 800 caminh\u00f5es pesados Auman, uma das maiores opera\u00e7\u00f5es recentes no continente. Esses ve\u00edculos, que ser\u00e3o utilizados em opera\u00e7\u00f5es log\u00edsticas entre pa\u00edses e transporte rodovi\u00e1rio de longa dist\u00e2ncia, representam um avan\u00e7o n\u00e3o apenas para a empresa, mas tamb\u00e9m para o fortalecimento da infraestrutura de mobilidade na regi\u00e3o.<\/p>\n<p>Com a Z\u00e2mbia funcionando como um importante corredor de transporte para diversos pa\u00edses, a entrega desses caminh\u00f5es \u00e9 vital. Esse contexto geogr\u00e1fico torna a frota fundamental para a efici\u00eancia do com\u00e9rcio e da movimenta\u00e7\u00e3o de mercadorias, promovendo la\u00e7os econ\u00f4micos entre na\u00e7\u00f5es e contribuindo positivamente para a mobilidade geral na \u00c1frica.<\/p>\n<p>Os caminh\u00f5es Auman s\u00e3o projetados para suportar o peso bruto de at\u00e9 56 toneladas, utilizando um motor potente ISG380. Essa configura\u00e7\u00e3o robusta \u00e9 ideal para as variadas condi\u00e7\u00f5es das rodovias africanas, que incluem tanto estradas pavimentadas quanto terrenos mais desafiadores. Adapta\u00e7\u00f5es espec\u00edficas, como um tanque de combust\u00edvel de 700 litros e para-choque met\u00e1lico, garantem a operacionalidade em rotas extensas, onde a disponibilidade de abastecimento pode ser limitada.<\/p>\n<p>Um dos aspectos mais inovadores desses ve\u00edculos \u00e9 o sistema de telemetria equipado com o chip CEM. Essa tecnologia permite o monitoramento dos caminh\u00f5es em tempo real, abrangendo dados cruciais sobre o consumo de combust\u00edvel e as condi\u00e7\u00f5es operacionais. Isso \u00e9 especialmente valioso para empresas de transporte, que podem otimizar rotas e reduzir custos, al\u00e9m de melhorar a seguran\u00e7a nas estradas.<\/p>\n<p>A Foton tamb\u00e9m se comprometeu com a montagem de uma extensa rede de assist\u00eancia e fornecimento de pe\u00e7as na \u00c1frica. Essa infraestrutura \u00e9 crucial para manter a frota operando sem interrup\u00e7\u00f5es, evitando longos per\u00edodos de inatividade que podem ser custosos para os transportadores. A capacita\u00e7\u00e3o de profissionais locais tamb\u00e9m \u00e9 uma prioridade, com centros de treinamento adaptados \u00e0s necessidades espec\u00edficas da regi\u00e3o.<\/p>\n<p>Essa expans\u00e3o da Foton para fornecer n\u00e3o apenas caminh\u00f5es, mas tamb\u00e9m solu\u00e7\u00f5es completas \u2014 incluindo telemetria, manuten\u00e7\u00e3o e gest\u00e3o de frotas \u2014 sinaliza uma nova fase na ind\u00fastria de transporte. A empresa est\u00e1 se posicionando para atender grandes transportadoras, oferecendo um modelo de neg\u00f3cio que v\u00e1 al\u00e9m da venda de ve\u00edculos.<\/p>\n<p>Em resumo, a entrega de 800 caminh\u00f5es Auman n\u00e3o \u00e9 apenas um marco para a Foton; \u00e9 um passo importante para a melhoria da mobilidade na \u00c1frica. Ao integrar uma infraestrutura de suporte e investir em tecnologia, a Foton promove um ambiente mais eficiente e com maior interconectividade entre as na\u00e7\u00f5es, o que, em \u00faltima an\u00e1lise, beneficia todos os motoristas e o transporte de mercadorias em n\u00edvel continental.<\/p>\n<p><strong>Fonte: brasildotrecho<\/strong><\/p>\n","protected":false},"excerpt":{"rendered":"<p>A Foton, fabricante chinesa, est\u00e1 dando um passo significativo na mobilidade e na log\u00edstica africana com o envio de 800 caminh\u00f5es pesados Auman, uma das maiores opera\u00e7\u00f5es recentes no continente. Esses ve\u00edculos, que ser\u00e3o utilizados em opera\u00e7\u00f5es log\u00edsticas entre pa\u00edses e transporte rodovi\u00e1rio de longa dist\u00e2ncia, representam um avan\u00e7o n\u00e3o apenas para a empresa, mas &hellip;<\/p>\n","protected":false},"author":4,"featured_media":14155,"comment_status":"","ping_status":"open","sticky":false,"template":"","format":"standard","meta":{"footnotes":""},"categories":[77],"tags":[],"coauthors":[42],"class_list":["post-14154","post","type-post","status-publish","format-standard","has-post-thumbnail","hentry","category-motorista"],"yoast_head":"<!-- This site is optimized with the Yoast SEO Premium plugin v27.6.1 (Yoast SEO v28.3) - https:\/\/yoast.com\/product\/yoast-seo-premium-wordpress\/ -->\n<title>Foton entrega 800 caminh\u00f5es Auman \u00e0 \u00c1frica em uma s\u00f3 remessa. - Motorista.com.br<\/title>\n<meta name=\"robots\" content=\"index, follow, max-snippet:-1, max-image-preview:large, max-video-preview:-1\" \/>\n<link rel=\"canonical\" href=\"https:\/\/motorista.com.br\/noticias\/2026\/08\/31\/foton-entrega-800-caminhoes-auman-a-africa-em-uma-so-remessa\/\" \/>\n<meta property=\"og:locale\" content=\"pt_BR\" \/>\n<meta property=\"og:type\" content=\"article\" \/>\n<meta property=\"og:title\" content=\"Foton entrega 800 caminh\u00f5es Auman \u00e0 \u00c1frica em uma s\u00f3 remessa.\" \/>\n<meta property=\"og:description\" content=\"A Foton, fabricante chinesa, est\u00e1 dando um passo significativo na mobilidade e na log\u00edstica africana com o envio de 800 caminh\u00f5es pesados Auman, uma das maiores opera\u00e7\u00f5es recentes no continente. Esses ve\u00edculos, que ser\u00e3o utilizados em opera\u00e7\u00f5es log\u00edsticas entre pa\u00edses e transporte rodovi\u00e1rio de longa dist\u00e2ncia, representam um avan\u00e7o n\u00e3o apenas para a empresa, mas &hellip;\" \/>\n<meta property=\"og:url\" content=\"https:\/\/motorista.com.br\/noticias\/2026\/08\/31\/foton-entrega-800-caminhoes-auman-a-africa-em-uma-so-remessa\/\" \/>\n<meta property=\"og:site_name\" content=\"Motorista.com.br\" \/>\n<meta property=\"article:published_time\" content=\"2026-08-31T18:21:46+00:00\" \/>\n<meta name=\"author\" content=\"Equipe Reda\u00e7\u00e3o\" \/>\n<meta name=\"twitter:card\" content=\"summary_large_image\" \/>\n<meta name=\"twitter:label1\" content=\"Escrito por\" \/>\n\t<meta name=\"twitter:data1\" content=\"Equipe Reda\u00e7\u00e3o\" \/>\n\t<meta name=\"twitter:label2\" content=\"Est. tempo de leitura\" \/>\n\t<meta name=\"twitter:data2\" content=\"2 minutos\" \/>\n\t<meta name=\"twitter:label3\" content=\"Written by\" \/>\n\t<meta name=\"twitter:data3\" content=\"Equipe Reda\u00e7\u00e3o\" \/>\n<script type=\"application\/ld+json\" class=\"yoast-schema-graph\">{\"@context\":\"https:\\\/\\\/schema.org\",\"@graph\":[{\"@type\":\"Article\",\"@id\":\"https:\\\/\\\/motorista.com.br\\\/noticias\\\/2026\\\/08\\\/31\\\/foton-entrega-800-caminhoes-auman-a-africa-em-uma-so-remessa\\\/#article\",\"isPartOf\":{\"@id\":\"https:\\\/\\\/motorista.com.br\\\/noticias\\\/2026\\\/08\\\/31\\\/foton-entrega-800-caminhoes-auman-a-africa-em-uma-so-remessa\\\/\"},\"author\":{\"name\":\"Equipe Reda\u00e7\u00e3o\",\"@id\":\"https:\\\/\\\/motorista.com.br\\\/noticias\\\/#\\\/schema\\\/person\\\/dc93afc2981c0e3ce6bc3c053fd847be\"},\"headline\":\"Foton entrega 800 caminh\u00f5es Auman \u00e0 \u00c1frica em uma s\u00f3 remessa.\",\"datePublished\":\"2026-08-31T18:21:46+00:00\",\"mainEntityOfPage\":{\"@id\":\"https:\\\/\\\/motorista.com.br\\\/noticias\\\/2026\\\/08\\\/31\\\/foton-entrega-800-caminhoes-auman-a-africa-em-uma-so-remessa\\\/\"},\"wordCount\":485,\"publisher\":{\"@id\":\"https:\\\/\\\/motorista.com.br\\\/noticias\\\/#organization\"},\"image\":{\"@id\":\"https:\\\/\\\/motorista.com.br\\\/noticias\\\/2026\\\/08\\\/31\\\/foton-entrega-800-caminhoes-auman-a-africa-em-uma-so-remessa\\\/#primaryimage\"},\"thumbnailUrl\":\"https:\\\/\\\/motorista.com.br\\\/noticias\\\/wp-content\\\/uploads\\\/2026\\\/08\\\/foton-africa-scaled.jpg\",\"articleSection\":[\"Motorista\"],\"inLanguage\":\"pt-BR\"},{\"@type\":\"WebPage\",\"@id\":\"https:\\\/\\\/motorista.com.br\\\/noticias\\\/2026\\\/08\\\/31\\\/foton-entrega-800-caminhoes-auman-a-africa-em-uma-so-remessa\\\/\",\"url\":\"https:\\\/\\\/motorista.com.br\\\/noticias\\\/2026\\\/08\\\/31\\\/foton-entrega-800-caminhoes-auman-a-africa-em-uma-so-remessa\\\/\",\"name\":\"Foton entrega 800 caminh\u00f5es Auman \u00e0 \u00c1frica em uma s\u00f3 remessa. - Motorista.com.br\",\"isPartOf\":{\"@id\":\"https:\\\/\\\/motorista.com.br\\\/noticias\\\/#website\"},\"primaryImageOfPage\":{\"@id\":\"https:\\\/\\\/motorista.com.br\\\/noticias\\\/2026\\\/08\\\/31\\\/foton-entrega-800-caminhoes-auman-a-africa-em-uma-so-remessa\\\/#primaryimage\"},\"image\":{\"@id\":\"https:\\\/\\\/motorista.com.br\\\/noticias\\\/2026\\\/08\\\/31\\\/foton-entrega-800-caminhoes-auman-a-africa-em-uma-so-remessa\\\/#primaryimage\"},\"thumbnailUrl\":\"https:\\\/\\\/motorista.com.br\\\/noticias\\\/wp-content\\\/uploads\\\/2026\\\/08\\\/foton-africa-scaled.jpg\",\"datePublished\":\"2026-08-31T18:21:46+00:00\",\"breadcrumb\":{\"@id\":\"https:\\\/\\\/motorista.com.br\\\/noticias\\\/2026\\\/08\\\/31\\\/foton-entrega-800-caminhoes-auman-a-africa-em-uma-so-remessa\\\/#breadcrumb\"},\"inLanguage\":\"pt-BR\",\"potentialAction\":[{\"@type\":\"ReadAction\",\"target\":[\"https:\\\/\\\/motorista.com.br\\\/noticias\\\/2026\\\/08\\\/31\\\/foton-entrega-800-caminhoes-auman-a-africa-em-uma-so-remessa\\\/\"]}]},{\"@type\":\"ImageObject\",\"inLanguage\":\"pt-BR\",\"@id\":\"https:\\\/\\\/motorista.com.br\\\/noticias\\\/2026\\\/08\\\/31\\\/foton-entrega-800-caminhoes-auman-a-africa-em-uma-so-remessa\\\/#primaryimage\",\"url\":\"https:\\\/\\\/motorista.com.br\\\/noticias\\\/wp-content\\\/uploads\\\/2026\\\/08\\\/foton-africa-scaled.jpg\",\"contentUrl\":\"https:\\\/\\\/motorista.com.br\\\/noticias\\\/wp-content\\\/uploads\\\/2026\\\/08\\\/foton-africa-scaled.jpg\",\"width\":1600,\"height\":1200},{\"@type\":\"BreadcrumbList\",\"@id\":\"https:\\\/\\\/motorista.com.br\\\/noticias\\\/2026\\\/08\\\/31\\\/foton-entrega-800-caminhoes-auman-a-africa-em-uma-so-remessa\\\/#breadcrumb\",\"itemListElement\":[{\"@type\":\"ListItem\",\"position\":1,\"name\":\"In\u00edcio\",\"item\":\"https:\\\/\\\/motorista.com.br\\\/noticias\\\/\"},{\"@type\":\"ListItem\",\"position\":2,\"name\":\"Foton entrega 800 caminh\u00f5es Auman \u00e0 \u00c1frica em uma s\u00f3 remessa.\"}]},{\"@type\":\"WebSite\",\"@id\":\"https:\\\/\\\/motorista.com.br\\\/noticias\\\/#website\",\"url\":\"https:\\\/\\\/motorista.com.br\\\/noticias\\\/\",\"name\":\"Motorista.com.br\",\"description\":\"Not\u00edcia do Motorista\",\"publisher\":{\"@id\":\"https:\\\/\\\/motorista.com.br\\\/noticias\\\/#organization\"},\"potentialAction\":[{\"@type\":\"SearchAction\",\"target\":{\"@type\":\"EntryPoint\",\"urlTemplate\":\"https:\\\/\\\/motorista.com.br\\\/noticias\\\/?s={search_term_string}\"},\"query-input\":{\"@type\":\"PropertyValueSpecification\",\"valueRequired\":true,\"valueName\":\"search_term_string\"}}],\"inLanguage\":\"pt-BR\"},{\"@type\":\"Organization\",\"@id\":\"https:\\\/\\\/motorista.com.br\\\/noticias\\\/#organization\",\"name\":\"Motorista.com.br\",\"url\":\"https:\\\/\\\/motorista.com.br\\\/noticias\\\/\",\"logo\":{\"@type\":\"ImageObject\",\"inLanguage\":\"pt-BR\",\"@id\":\"https:\\\/\\\/motorista.com.br\\\/noticias\\\/#\\\/schema\\\/logo\\\/image\\\/\",\"url\":\"https:\\\/\\\/motorista.com.br\\\/noticias\\\/wp-content\\\/uploads\\\/2025\\\/06\\\/Design-sem-nome-9.png\",\"contentUrl\":\"https:\\\/\\\/motorista.com.br\\\/noticias\\\/wp-content\\\/uploads\\\/2025\\\/06\\\/Design-sem-nome-9.png\",\"width\":150,\"height\":85,\"caption\":\"Motorista.com.br\"},\"image\":{\"@id\":\"https:\\\/\\\/motorista.com.br\\\/noticias\\\/#\\\/schema\\\/logo\\\/image\\\/\"}},{\"@type\":\"Person\",\"@id\":\"https:\\\/\\\/motorista.com.br\\\/noticias\\\/#\\\/schema\\\/person\\\/dc93afc2981c0e3ce6bc3c053fd847be\",\"name\":\"Equipe Reda\u00e7\u00e3o\",\"image\":{\"@type\":\"ImageObject\",\"inLanguage\":\"pt-BR\",\"@id\":\"https:\\\/\\\/secure.gravatar.com\\\/avatar\\\/4f525efbf18dd2bb300ccad28bfb99d95a9465a5ba268407c8c37b37e1f28d2d?s=96&d=mm&r=g9e099043a0c61e9ae27e293b9fa75ffc\",\"url\":\"https:\\\/\\\/secure.gravatar.com\\\/avatar\\\/4f525efbf18dd2bb300ccad28bfb99d95a9465a5ba268407c8c37b37e1f28d2d?s=96&d=mm&r=g\",\"contentUrl\":\"https:\\\/\\\/secure.gravatar.com\\\/avatar\\\/4f525efbf18dd2bb300ccad28bfb99d95a9465a5ba268407c8c37b37e1f28d2d?s=96&d=mm&r=g\",\"caption\":\"Equipe Reda\u00e7\u00e3o\"},\"description\":\"Equipe de reda\u00e7\u00e3o \u00e9 um grupo de profissionais que trabalham juntos para criar conte\u00fado escrito para Motorista.com.br\",\"url\":\"https:\\\/\\\/motorista.com.br\\\/noticias\\\/author\\\/equiperedacao\\\/\"}]}<\/script>\n<!-- \/ Yoast SEO Premium plugin. -->","yoast_head_json":{"title":"Foton entrega 800 caminh\u00f5es Auman \u00e0 \u00c1frica em uma s\u00f3 remessa. - Motorista.com.br","robots":{"index":"index","follow":"follow","max-snippet":"max-snippet:-1","max-image-preview":"max-image-preview:large","max-video-preview":"max-video-preview:-1"},"canonical":"https:\/\/motorista.com.br\/noticias\/2026\/08\/31\/foton-entrega-800-caminhoes-auman-a-africa-em-uma-so-remessa\/","og_locale":"pt_BR","og_type":"article","og_title":"Foton entrega 800 caminh\u00f5es Auman \u00e0 \u00c1frica em uma s\u00f3 remessa.","og_description":"A Foton, fabricante chinesa, est\u00e1 dando um passo significativo na mobilidade e na log\u00edstica africana com o envio de 800 caminh\u00f5es pesados Auman, uma das maiores opera\u00e7\u00f5es recentes no continente. Esses ve\u00edculos, que ser\u00e3o utilizados em opera\u00e7\u00f5es log\u00edsticas entre pa\u00edses e transporte rodovi\u00e1rio de longa dist\u00e2ncia, representam um avan\u00e7o n\u00e3o apenas para a empresa, mas &hellip;","og_url":"https:\/\/motorista.com.br\/noticias\/2026\/08\/31\/foton-entrega-800-caminhoes-auman-a-africa-em-uma-so-remessa\/","og_site_name":"Motorista.com.br","article_published_time":"2026-08-31T18:21:46+00:00","author":"Equipe Reda\u00e7\u00e3o","twitter_card":"summary_large_image","twitter_misc":{"Escrito por":"Equipe Reda\u00e7\u00e3o","Est. tempo de leitura":"2 minutos","Written by":"Equipe Reda\u00e7\u00e3o"},"schema":{"@context":"https:\/\/schema.org","@graph":[{"@type":"Article","@id":"https:\/\/motorista.com.br\/noticias\/2026\/08\/31\/foton-entrega-800-caminhoes-auman-a-africa-em-uma-so-remessa\/#article","isPartOf":{"@id":"https:\/\/motorista.com.br\/noticias\/2026\/08\/31\/foton-entrega-800-caminhoes-auman-a-africa-em-uma-so-remessa\/"},"author":{"name":"Equipe Reda\u00e7\u00e3o","@id":"https:\/\/motorista.com.br\/noticias\/#\/schema\/person\/dc93afc2981c0e3ce6bc3c053fd847be"},"headline":"Foton entrega 800 caminh\u00f5es Auman \u00e0 \u00c1frica em uma s\u00f3 remessa.","datePublished":"2026-08-31T18:21:46+00:00","mainEntityOfPage":{"@id":"https:\/\/motorista.com.br\/noticias\/2026\/08\/31\/foton-entrega-800-caminhoes-auman-a-africa-em-uma-so-remessa\/"},"wordCount":485,"publisher":{"@id":"https:\/\/motorista.com.br\/noticias\/#organization"},"image":{"@id":"https:\/\/motorista.com.br\/noticias\/2026\/08\/31\/foton-entrega-800-caminhoes-auman-a-africa-em-uma-so-remessa\/#primaryimage"},"thumbnailUrl":"https:\/\/motorista.com.br\/noticias\/wp-content\/uploads\/2026\/08\/foton-africa-scaled.jpg","articleSection":["Motorista"],"inLanguage":"pt-BR"},{"@type":"WebPage","@id":"https:\/\/motorista.com.br\/noticias\/2026\/08\/31\/foton-entrega-800-caminhoes-auman-a-africa-em-uma-so-remessa\/","url":"https:\/\/motorista.com.br\/noticias\/2026\/08\/31\/foton-entrega-800-caminhoes-auman-a-africa-em-uma-so-remessa\/","name":"Foton entrega 800 caminh\u00f5es Auman \u00e0 \u00c1frica em uma s\u00f3 remessa. - Motorista.com.br","isPartOf":{"@id":"https:\/\/motorista.com.br\/noticias\/#website"},"primaryImageOfPage":{"@id":"https:\/\/motorista.com.br\/noticias\/2026\/08\/31\/foton-entrega-800-caminhoes-auman-a-africa-em-uma-so-remessa\/#primaryimage"},"image":{"@id":"https:\/\/motorista.com.br\/noticias\/2026\/08\/31\/foton-entrega-800-caminhoes-auman-a-africa-em-uma-so-remessa\/#primaryimage"},"thumbnailUrl":"https:\/\/motorista.com.br\/noticias\/wp-content\/uploads\/2026\/08\/foton-africa-scaled.jpg","datePublished":"2026-08-31T18:21:46+00:00","breadcrumb":{"@id":"https:\/\/motorista.com.br\/noticias\/2026\/08\/31\/foton-entrega-800-caminhoes-auman-a-africa-em-uma-so-remessa\/#breadcrumb"},"inLanguage":"pt-BR","potentialAction":[{"@type":"ReadAction","target":["https:\/\/motorista.com.br\/noticias\/2026\/08\/31\/foton-entrega-800-caminhoes-auman-a-africa-em-uma-so-remessa\/"]}]},{"@type":"ImageObject","inLanguage":"pt-BR","@id":"https:\/\/motorista.com.br\/noticias\/2026\/08\/31\/foton-entrega-800-caminhoes-auman-a-africa-em-uma-so-remessa\/#primaryimage","url":"https:\/\/motorista.com.br\/noticias\/wp-content\/uploads\/2026\/08\/foton-africa-scaled.jpg","contentUrl":"https:\/\/motorista.com.br\/noticias\/wp-content\/uploads\/2026\/08\/foton-africa-scaled.jpg","width":1600,"height":1200},{"@type":"BreadcrumbList","@id":"https:\/\/motorista.com.br\/noticias\/2026\/08\/31\/foton-entrega-800-caminhoes-auman-a-africa-em-uma-so-remessa\/#breadcrumb","itemListElement":[{"@type":"ListItem","position":1,"name":"In\u00edcio","item":"https:\/\/motorista.com.br\/noticias\/"},{"@type":"ListItem","position":2,"name":"Foton entrega 800 caminh\u00f5es Auman \u00e0 \u00c1frica em uma s\u00f3 remessa."}]},{"@type":"WebSite","@id":"https:\/\/motorista.com.br\/noticias\/#website","url":"https:\/\/motorista.com.br\/noticias\/","name":"Motorista.com.br","description":"Not\u00edcia do Motorista","publisher":{"@id":"https:\/\/motorista.com.br\/noticias\/#organization"},"potentialAction":[{"@type":"SearchAction","target":{"@type":"EntryPoint","urlTemplate":"https:\/\/motorista.com.br\/noticias\/?s={search_term_string}"},"query-input":{"@type":"PropertyValueSpecification","valueRequired":true,"valueName":"search_term_string"}}],"inLanguage":"pt-BR"},{"@type":"Organization","@id":"https:\/\/motorista.com.br\/noticias\/#organization","name":"Motorista.com.br","url":"https:\/\/motorista.com.br\/noticias\/","logo":{"@type":"ImageObject","inLanguage":"pt-BR","@id":"https:\/\/motorista.com.br\/noticias\/#\/schema\/logo\/image\/","url":"https:\/\/motorista.com.br\/noticias\/wp-content\/uploads\/2025\/06\/Design-sem-nome-9.png","contentUrl":"https:\/\/motorista.com.br\/noticias\/wp-content\/uploads\/2025\/06\/Design-sem-nome-9.png","width":150,"height":85,"caption":"Motorista.com.br"},"image":{"@id":"https:\/\/motorista.com.br\/noticias\/#\/schema\/logo\/image\/"}},{"@type":"Person","@id":"https:\/\/motorista.com.br\/noticias\/#\/schema\/person\/dc93afc2981c0e3ce6bc3c053fd847be","name":"Equipe Reda\u00e7\u00e3o","image":{"@type":"ImageObject","inLanguage":"pt-BR","@id":"https:\/\/secure.gravatar.com\/avatar\/4f525efbf18dd2bb300ccad28bfb99d95a9465a5ba268407c8c37b37e1f28d2d?s=96&d=mm&r=g9e099043a0c61e9ae27e293b9fa75ffc","url":"https:\/\/secure.gravatar.com\/avatar\/4f525efbf18dd2bb300ccad28bfb99d95a9465a5ba268407c8c37b37e1f28d2d?s=96&d=mm&r=g","contentUrl":"https:\/\/secure.gravatar.com\/avatar\/4f525efbf18dd2bb300ccad28bfb99d95a9465a5ba268407c8c37b37e1f28d2d?s=96&d=mm&r=g","caption":"Equipe Reda\u00e7\u00e3o"},"description":"Equipe de reda\u00e7\u00e3o \u00e9 um grupo de profissionais que trabalham juntos para criar conte\u00fado escrito para Motorista.com.br","url":"https:\/\/motorista.com.br\/noticias\/author\/equiperedacao\/"}]}},"_links":{"self":[{"href":"https:\/\/motorista.com.br\/noticias\/wp-json\/wp\/v2\/posts\/14154","targetHints":{"allow":["GET"]}}],"collection":[{"href":"https:\/\/motorista.com.br\/noticias\/wp-json\/wp\/v2\/posts"}],"about":[{"href":"https:\/\/motorista.com.br\/noticias\/wp-json\/wp\/v2\/types\/post"}],"author":[{"embeddable":true,"href":"https:\/\/motorista.com.br\/noticias\/wp-json\/wp\/v2\/users\/4"}],"replies":[{"embeddable":true,"href":"https:\/\/motorista.com.br\/noticias\/wp-json\/wp\/v2\/comments?post=14154"}],"version-history":[{"count":0,"href":"https:\/\/motorista.com.br\/noticias\/wp-json\/wp\/v2\/posts\/14154\/revisions"}],"wp:featuredmedia":[{"embeddable":true,"href":"https:\/\/motorista.com.br\/noticias\/wp-json\/wp\/v2\/media\/14155"}],"wp:attachment":[{"href":"https:\/\/motorista.com.br\/noticias\/wp-json\/wp\/v2\/media?parent=14154"}],"wp:term":[{"taxonomy":"category","embeddable":true,"href":"https:\/\/motorista.com.br\/noticias\/wp-json\/wp\/v2\/categories?post=14154"},{"taxonomy":"post_tag","embeddable":true,"href":"https:\/\/motorista.com.br\/noticias\/wp-json\/wp\/v2\/tags?post=14154"},{"taxonomy":"author","embeddable":true,"href":"https:\/\/motorista.com.br\/noticias\/wp-json\/wp\/v2\/coauthors?post=14154"}],"curies":[{"name":"wp","href":"https:\/\/api.w.org\/{rel}","templated":true}]}}