{"id":14148,"date":"2026-08-31T11:20:17","date_gmt":"2026-08-31T14:20:17","guid":{"rendered":"https:\/\/motorista.com.br\/noticias\/2026\/08\/31\/mitsubishi-fuso-apresenta-novo-fighter-enquanto-archion-inicia-plano-de-caminhoes\/"},"modified":"2026-08-31T11:20:17","modified_gmt":"2026-08-31T14:20:17","slug":"mitsubishi-fuso-apresenta-novo-fighter-enquanto-archion-inicia-plano-de-caminhoes","status":"publish","type":"post","link":"https:\/\/motorista.com.br\/noticias\/2026\/08\/31\/mitsubishi-fuso-apresenta-novo-fighter-enquanto-archion-inicia-plano-de-caminhoes\/","title":{"rendered":"Mitsubishi Fuso Apresenta Novo Fighter Enquanto ARCHION Inicia Plano de Caminh\u00f5es"},"content":{"rendered":"<p><\/p>\n<p>Mitsubishi Fuso apresentou uma nova gera\u00e7\u00e3o de seu caminh\u00e3o de m\u00e9dia capacidade, o <strong>Fighter<\/strong>, no Jap\u00e3o, trazendo mudan\u00e7as significativas que v\u00e3o al\u00e9m de um simples emblema. Este modelo marca a primeira grande entrega do plano ARCHION, que visa compartilhar plataformas de caminh\u00f5es entre a Mitsubishi Fuso e a Hino Motors.<\/p>\n<p>Lan\u00e7ado em 26 de agosto, o novo FUSO Fighter \u00e9 acompanhado pela vers\u00e3o atualizada do <strong>Hino Ranger<\/strong>. Nesse projeto, a Hino fornece sua plataforma de caminh\u00e3o de m\u00e9dia capacidade existente para a Mitsubishi Fuso, permitindo que ambas as marcas acessem uma variedade maior de configura\u00e7\u00f5es enquanto mant\u00eam suas identidades distintas.<\/p>\n<p>A estrat\u00e9gia do ARCHION inclui a integra\u00e7\u00e3o gradual de componentes importantes no desenvolvimento de caminh\u00f5es, como <strong>motoriza\u00e7\u00e3o, chassis, cabines e sistemas eletr\u00f4nicos<\/strong>. Essa compartilhamento de componentes n\u00e3o apenas reduz a quantidade de pe\u00e7as diferentes necess\u00e1rias, mas tamb\u00e9m eleva a escala de produ\u00e7\u00e3o e acelera a entrega de novos modelos aos consumidores. Para os motoristas e operadores, isso pode resultar em uma mobilidade mais eficiente e numa redu\u00e7\u00e3o dos custos operacionais, fundamentais em um cen\u00e1rio onde a competitividade no setor de transporte \u00e9 crescente.<\/p>\n<p>Al\u00e9m disso, o novo Fighter apresenta melhorias pr\u00e1ticas. A Mitsubishi Fuso expandiu sua gama para atender a setores como constru\u00e7\u00e3o, transporte pesado e opera\u00e7\u00f5es em terrenos dif\u00edceis ou nevados. Novas configura\u00e7\u00f5es, incluindo chassis de alta capacidade de carga e vers\u00f5es 4WD, ampliam as possibilidades de uso do caminh\u00e3o. Essas adapta\u00e7\u00f5es visam atender melhor as necessidades dos motoristas e empresas, contribuindo para uma mobilidade mais vers\u00e1til.<\/p>\n<p>O modelo \u00e9 equipado com um <strong>motor diesel A05C<\/strong> de 240 PS, disponibilizando op\u00e7\u00f5es de transmiss\u00e3o manual de seis marchas e autom\u00e1tica de seis marchas. Essa motoriza\u00e7\u00e3o, menor em tamanho, \u00e9 projetada para oferecer um torque robusto e consumo de combust\u00edvel reduzido\u2014um aspecto vital para frotas que buscam controlar seus custos operacionais.<\/p>\n<p>A seguran\u00e7a tamb\u00e9m \u00e9 uma prioridade para o novo Fighter, que conta com o <strong>Sistema de Monitoramento ao Redor do Local<\/strong>, incluindo detec\u00e7\u00e3o radar para ve\u00edculos em movimento ou usu\u00e1rios da estrada que se aproximam de \u00e1reas com visibilidade reduzida, especialmente em cruzamentos e durante manobras de giro. Essas inova\u00e7\u00f5es n\u00e3o s\u00f3 melhoram a seguran\u00e7a do motorista, como tamb\u00e9m aumentam a seguran\u00e7a geral nas estradas, beneficiando todos os usu\u00e1rios.<\/p>\n<p>Adicionalmente, a nova cabine alta foi introduzida para aumentar o espa\u00e7o e o conforto do motorista, e o sistema de telem\u00e1tica <strong>Truckonnect<\/strong> est\u00e1 presente em toda a nova linha. Este servi\u00e7o conectado permite que os operadores de frotas monitorem informa\u00e7\u00f5es dos ve\u00edculos remotamente, adicionando uma camada valiosa \u00e0 gest\u00e3o de manuten\u00e7\u00e3o e da frota.<\/p>\n<p>O Fighter come\u00e7ar\u00e1 a ser disponibilizado nas concession\u00e1rias Mitsubishi Fuso no Jap\u00e3o em setembro de 2026. Esse lan\u00e7amento indica a dire\u00e7\u00e3o que o ARCHION pretende seguir com os dois fabricantes. Ap\u00f3s o programa de caminh\u00f5es de m\u00e9dia capacidade, a Mitsubishi Fuso dever\u00e1 fornecer sua plataforma de caminh\u00e3o leve el\u00e9trico existente \u00e0 Hino, com produ\u00e7\u00e3o programada para iniciar durante o ano fiscal atual.<\/p>\n<p>Essas inova\u00e7\u00f5es n\u00e3o apenas beneficiam os motoristas, proporcionando mais op\u00e7\u00f5es de trabalho e seguran\u00e7a, mas tamb\u00e9m t\u00eam um impacto positivo na mobilidade geral, ao facilitar o transporte eficiente e seguro em diversas condi\u00e7\u00f5es.<\/p>\n<p>Fonte: brasildotrecho<\/p>\n","protected":false},"excerpt":{"rendered":"<p>Mitsubishi Fuso apresentou uma nova gera\u00e7\u00e3o de seu caminh\u00e3o de m\u00e9dia capacidade, o Fighter, no Jap\u00e3o, trazendo mudan\u00e7as significativas que v\u00e3o al\u00e9m de um simples emblema. Este modelo marca a primeira grande entrega do plano ARCHION, que visa compartilhar plataformas de caminh\u00f5es entre a Mitsubishi Fuso e a Hino Motors. Lan\u00e7ado em 26 de agosto, &hellip;<\/p>\n","protected":false},"author":4,"featured_media":14149,"comment_status":"","ping_status":"open","sticky":false,"template":"","format":"standard","meta":{"footnotes":""},"categories":[77],"tags":[],"coauthors":[42],"class_list":["post-14148","post","type-post","status-publish","format-standard","has-post-thumbnail","hentry","category-motorista"],"yoast_head":"<!-- This site is optimized with the Yoast SEO Premium plugin v27.6.1 (Yoast SEO v28.3) - https:\/\/yoast.com\/product\/yoast-seo-premium-wordpress\/ -->\n<title>Mitsubishi Fuso Apresenta Novo Fighter Enquanto ARCHION Inicia Plano de Caminh\u00f5es - Motorista.com.br<\/title>\n<meta name=\"robots\" content=\"index, follow, max-snippet:-1, max-image-preview:large, max-video-preview:-1\" \/>\n<link rel=\"canonical\" href=\"https:\/\/motorista.com.br\/noticias\/2026\/08\/31\/mitsubishi-fuso-apresenta-novo-fighter-enquanto-archion-inicia-plano-de-caminhoes\/\" \/>\n<meta property=\"og:locale\" content=\"pt_BR\" \/>\n<meta property=\"og:type\" content=\"article\" \/>\n<meta property=\"og:title\" content=\"Mitsubishi Fuso Apresenta Novo Fighter Enquanto ARCHION Inicia Plano de Caminh\u00f5es\" \/>\n<meta property=\"og:description\" content=\"Mitsubishi Fuso apresentou uma nova gera\u00e7\u00e3o de seu caminh\u00e3o de m\u00e9dia capacidade, o Fighter, no Jap\u00e3o, trazendo mudan\u00e7as significativas que v\u00e3o al\u00e9m de um simples emblema. Este modelo marca a primeira grande entrega do plano ARCHION, que visa compartilhar plataformas de caminh\u00f5es entre a Mitsubishi Fuso e a Hino Motors. Lan\u00e7ado em 26 de agosto, &hellip;\" \/>\n<meta property=\"og:url\" content=\"https:\/\/motorista.com.br\/noticias\/2026\/08\/31\/mitsubishi-fuso-apresenta-novo-fighter-enquanto-archion-inicia-plano-de-caminhoes\/\" \/>\n<meta property=\"og:site_name\" content=\"Motorista.com.br\" \/>\n<meta property=\"article:published_time\" content=\"2026-08-31T14:20:17+00:00\" \/>\n<meta name=\"author\" content=\"Equipe Reda\u00e7\u00e3o\" \/>\n<meta name=\"twitter:card\" content=\"summary_large_image\" \/>\n<meta name=\"twitter:label1\" content=\"Escrito por\" \/>\n\t<meta name=\"twitter:data1\" content=\"Equipe Reda\u00e7\u00e3o\" \/>\n\t<meta name=\"twitter:label2\" content=\"Est. tempo de leitura\" \/>\n\t<meta name=\"twitter:data2\" content=\"3 minutos\" \/>\n\t<meta name=\"twitter:label3\" content=\"Written by\" \/>\n\t<meta name=\"twitter:data3\" content=\"Equipe Reda\u00e7\u00e3o\" \/>\n<script type=\"application\/ld+json\" class=\"yoast-schema-graph\">{\"@context\":\"https:\\\/\\\/schema.org\",\"@graph\":[{\"@type\":\"Article\",\"@id\":\"https:\\\/\\\/motorista.com.br\\\/noticias\\\/2026\\\/08\\\/31\\\/mitsubishi-fuso-apresenta-novo-fighter-enquanto-archion-inicia-plano-de-caminhoes\\\/#article\",\"isPartOf\":{\"@id\":\"https:\\\/\\\/motorista.com.br\\\/noticias\\\/2026\\\/08\\\/31\\\/mitsubishi-fuso-apresenta-novo-fighter-enquanto-archion-inicia-plano-de-caminhoes\\\/\"},\"author\":{\"name\":\"Equipe Reda\u00e7\u00e3o\",\"@id\":\"https:\\\/\\\/motorista.com.br\\\/noticias\\\/#\\\/schema\\\/person\\\/dc93afc2981c0e3ce6bc3c053fd847be\"},\"headline\":\"Mitsubishi Fuso Apresenta Novo Fighter Enquanto ARCHION Inicia Plano de Caminh\u00f5es\",\"datePublished\":\"2026-08-31T14:20:17+00:00\",\"mainEntityOfPage\":{\"@id\":\"https:\\\/\\\/motorista.com.br\\\/noticias\\\/2026\\\/08\\\/31\\\/mitsubishi-fuso-apresenta-novo-fighter-enquanto-archion-inicia-plano-de-caminhoes\\\/\"},\"wordCount\":601,\"publisher\":{\"@id\":\"https:\\\/\\\/motorista.com.br\\\/noticias\\\/#organization\"},\"image\":{\"@id\":\"https:\\\/\\\/motorista.com.br\\\/noticias\\\/2026\\\/08\\\/31\\\/mitsubishi-fuso-apresenta-novo-fighter-enquanto-archion-inicia-plano-de-caminhoes\\\/#primaryimage\"},\"thumbnailUrl\":\"https:\\\/\\\/motorista.com.br\\\/noticias\\\/wp-content\\\/uploads\\\/2026\\\/08\\\/FUSO.jpg\",\"articleSection\":[\"Motorista\"],\"inLanguage\":\"pt-BR\"},{\"@type\":\"WebPage\",\"@id\":\"https:\\\/\\\/motorista.com.br\\\/noticias\\\/2026\\\/08\\\/31\\\/mitsubishi-fuso-apresenta-novo-fighter-enquanto-archion-inicia-plano-de-caminhoes\\\/\",\"url\":\"https:\\\/\\\/motorista.com.br\\\/noticias\\\/2026\\\/08\\\/31\\\/mitsubishi-fuso-apresenta-novo-fighter-enquanto-archion-inicia-plano-de-caminhoes\\\/\",\"name\":\"Mitsubishi Fuso Apresenta Novo Fighter Enquanto ARCHION Inicia Plano de Caminh\u00f5es - Motorista.com.br\",\"isPartOf\":{\"@id\":\"https:\\\/\\\/motorista.com.br\\\/noticias\\\/#website\"},\"primaryImageOfPage\":{\"@id\":\"https:\\\/\\\/motorista.com.br\\\/noticias\\\/2026\\\/08\\\/31\\\/mitsubishi-fuso-apresenta-novo-fighter-enquanto-archion-inicia-plano-de-caminhoes\\\/#primaryimage\"},\"image\":{\"@id\":\"https:\\\/\\\/motorista.com.br\\\/noticias\\\/2026\\\/08\\\/31\\\/mitsubishi-fuso-apresenta-novo-fighter-enquanto-archion-inicia-plano-de-caminhoes\\\/#primaryimage\"},\"thumbnailUrl\":\"https:\\\/\\\/motorista.com.br\\\/noticias\\\/wp-content\\\/uploads\\\/2026\\\/08\\\/FUSO.jpg\",\"datePublished\":\"2026-08-31T14:20:17+00:00\",\"breadcrumb\":{\"@id\":\"https:\\\/\\\/motorista.com.br\\\/noticias\\\/2026\\\/08\\\/31\\\/mitsubishi-fuso-apresenta-novo-fighter-enquanto-archion-inicia-plano-de-caminhoes\\\/#breadcrumb\"},\"inLanguage\":\"pt-BR\",\"potentialAction\":[{\"@type\":\"ReadAction\",\"target\":[\"https:\\\/\\\/motorista.com.br\\\/noticias\\\/2026\\\/08\\\/31\\\/mitsubishi-fuso-apresenta-novo-fighter-enquanto-archion-inicia-plano-de-caminhoes\\\/\"]}]},{\"@type\":\"ImageObject\",\"inLanguage\":\"pt-BR\",\"@id\":\"https:\\\/\\\/motorista.com.br\\\/noticias\\\/2026\\\/08\\\/31\\\/mitsubishi-fuso-apresenta-novo-fighter-enquanto-archion-inicia-plano-de-caminhoes\\\/#primaryimage\",\"url\":\"https:\\\/\\\/motorista.com.br\\\/noticias\\\/wp-content\\\/uploads\\\/2026\\\/08\\\/FUSO.jpg\",\"contentUrl\":\"https:\\\/\\\/motorista.com.br\\\/noticias\\\/wp-content\\\/uploads\\\/2026\\\/08\\\/FUSO.jpg\",\"width\":1400,\"height\":1050},{\"@type\":\"BreadcrumbList\",\"@id\":\"https:\\\/\\\/motorista.com.br\\\/noticias\\\/2026\\\/08\\\/31\\\/mitsubishi-fuso-apresenta-novo-fighter-enquanto-archion-inicia-plano-de-caminhoes\\\/#breadcrumb\",\"itemListElement\":[{\"@type\":\"ListItem\",\"position\":1,\"name\":\"In\u00edcio\",\"item\":\"https:\\\/\\\/motorista.com.br\\\/noticias\\\/\"},{\"@type\":\"ListItem\",\"position\":2,\"name\":\"Mitsubishi Fuso Apresenta Novo Fighter Enquanto ARCHION Inicia Plano de Caminh\u00f5es\"}]},{\"@type\":\"WebSite\",\"@id\":\"https:\\\/\\\/motorista.com.br\\\/noticias\\\/#website\",\"url\":\"https:\\\/\\\/motorista.com.br\\\/noticias\\\/\",\"name\":\"Motorista.com.br\",\"description\":\"Not\u00edcia do Motorista\",\"publisher\":{\"@id\":\"https:\\\/\\\/motorista.com.br\\\/noticias\\\/#organization\"},\"potentialAction\":[{\"@type\":\"SearchAction\",\"target\":{\"@type\":\"EntryPoint\",\"urlTemplate\":\"https:\\\/\\\/motorista.com.br\\\/noticias\\\/?s={search_term_string}\"},\"query-input\":{\"@type\":\"PropertyValueSpecification\",\"valueRequired\":true,\"valueName\":\"search_term_string\"}}],\"inLanguage\":\"pt-BR\"},{\"@type\":\"Organization\",\"@id\":\"https:\\\/\\\/motorista.com.br\\\/noticias\\\/#organization\",\"name\":\"Motorista.com.br\",\"url\":\"https:\\\/\\\/motorista.com.br\\\/noticias\\\/\",\"logo\":{\"@type\":\"ImageObject\",\"inLanguage\":\"pt-BR\",\"@id\":\"https:\\\/\\\/motorista.com.br\\\/noticias\\\/#\\\/schema\\\/logo\\\/image\\\/\",\"url\":\"https:\\\/\\\/motorista.com.br\\\/noticias\\\/wp-content\\\/uploads\\\/2025\\\/06\\\/Design-sem-nome-9.png\",\"contentUrl\":\"https:\\\/\\\/motorista.com.br\\\/noticias\\\/wp-content\\\/uploads\\\/2025\\\/06\\\/Design-sem-nome-9.png\",\"width\":150,\"height\":85,\"caption\":\"Motorista.com.br\"},\"image\":{\"@id\":\"https:\\\/\\\/motorista.com.br\\\/noticias\\\/#\\\/schema\\\/logo\\\/image\\\/\"}},{\"@type\":\"Person\",\"@id\":\"https:\\\/\\\/motorista.com.br\\\/noticias\\\/#\\\/schema\\\/person\\\/dc93afc2981c0e3ce6bc3c053fd847be\",\"name\":\"Equipe Reda\u00e7\u00e3o\",\"image\":{\"@type\":\"ImageObject\",\"inLanguage\":\"pt-BR\",\"@id\":\"https:\\\/\\\/secure.gravatar.com\\\/avatar\\\/4f525efbf18dd2bb300ccad28bfb99d95a9465a5ba268407c8c37b37e1f28d2d?s=96&d=mm&r=g9e099043a0c61e9ae27e293b9fa75ffc\",\"url\":\"https:\\\/\\\/secure.gravatar.com\\\/avatar\\\/4f525efbf18dd2bb300ccad28bfb99d95a9465a5ba268407c8c37b37e1f28d2d?s=96&d=mm&r=g\",\"contentUrl\":\"https:\\\/\\\/secure.gravatar.com\\\/avatar\\\/4f525efbf18dd2bb300ccad28bfb99d95a9465a5ba268407c8c37b37e1f28d2d?s=96&d=mm&r=g\",\"caption\":\"Equipe Reda\u00e7\u00e3o\"},\"description\":\"Equipe de reda\u00e7\u00e3o \u00e9 um grupo de profissionais que trabalham juntos para criar conte\u00fado escrito para Motorista.com.br\",\"url\":\"https:\\\/\\\/motorista.com.br\\\/noticias\\\/author\\\/equiperedacao\\\/\"}]}<\/script>\n<!-- \/ Yoast SEO Premium plugin. -->","yoast_head_json":{"title":"Mitsubishi Fuso Apresenta Novo Fighter Enquanto ARCHION Inicia Plano de Caminh\u00f5es - Motorista.com.br","robots":{"index":"index","follow":"follow","max-snippet":"max-snippet:-1","max-image-preview":"max-image-preview:large","max-video-preview":"max-video-preview:-1"},"canonical":"https:\/\/motorista.com.br\/noticias\/2026\/08\/31\/mitsubishi-fuso-apresenta-novo-fighter-enquanto-archion-inicia-plano-de-caminhoes\/","og_locale":"pt_BR","og_type":"article","og_title":"Mitsubishi Fuso Apresenta Novo Fighter Enquanto ARCHION Inicia Plano de Caminh\u00f5es","og_description":"Mitsubishi Fuso apresentou uma nova gera\u00e7\u00e3o de seu caminh\u00e3o de m\u00e9dia capacidade, o Fighter, no Jap\u00e3o, trazendo mudan\u00e7as significativas que v\u00e3o al\u00e9m de um simples emblema. Este modelo marca a primeira grande entrega do plano ARCHION, que visa compartilhar plataformas de caminh\u00f5es entre a Mitsubishi Fuso e a Hino Motors. Lan\u00e7ado em 26 de agosto, &hellip;","og_url":"https:\/\/motorista.com.br\/noticias\/2026\/08\/31\/mitsubishi-fuso-apresenta-novo-fighter-enquanto-archion-inicia-plano-de-caminhoes\/","og_site_name":"Motorista.com.br","article_published_time":"2026-08-31T14:20:17+00:00","author":"Equipe Reda\u00e7\u00e3o","twitter_card":"summary_large_image","twitter_misc":{"Escrito por":"Equipe Reda\u00e7\u00e3o","Est. tempo de leitura":"3 minutos","Written by":"Equipe Reda\u00e7\u00e3o"},"schema":{"@context":"https:\/\/schema.org","@graph":[{"@type":"Article","@id":"https:\/\/motorista.com.br\/noticias\/2026\/08\/31\/mitsubishi-fuso-apresenta-novo-fighter-enquanto-archion-inicia-plano-de-caminhoes\/#article","isPartOf":{"@id":"https:\/\/motorista.com.br\/noticias\/2026\/08\/31\/mitsubishi-fuso-apresenta-novo-fighter-enquanto-archion-inicia-plano-de-caminhoes\/"},"author":{"name":"Equipe Reda\u00e7\u00e3o","@id":"https:\/\/motorista.com.br\/noticias\/#\/schema\/person\/dc93afc2981c0e3ce6bc3c053fd847be"},"headline":"Mitsubishi Fuso Apresenta Novo Fighter Enquanto ARCHION Inicia Plano de Caminh\u00f5es","datePublished":"2026-08-31T14:20:17+00:00","mainEntityOfPage":{"@id":"https:\/\/motorista.com.br\/noticias\/2026\/08\/31\/mitsubishi-fuso-apresenta-novo-fighter-enquanto-archion-inicia-plano-de-caminhoes\/"},"wordCount":601,"publisher":{"@id":"https:\/\/motorista.com.br\/noticias\/#organization"},"image":{"@id":"https:\/\/motorista.com.br\/noticias\/2026\/08\/31\/mitsubishi-fuso-apresenta-novo-fighter-enquanto-archion-inicia-plano-de-caminhoes\/#primaryimage"},"thumbnailUrl":"https:\/\/motorista.com.br\/noticias\/wp-content\/uploads\/2026\/08\/FUSO.jpg","articleSection":["Motorista"],"inLanguage":"pt-BR"},{"@type":"WebPage","@id":"https:\/\/motorista.com.br\/noticias\/2026\/08\/31\/mitsubishi-fuso-apresenta-novo-fighter-enquanto-archion-inicia-plano-de-caminhoes\/","url":"https:\/\/motorista.com.br\/noticias\/2026\/08\/31\/mitsubishi-fuso-apresenta-novo-fighter-enquanto-archion-inicia-plano-de-caminhoes\/","name":"Mitsubishi Fuso Apresenta Novo Fighter Enquanto ARCHION Inicia Plano de Caminh\u00f5es - Motorista.com.br","isPartOf":{"@id":"https:\/\/motorista.com.br\/noticias\/#website"},"primaryImageOfPage":{"@id":"https:\/\/motorista.com.br\/noticias\/2026\/08\/31\/mitsubishi-fuso-apresenta-novo-fighter-enquanto-archion-inicia-plano-de-caminhoes\/#primaryimage"},"image":{"@id":"https:\/\/motorista.com.br\/noticias\/2026\/08\/31\/mitsubishi-fuso-apresenta-novo-fighter-enquanto-archion-inicia-plano-de-caminhoes\/#primaryimage"},"thumbnailUrl":"https:\/\/motorista.com.br\/noticias\/wp-content\/uploads\/2026\/08\/FUSO.jpg","datePublished":"2026-08-31T14:20:17+00:00","breadcrumb":{"@id":"https:\/\/motorista.com.br\/noticias\/2026\/08\/31\/mitsubishi-fuso-apresenta-novo-fighter-enquanto-archion-inicia-plano-de-caminhoes\/#breadcrumb"},"inLanguage":"pt-BR","potentialAction":[{"@type":"ReadAction","target":["https:\/\/motorista.com.br\/noticias\/2026\/08\/31\/mitsubishi-fuso-apresenta-novo-fighter-enquanto-archion-inicia-plano-de-caminhoes\/"]}]},{"@type":"ImageObject","inLanguage":"pt-BR","@id":"https:\/\/motorista.com.br\/noticias\/2026\/08\/31\/mitsubishi-fuso-apresenta-novo-fighter-enquanto-archion-inicia-plano-de-caminhoes\/#primaryimage","url":"https:\/\/motorista.com.br\/noticias\/wp-content\/uploads\/2026\/08\/FUSO.jpg","contentUrl":"https:\/\/motorista.com.br\/noticias\/wp-content\/uploads\/2026\/08\/FUSO.jpg","width":1400,"height":1050},{"@type":"BreadcrumbList","@id":"https:\/\/motorista.com.br\/noticias\/2026\/08\/31\/mitsubishi-fuso-apresenta-novo-fighter-enquanto-archion-inicia-plano-de-caminhoes\/#breadcrumb","itemListElement":[{"@type":"ListItem","position":1,"name":"In\u00edcio","item":"https:\/\/motorista.com.br\/noticias\/"},{"@type":"ListItem","position":2,"name":"Mitsubishi Fuso Apresenta Novo Fighter Enquanto ARCHION Inicia Plano de Caminh\u00f5es"}]},{"@type":"WebSite","@id":"https:\/\/motorista.com.br\/noticias\/#website","url":"https:\/\/motorista.com.br\/noticias\/","name":"Motorista.com.br","description":"Not\u00edcia do Motorista","publisher":{"@id":"https:\/\/motorista.com.br\/noticias\/#organization"},"potentialAction":[{"@type":"SearchAction","target":{"@type":"EntryPoint","urlTemplate":"https:\/\/motorista.com.br\/noticias\/?s={search_term_string}"},"query-input":{"@type":"PropertyValueSpecification","valueRequired":true,"valueName":"search_term_string"}}],"inLanguage":"pt-BR"},{"@type":"Organization","@id":"https:\/\/motorista.com.br\/noticias\/#organization","name":"Motorista.com.br","url":"https:\/\/motorista.com.br\/noticias\/","logo":{"@type":"ImageObject","inLanguage":"pt-BR","@id":"https:\/\/motorista.com.br\/noticias\/#\/schema\/logo\/image\/","url":"https:\/\/motorista.com.br\/noticias\/wp-content\/uploads\/2025\/06\/Design-sem-nome-9.png","contentUrl":"https:\/\/motorista.com.br\/noticias\/wp-content\/uploads\/2025\/06\/Design-sem-nome-9.png","width":150,"height":85,"caption":"Motorista.com.br"},"image":{"@id":"https:\/\/motorista.com.br\/noticias\/#\/schema\/logo\/image\/"}},{"@type":"Person","@id":"https:\/\/motorista.com.br\/noticias\/#\/schema\/person\/dc93afc2981c0e3ce6bc3c053fd847be","name":"Equipe Reda\u00e7\u00e3o","image":{"@type":"ImageObject","inLanguage":"pt-BR","@id":"https:\/\/secure.gravatar.com\/avatar\/4f525efbf18dd2bb300ccad28bfb99d95a9465a5ba268407c8c37b37e1f28d2d?s=96&d=mm&r=g9e099043a0c61e9ae27e293b9fa75ffc","url":"https:\/\/secure.gravatar.com\/avatar\/4f525efbf18dd2bb300ccad28bfb99d95a9465a5ba268407c8c37b37e1f28d2d?s=96&d=mm&r=g","contentUrl":"https:\/\/secure.gravatar.com\/avatar\/4f525efbf18dd2bb300ccad28bfb99d95a9465a5ba268407c8c37b37e1f28d2d?s=96&d=mm&r=g","caption":"Equipe Reda\u00e7\u00e3o"},"description":"Equipe de reda\u00e7\u00e3o \u00e9 um grupo de profissionais que trabalham juntos para criar conte\u00fado escrito para Motorista.com.br","url":"https:\/\/motorista.com.br\/noticias\/author\/equiperedacao\/"}]}},"_links":{"self":[{"href":"https:\/\/motorista.com.br\/noticias\/wp-json\/wp\/v2\/posts\/14148","targetHints":{"allow":["GET"]}}],"collection":[{"href":"https:\/\/motorista.com.br\/noticias\/wp-json\/wp\/v2\/posts"}],"about":[{"href":"https:\/\/motorista.com.br\/noticias\/wp-json\/wp\/v2\/types\/post"}],"author":[{"embeddable":true,"href":"https:\/\/motorista.com.br\/noticias\/wp-json\/wp\/v2\/users\/4"}],"replies":[{"embeddable":true,"href":"https:\/\/motorista.com.br\/noticias\/wp-json\/wp\/v2\/comments?post=14148"}],"version-history":[{"count":0,"href":"https:\/\/motorista.com.br\/noticias\/wp-json\/wp\/v2\/posts\/14148\/revisions"}],"wp:featuredmedia":[{"embeddable":true,"href":"https:\/\/motorista.com.br\/noticias\/wp-json\/wp\/v2\/media\/14149"}],"wp:attachment":[{"href":"https:\/\/motorista.com.br\/noticias\/wp-json\/wp\/v2\/media?parent=14148"}],"wp:term":[{"taxonomy":"category","embeddable":true,"href":"https:\/\/motorista.com.br\/noticias\/wp-json\/wp\/v2\/categories?post=14148"},{"taxonomy":"post_tag","embeddable":true,"href":"https:\/\/motorista.com.br\/noticias\/wp-json\/wp\/v2\/tags?post=14148"},{"taxonomy":"author","embeddable":true,"href":"https:\/\/motorista.com.br\/noticias\/wp-json\/wp\/v2\/coauthors?post=14148"}],"curies":[{"name":"wp","href":"https:\/\/api.w.org\/{rel}","templated":true}]}}