{"id":14146,"date":"2026-08-31T11:05:27","date_gmt":"2026-08-31T14:05:27","guid":{"rendered":"https:\/\/motorista.com.br\/noticias\/2026\/08\/31\/brasileiro-josias-comeca-sua-primeira-viagem-de-caminhoneiro-na-europa-apos-dois-meses-de-preparacao\/"},"modified":"2026-08-31T11:05:27","modified_gmt":"2026-08-31T14:05:27","slug":"brasileiro-josias-comeca-sua-primeira-viagem-de-caminhoneiro-na-europa-apos-dois-meses-de-preparacao","status":"publish","type":"post","link":"https:\/\/motorista.com.br\/noticias\/2026\/08\/31\/brasileiro-josias-comeca-sua-primeira-viagem-de-caminhoneiro-na-europa-apos-dois-meses-de-preparacao\/","title":{"rendered":"Brasileiro Josias come\u00e7a sua primeira viagem de caminhoneiro na Europa ap\u00f3s dois meses de prepara\u00e7\u00e3o."},"content":{"rendered":"<p><\/p>\n<h3>A Jornada de Josias: Um Novo Cap\u00edtulo nas Estradas da Europa<\/h3>\n<p>Ap\u00f3s meses de prepara\u00e7\u00e3o e documenta\u00e7\u00e3o, o caminhoneiro brasileiro Josias deu in\u00edcio \u00e0 sua primeira rota na Europa, trabalhando para a Logistic Evex. O momento significativo foi registrado momentos antes de sua partida, representando n\u00e3o apenas uma nova etapa na carreira de Josias, mas tamb\u00e9m simbolizando oportunidades para motoristas brasileiros em busca de novos desafios no exterior.<\/p>\n<p>O entusiasmo de Josias reflete o impulso que muitos motoristas experimentam ao se aventurar em um ambiente profissional t\u00e3o distinto. \u201cEstou bastante animado. \u00c9 o cumprimento de um sonho,\u201d afirmou. Essa sensa\u00e7\u00e3o de realiza\u00e7\u00e3o \u00e9 comum entre aqueles que buscam melhores condi\u00e7\u00f5es de trabalho e crescimento profissional, e demonstra a import\u00e2ncia da mobilidade, tanto pessoal quanto econ\u00f4mica, para indiv\u00edduos que desejam engrandecer suas carreiras.<\/p>\n<h3>Prepara\u00e7\u00e3o e Oportunidades<\/h3>\n<p>Josias dedicou cerca de dois meses apenas \u00e0 documenta\u00e7\u00e3o antes de iniciar suas atividades. Essa etapa \u00e9 particularmente desafiadora para motoristas brasileiros, que devem atender \u00e0s exig\u00eancias migrat\u00f3rias, habilita\u00e7\u00f5es e regulamenta\u00e7\u00f5es locais antes de assumir o volante. Embora esse processo possa parecer desanimador, a perman\u00eancia e o comprometimento de Josias mostraram-se recompensadores; a empresa atendeu a todas as expectativas durante seu per\u00edodo de espera.<\/p>\n<p>Essas experi\u00eancias trazem \u00e0 tona n\u00e3o apenas os desafios enfrentados, mas tamb\u00e9m as variadas oportunidades que existem. Ao encorajar outros motoristas que pensam em trabalhar na Europa, Josias destacou a diversidade de vagas dispon\u00edveis. Sua mensagem \u00e9 clara: \u201cVenham, tenham coragem. As empresas s\u00e3o reais.\u201d Essa coragem pode abrir portas e contribuir para a amplia\u00e7\u00e3o de uma rede de profissionais qualificados que movimentam a economia.<\/p>\n<h3>Impactos na Mobilidade e na Economia<\/h3>\n<p>A experi\u00eancia de Josias \u00e9 um exemplo de como a mobilidade internacional pode enriquecer n\u00e3o apenas a vida do profissional, mas tamb\u00e9m o mercado de trabalho como um todo. Ao preencher lacunas no setor de transporte europeu, motoristas brasileiros trazem habilidades valiosas, al\u00e9m de uma perspectiva distinta que pode favorecer o ambiente colaborativo nas transportadoras que os contratam.<\/p>\n<p>Importante ressaltar que a trajet\u00f3ria individual de cada motorista pode variar drasticamente, dependendo do pa\u00eds e das pol\u00edticas de cada empresa. Contudo, a determina\u00e7\u00e3o e a resili\u00eancia demonstradas por Josias ilustram como as barreiras podem ser superadas.<\/p>\n<h3>Conclus\u00e3o<\/h3>\n<p>O in\u00edcio da viagem de Josias como caminhoneiro na Europa \u00e9 uma hist\u00f3ria que vai al\u00e9m do simples ato de dirigir. \u00c9 um testemunho da busca incessante por oportunidades que se alinham com sonhos e aspira\u00e7\u00f5es. Para os motoristas brasileiros, essa narrativa oferece um vislumbre de um futuro promissor, onde a mobilidade n\u00e3o \u00e9 apenas uma quest\u00e3o de espa\u00e7o, mas uma ponte para novas possibilidades e conquistas.<\/p>\n","protected":false},"excerpt":{"rendered":"<p>A Jornada de Josias: Um Novo Cap\u00edtulo nas Estradas da Europa Ap\u00f3s meses de prepara\u00e7\u00e3o e documenta\u00e7\u00e3o, o caminhoneiro brasileiro Josias deu in\u00edcio \u00e0 sua primeira rota na Europa, trabalhando para a Logistic Evex. O momento significativo foi registrado momentos antes de sua partida, representando n\u00e3o apenas uma nova etapa na carreira de Josias, mas &hellip;<\/p>\n","protected":false},"author":4,"featured_media":14147,"comment_status":"","ping_status":"open","sticky":false,"template":"","format":"standard","meta":{"footnotes":""},"categories":[78,77],"tags":[],"coauthors":[42],"class_list":["post-14146","post","type-post","status-publish","format-standard","has-post-thumbnail","hentry","category-carreteiro","category-motorista"],"yoast_head":"<!-- This site is optimized with the Yoast SEO Premium plugin v27.6.1 (Yoast SEO v28.3) - https:\/\/yoast.com\/product\/yoast-seo-premium-wordpress\/ -->\n<title>Brasileiro Josias come\u00e7a sua primeira viagem de caminhoneiro na Europa ap\u00f3s dois meses de prepara\u00e7\u00e3o. - Motorista.com.br<\/title>\n<meta name=\"robots\" content=\"index, follow, max-snippet:-1, max-image-preview:large, max-video-preview:-1\" \/>\n<link rel=\"canonical\" href=\"https:\/\/motorista.com.br\/noticias\/2026\/08\/31\/brasileiro-josias-comeca-sua-primeira-viagem-de-caminhoneiro-na-europa-apos-dois-meses-de-preparacao\/\" \/>\n<meta property=\"og:locale\" content=\"pt_BR\" \/>\n<meta property=\"og:type\" content=\"article\" \/>\n<meta property=\"og:title\" content=\"Brasileiro Josias come\u00e7a sua primeira viagem de caminhoneiro na Europa ap\u00f3s dois meses de prepara\u00e7\u00e3o.\" \/>\n<meta property=\"og:description\" content=\"A Jornada de Josias: Um Novo Cap\u00edtulo nas Estradas da Europa Ap\u00f3s meses de prepara\u00e7\u00e3o e documenta\u00e7\u00e3o, o caminhoneiro brasileiro Josias deu in\u00edcio \u00e0 sua primeira rota na Europa, trabalhando para a Logistic Evex. O momento significativo foi registrado momentos antes de sua partida, representando n\u00e3o apenas uma nova etapa na carreira de Josias, mas &hellip;\" \/>\n<meta property=\"og:url\" content=\"https:\/\/motorista.com.br\/noticias\/2026\/08\/31\/brasileiro-josias-comeca-sua-primeira-viagem-de-caminhoneiro-na-europa-apos-dois-meses-de-preparacao\/\" \/>\n<meta property=\"og:site_name\" content=\"Motorista.com.br\" \/>\n<meta property=\"article:published_time\" content=\"2026-08-31T14:05:27+00:00\" \/>\n<meta name=\"author\" content=\"Equipe Reda\u00e7\u00e3o\" \/>\n<meta name=\"twitter:card\" content=\"summary_large_image\" \/>\n<meta name=\"twitter:label1\" content=\"Escrito por\" \/>\n\t<meta name=\"twitter:data1\" content=\"Equipe Reda\u00e7\u00e3o\" \/>\n\t<meta name=\"twitter:label2\" content=\"Est. tempo de leitura\" \/>\n\t<meta name=\"twitter:data2\" content=\"2 minutos\" \/>\n\t<meta name=\"twitter:label3\" content=\"Written by\" \/>\n\t<meta name=\"twitter:data3\" content=\"Equipe Reda\u00e7\u00e3o\" \/>\n<script type=\"application\/ld+json\" class=\"yoast-schema-graph\">{\"@context\":\"https:\\\/\\\/schema.org\",\"@graph\":[{\"@type\":\"Article\",\"@id\":\"https:\\\/\\\/motorista.com.br\\\/noticias\\\/2026\\\/08\\\/31\\\/brasileiro-josias-comeca-sua-primeira-viagem-de-caminhoneiro-na-europa-apos-dois-meses-de-preparacao\\\/#article\",\"isPartOf\":{\"@id\":\"https:\\\/\\\/motorista.com.br\\\/noticias\\\/2026\\\/08\\\/31\\\/brasileiro-josias-comeca-sua-primeira-viagem-de-caminhoneiro-na-europa-apos-dois-meses-de-preparacao\\\/\"},\"author\":{\"name\":\"Equipe Reda\u00e7\u00e3o\",\"@id\":\"https:\\\/\\\/motorista.com.br\\\/noticias\\\/#\\\/schema\\\/person\\\/dc93afc2981c0e3ce6bc3c053fd847be\"},\"headline\":\"Brasileiro Josias come\u00e7a sua primeira viagem de caminhoneiro na Europa ap\u00f3s dois meses de prepara\u00e7\u00e3o.\",\"datePublished\":\"2026-08-31T14:05:27+00:00\",\"mainEntityOfPage\":{\"@id\":\"https:\\\/\\\/motorista.com.br\\\/noticias\\\/2026\\\/08\\\/31\\\/brasileiro-josias-comeca-sua-primeira-viagem-de-caminhoneiro-na-europa-apos-dois-meses-de-preparacao\\\/\"},\"wordCount\":485,\"publisher\":{\"@id\":\"https:\\\/\\\/motorista.com.br\\\/noticias\\\/#organization\"},\"image\":{\"@id\":\"https:\\\/\\\/motorista.com.br\\\/noticias\\\/2026\\\/08\\\/31\\\/brasileiro-josias-comeca-sua-primeira-viagem-de-caminhoneiro-na-europa-apos-dois-meses-de-preparacao\\\/#primaryimage\"},\"thumbnailUrl\":\"https:\\\/\\\/motorista.com.br\\\/noticias\\\/wp-content\\\/uploads\\\/2026\\\/08\\\/PRIMEIRO-BRASILEIRO-NA-POLONIA.jpg\",\"articleSection\":[\"Carreteiro\",\"Motorista\"],\"inLanguage\":\"pt-BR\"},{\"@type\":\"WebPage\",\"@id\":\"https:\\\/\\\/motorista.com.br\\\/noticias\\\/2026\\\/08\\\/31\\\/brasileiro-josias-comeca-sua-primeira-viagem-de-caminhoneiro-na-europa-apos-dois-meses-de-preparacao\\\/\",\"url\":\"https:\\\/\\\/motorista.com.br\\\/noticias\\\/2026\\\/08\\\/31\\\/brasileiro-josias-comeca-sua-primeira-viagem-de-caminhoneiro-na-europa-apos-dois-meses-de-preparacao\\\/\",\"name\":\"Brasileiro Josias come\u00e7a sua primeira viagem de caminhoneiro na Europa ap\u00f3s dois meses de prepara\u00e7\u00e3o. - Motorista.com.br\",\"isPartOf\":{\"@id\":\"https:\\\/\\\/motorista.com.br\\\/noticias\\\/#website\"},\"primaryImageOfPage\":{\"@id\":\"https:\\\/\\\/motorista.com.br\\\/noticias\\\/2026\\\/08\\\/31\\\/brasileiro-josias-comeca-sua-primeira-viagem-de-caminhoneiro-na-europa-apos-dois-meses-de-preparacao\\\/#primaryimage\"},\"image\":{\"@id\":\"https:\\\/\\\/motorista.com.br\\\/noticias\\\/2026\\\/08\\\/31\\\/brasileiro-josias-comeca-sua-primeira-viagem-de-caminhoneiro-na-europa-apos-dois-meses-de-preparacao\\\/#primaryimage\"},\"thumbnailUrl\":\"https:\\\/\\\/motorista.com.br\\\/noticias\\\/wp-content\\\/uploads\\\/2026\\\/08\\\/PRIMEIRO-BRASILEIRO-NA-POLONIA.jpg\",\"datePublished\":\"2026-08-31T14:05:27+00:00\",\"breadcrumb\":{\"@id\":\"https:\\\/\\\/motorista.com.br\\\/noticias\\\/2026\\\/08\\\/31\\\/brasileiro-josias-comeca-sua-primeira-viagem-de-caminhoneiro-na-europa-apos-dois-meses-de-preparacao\\\/#breadcrumb\"},\"inLanguage\":\"pt-BR\",\"potentialAction\":[{\"@type\":\"ReadAction\",\"target\":[\"https:\\\/\\\/motorista.com.br\\\/noticias\\\/2026\\\/08\\\/31\\\/brasileiro-josias-comeca-sua-primeira-viagem-de-caminhoneiro-na-europa-apos-dois-meses-de-preparacao\\\/\"]}]},{\"@type\":\"ImageObject\",\"inLanguage\":\"pt-BR\",\"@id\":\"https:\\\/\\\/motorista.com.br\\\/noticias\\\/2026\\\/08\\\/31\\\/brasileiro-josias-comeca-sua-primeira-viagem-de-caminhoneiro-na-europa-apos-dois-meses-de-preparacao\\\/#primaryimage\",\"url\":\"https:\\\/\\\/motorista.com.br\\\/noticias\\\/wp-content\\\/uploads\\\/2026\\\/08\\\/PRIMEIRO-BRASILEIRO-NA-POLONIA.jpg\",\"contentUrl\":\"https:\\\/\\\/motorista.com.br\\\/noticias\\\/wp-content\\\/uploads\\\/2026\\\/08\\\/PRIMEIRO-BRASILEIRO-NA-POLONIA.jpg\",\"width\":1024,\"height\":576},{\"@type\":\"BreadcrumbList\",\"@id\":\"https:\\\/\\\/motorista.com.br\\\/noticias\\\/2026\\\/08\\\/31\\\/brasileiro-josias-comeca-sua-primeira-viagem-de-caminhoneiro-na-europa-apos-dois-meses-de-preparacao\\\/#breadcrumb\",\"itemListElement\":[{\"@type\":\"ListItem\",\"position\":1,\"name\":\"In\u00edcio\",\"item\":\"https:\\\/\\\/motorista.com.br\\\/noticias\\\/\"},{\"@type\":\"ListItem\",\"position\":2,\"name\":\"Brasileiro Josias come\u00e7a sua primeira viagem de caminhoneiro na Europa ap\u00f3s dois meses de prepara\u00e7\u00e3o.\"}]},{\"@type\":\"WebSite\",\"@id\":\"https:\\\/\\\/motorista.com.br\\\/noticias\\\/#website\",\"url\":\"https:\\\/\\\/motorista.com.br\\\/noticias\\\/\",\"name\":\"Motorista.com.br\",\"description\":\"Not\u00edcia do Motorista\",\"publisher\":{\"@id\":\"https:\\\/\\\/motorista.com.br\\\/noticias\\\/#organization\"},\"potentialAction\":[{\"@type\":\"SearchAction\",\"target\":{\"@type\":\"EntryPoint\",\"urlTemplate\":\"https:\\\/\\\/motorista.com.br\\\/noticias\\\/?s={search_term_string}\"},\"query-input\":{\"@type\":\"PropertyValueSpecification\",\"valueRequired\":true,\"valueName\":\"search_term_string\"}}],\"inLanguage\":\"pt-BR\"},{\"@type\":\"Organization\",\"@id\":\"https:\\\/\\\/motorista.com.br\\\/noticias\\\/#organization\",\"name\":\"Motorista.com.br\",\"url\":\"https:\\\/\\\/motorista.com.br\\\/noticias\\\/\",\"logo\":{\"@type\":\"ImageObject\",\"inLanguage\":\"pt-BR\",\"@id\":\"https:\\\/\\\/motorista.com.br\\\/noticias\\\/#\\\/schema\\\/logo\\\/image\\\/\",\"url\":\"https:\\\/\\\/motorista.com.br\\\/noticias\\\/wp-content\\\/uploads\\\/2025\\\/06\\\/Design-sem-nome-9.png\",\"contentUrl\":\"https:\\\/\\\/motorista.com.br\\\/noticias\\\/wp-content\\\/uploads\\\/2025\\\/06\\\/Design-sem-nome-9.png\",\"width\":150,\"height\":85,\"caption\":\"Motorista.com.br\"},\"image\":{\"@id\":\"https:\\\/\\\/motorista.com.br\\\/noticias\\\/#\\\/schema\\\/logo\\\/image\\\/\"}},{\"@type\":\"Person\",\"@id\":\"https:\\\/\\\/motorista.com.br\\\/noticias\\\/#\\\/schema\\\/person\\\/dc93afc2981c0e3ce6bc3c053fd847be\",\"name\":\"Equipe Reda\u00e7\u00e3o\",\"image\":{\"@type\":\"ImageObject\",\"inLanguage\":\"pt-BR\",\"@id\":\"https:\\\/\\\/secure.gravatar.com\\\/avatar\\\/4f525efbf18dd2bb300ccad28bfb99d95a9465a5ba268407c8c37b37e1f28d2d?s=96&d=mm&r=g9e099043a0c61e9ae27e293b9fa75ffc\",\"url\":\"https:\\\/\\\/secure.gravatar.com\\\/avatar\\\/4f525efbf18dd2bb300ccad28bfb99d95a9465a5ba268407c8c37b37e1f28d2d?s=96&d=mm&r=g\",\"contentUrl\":\"https:\\\/\\\/secure.gravatar.com\\\/avatar\\\/4f525efbf18dd2bb300ccad28bfb99d95a9465a5ba268407c8c37b37e1f28d2d?s=96&d=mm&r=g\",\"caption\":\"Equipe Reda\u00e7\u00e3o\"},\"description\":\"Equipe de reda\u00e7\u00e3o \u00e9 um grupo de profissionais que trabalham juntos para criar conte\u00fado escrito para Motorista.com.br\",\"url\":\"https:\\\/\\\/motorista.com.br\\\/noticias\\\/author\\\/equiperedacao\\\/\"}]}<\/script>\n<!-- \/ Yoast SEO Premium plugin. -->","yoast_head_json":{"title":"Brasileiro Josias come\u00e7a sua primeira viagem de caminhoneiro na Europa ap\u00f3s dois meses de prepara\u00e7\u00e3o. - Motorista.com.br","robots":{"index":"index","follow":"follow","max-snippet":"max-snippet:-1","max-image-preview":"max-image-preview:large","max-video-preview":"max-video-preview:-1"},"canonical":"https:\/\/motorista.com.br\/noticias\/2026\/08\/31\/brasileiro-josias-comeca-sua-primeira-viagem-de-caminhoneiro-na-europa-apos-dois-meses-de-preparacao\/","og_locale":"pt_BR","og_type":"article","og_title":"Brasileiro Josias come\u00e7a sua primeira viagem de caminhoneiro na Europa ap\u00f3s dois meses de prepara\u00e7\u00e3o.","og_description":"A Jornada de Josias: Um Novo Cap\u00edtulo nas Estradas da Europa Ap\u00f3s meses de prepara\u00e7\u00e3o e documenta\u00e7\u00e3o, o caminhoneiro brasileiro Josias deu in\u00edcio \u00e0 sua primeira rota na Europa, trabalhando para a Logistic Evex. O momento significativo foi registrado momentos antes de sua partida, representando n\u00e3o apenas uma nova etapa na carreira de Josias, mas &hellip;","og_url":"https:\/\/motorista.com.br\/noticias\/2026\/08\/31\/brasileiro-josias-comeca-sua-primeira-viagem-de-caminhoneiro-na-europa-apos-dois-meses-de-preparacao\/","og_site_name":"Motorista.com.br","article_published_time":"2026-08-31T14:05:27+00:00","author":"Equipe Reda\u00e7\u00e3o","twitter_card":"summary_large_image","twitter_misc":{"Escrito por":"Equipe Reda\u00e7\u00e3o","Est. tempo de leitura":"2 minutos","Written by":"Equipe Reda\u00e7\u00e3o"},"schema":{"@context":"https:\/\/schema.org","@graph":[{"@type":"Article","@id":"https:\/\/motorista.com.br\/noticias\/2026\/08\/31\/brasileiro-josias-comeca-sua-primeira-viagem-de-caminhoneiro-na-europa-apos-dois-meses-de-preparacao\/#article","isPartOf":{"@id":"https:\/\/motorista.com.br\/noticias\/2026\/08\/31\/brasileiro-josias-comeca-sua-primeira-viagem-de-caminhoneiro-na-europa-apos-dois-meses-de-preparacao\/"},"author":{"name":"Equipe Reda\u00e7\u00e3o","@id":"https:\/\/motorista.com.br\/noticias\/#\/schema\/person\/dc93afc2981c0e3ce6bc3c053fd847be"},"headline":"Brasileiro Josias come\u00e7a sua primeira viagem de caminhoneiro na Europa ap\u00f3s dois meses de prepara\u00e7\u00e3o.","datePublished":"2026-08-31T14:05:27+00:00","mainEntityOfPage":{"@id":"https:\/\/motorista.com.br\/noticias\/2026\/08\/31\/brasileiro-josias-comeca-sua-primeira-viagem-de-caminhoneiro-na-europa-apos-dois-meses-de-preparacao\/"},"wordCount":485,"publisher":{"@id":"https:\/\/motorista.com.br\/noticias\/#organization"},"image":{"@id":"https:\/\/motorista.com.br\/noticias\/2026\/08\/31\/brasileiro-josias-comeca-sua-primeira-viagem-de-caminhoneiro-na-europa-apos-dois-meses-de-preparacao\/#primaryimage"},"thumbnailUrl":"https:\/\/motorista.com.br\/noticias\/wp-content\/uploads\/2026\/08\/PRIMEIRO-BRASILEIRO-NA-POLONIA.jpg","articleSection":["Carreteiro","Motorista"],"inLanguage":"pt-BR"},{"@type":"WebPage","@id":"https:\/\/motorista.com.br\/noticias\/2026\/08\/31\/brasileiro-josias-comeca-sua-primeira-viagem-de-caminhoneiro-na-europa-apos-dois-meses-de-preparacao\/","url":"https:\/\/motorista.com.br\/noticias\/2026\/08\/31\/brasileiro-josias-comeca-sua-primeira-viagem-de-caminhoneiro-na-europa-apos-dois-meses-de-preparacao\/","name":"Brasileiro Josias come\u00e7a sua primeira viagem de caminhoneiro na Europa ap\u00f3s dois meses de prepara\u00e7\u00e3o. - Motorista.com.br","isPartOf":{"@id":"https:\/\/motorista.com.br\/noticias\/#website"},"primaryImageOfPage":{"@id":"https:\/\/motorista.com.br\/noticias\/2026\/08\/31\/brasileiro-josias-comeca-sua-primeira-viagem-de-caminhoneiro-na-europa-apos-dois-meses-de-preparacao\/#primaryimage"},"image":{"@id":"https:\/\/motorista.com.br\/noticias\/2026\/08\/31\/brasileiro-josias-comeca-sua-primeira-viagem-de-caminhoneiro-na-europa-apos-dois-meses-de-preparacao\/#primaryimage"},"thumbnailUrl":"https:\/\/motorista.com.br\/noticias\/wp-content\/uploads\/2026\/08\/PRIMEIRO-BRASILEIRO-NA-POLONIA.jpg","datePublished":"2026-08-31T14:05:27+00:00","breadcrumb":{"@id":"https:\/\/motorista.com.br\/noticias\/2026\/08\/31\/brasileiro-josias-comeca-sua-primeira-viagem-de-caminhoneiro-na-europa-apos-dois-meses-de-preparacao\/#breadcrumb"},"inLanguage":"pt-BR","potentialAction":[{"@type":"ReadAction","target":["https:\/\/motorista.com.br\/noticias\/2026\/08\/31\/brasileiro-josias-comeca-sua-primeira-viagem-de-caminhoneiro-na-europa-apos-dois-meses-de-preparacao\/"]}]},{"@type":"ImageObject","inLanguage":"pt-BR","@id":"https:\/\/motorista.com.br\/noticias\/2026\/08\/31\/brasileiro-josias-comeca-sua-primeira-viagem-de-caminhoneiro-na-europa-apos-dois-meses-de-preparacao\/#primaryimage","url":"https:\/\/motorista.com.br\/noticias\/wp-content\/uploads\/2026\/08\/PRIMEIRO-BRASILEIRO-NA-POLONIA.jpg","contentUrl":"https:\/\/motorista.com.br\/noticias\/wp-content\/uploads\/2026\/08\/PRIMEIRO-BRASILEIRO-NA-POLONIA.jpg","width":1024,"height":576},{"@type":"BreadcrumbList","@id":"https:\/\/motorista.com.br\/noticias\/2026\/08\/31\/brasileiro-josias-comeca-sua-primeira-viagem-de-caminhoneiro-na-europa-apos-dois-meses-de-preparacao\/#breadcrumb","itemListElement":[{"@type":"ListItem","position":1,"name":"In\u00edcio","item":"https:\/\/motorista.com.br\/noticias\/"},{"@type":"ListItem","position":2,"name":"Brasileiro Josias come\u00e7a sua primeira viagem de caminhoneiro na Europa ap\u00f3s dois meses de prepara\u00e7\u00e3o."}]},{"@type":"WebSite","@id":"https:\/\/motorista.com.br\/noticias\/#website","url":"https:\/\/motorista.com.br\/noticias\/","name":"Motorista.com.br","description":"Not\u00edcia do Motorista","publisher":{"@id":"https:\/\/motorista.com.br\/noticias\/#organization"},"potentialAction":[{"@type":"SearchAction","target":{"@type":"EntryPoint","urlTemplate":"https:\/\/motorista.com.br\/noticias\/?s={search_term_string}"},"query-input":{"@type":"PropertyValueSpecification","valueRequired":true,"valueName":"search_term_string"}}],"inLanguage":"pt-BR"},{"@type":"Organization","@id":"https:\/\/motorista.com.br\/noticias\/#organization","name":"Motorista.com.br","url":"https:\/\/motorista.com.br\/noticias\/","logo":{"@type":"ImageObject","inLanguage":"pt-BR","@id":"https:\/\/motorista.com.br\/noticias\/#\/schema\/logo\/image\/","url":"https:\/\/motorista.com.br\/noticias\/wp-content\/uploads\/2025\/06\/Design-sem-nome-9.png","contentUrl":"https:\/\/motorista.com.br\/noticias\/wp-content\/uploads\/2025\/06\/Design-sem-nome-9.png","width":150,"height":85,"caption":"Motorista.com.br"},"image":{"@id":"https:\/\/motorista.com.br\/noticias\/#\/schema\/logo\/image\/"}},{"@type":"Person","@id":"https:\/\/motorista.com.br\/noticias\/#\/schema\/person\/dc93afc2981c0e3ce6bc3c053fd847be","name":"Equipe Reda\u00e7\u00e3o","image":{"@type":"ImageObject","inLanguage":"pt-BR","@id":"https:\/\/secure.gravatar.com\/avatar\/4f525efbf18dd2bb300ccad28bfb99d95a9465a5ba268407c8c37b37e1f28d2d?s=96&d=mm&r=g9e099043a0c61e9ae27e293b9fa75ffc","url":"https:\/\/secure.gravatar.com\/avatar\/4f525efbf18dd2bb300ccad28bfb99d95a9465a5ba268407c8c37b37e1f28d2d?s=96&d=mm&r=g","contentUrl":"https:\/\/secure.gravatar.com\/avatar\/4f525efbf18dd2bb300ccad28bfb99d95a9465a5ba268407c8c37b37e1f28d2d?s=96&d=mm&r=g","caption":"Equipe Reda\u00e7\u00e3o"},"description":"Equipe de reda\u00e7\u00e3o \u00e9 um grupo de profissionais que trabalham juntos para criar conte\u00fado escrito para Motorista.com.br","url":"https:\/\/motorista.com.br\/noticias\/author\/equiperedacao\/"}]}},"_links":{"self":[{"href":"https:\/\/motorista.com.br\/noticias\/wp-json\/wp\/v2\/posts\/14146","targetHints":{"allow":["GET"]}}],"collection":[{"href":"https:\/\/motorista.com.br\/noticias\/wp-json\/wp\/v2\/posts"}],"about":[{"href":"https:\/\/motorista.com.br\/noticias\/wp-json\/wp\/v2\/types\/post"}],"author":[{"embeddable":true,"href":"https:\/\/motorista.com.br\/noticias\/wp-json\/wp\/v2\/users\/4"}],"replies":[{"embeddable":true,"href":"https:\/\/motorista.com.br\/noticias\/wp-json\/wp\/v2\/comments?post=14146"}],"version-history":[{"count":0,"href":"https:\/\/motorista.com.br\/noticias\/wp-json\/wp\/v2\/posts\/14146\/revisions"}],"wp:featuredmedia":[{"embeddable":true,"href":"https:\/\/motorista.com.br\/noticias\/wp-json\/wp\/v2\/media\/14147"}],"wp:attachment":[{"href":"https:\/\/motorista.com.br\/noticias\/wp-json\/wp\/v2\/media?parent=14146"}],"wp:term":[{"taxonomy":"category","embeddable":true,"href":"https:\/\/motorista.com.br\/noticias\/wp-json\/wp\/v2\/categories?post=14146"},{"taxonomy":"post_tag","embeddable":true,"href":"https:\/\/motorista.com.br\/noticias\/wp-json\/wp\/v2\/tags?post=14146"},{"taxonomy":"author","embeddable":true,"href":"https:\/\/motorista.com.br\/noticias\/wp-json\/wp\/v2\/coauthors?post=14146"}],"curies":[{"name":"wp","href":"https:\/\/api.w.org\/{rel}","templated":true}]}}