{"id":14138,"date":"2026-08-31T03:17:17","date_gmt":"2026-08-31T06:17:17","guid":{"rendered":"https:\/\/motorista.com.br\/noticias\/2026\/08\/31\/empate-lula-e-flavio-marcam-12-a-12-no-mapa-eleitoral\/"},"modified":"2026-08-31T03:17:17","modified_gmt":"2026-08-31T06:17:17","slug":"empate-lula-e-flavio-marcam-12-a-12-no-mapa-eleitoral","status":"publish","type":"post","link":"https:\/\/motorista.com.br\/noticias\/2026\/08\/31\/empate-lula-e-flavio-marcam-12-a-12-no-mapa-eleitoral\/","title":{"rendered":"Empate: Lula e Fl\u00e1vio marcam 12 a 12 no mapa eleitoral."},"content":{"rendered":"<p><\/p>\n<h3>Disputa Apertada: Lula e Fl\u00e1vio Ficam 12 a 12 no Mapa Eleitoral<\/h3>\n<p>O mapa das pesquisas mostra uma divis\u00e3o quase equitativa entre Luiz In\u00e1cio Lula da Silva (PT) e Fl\u00e1vio Bolsonaro (PL). Na \u00faltima rodada da Quaest, realizada em 24 estados e no Distrito Federal, Lula lidera em 12 unidades da Federa\u00e7\u00e3o, enquanto Fl\u00e1vio tamb\u00e9m se destaca em 12. Goi\u00e1s \u00e9 a exce\u00e7\u00e3o, com Ronaldo Caiado (PSD) em primeiro lugar. Essa contagem n\u00e3o \u00e9 um ranking, mas uma consolida\u00e7\u00e3o dos resultados de outras pesquisas.<\/p>\n<p>Um ponto importante a destacar \u00e9 que, ao considerar apenas os estados, Fl\u00e1vio lidera com 12, Lula com 11 e Caiado com 1. Contudo, ao incluir o Distrito Federal, o placar final empata em 12 a 12 entre Lula e Fl\u00e1vio.<\/p>\n<p>Lula apresenta melhores \u00edndices de inten\u00e7\u00e3o de voto no Maranh\u00e3o, Rio Grande do Norte, Alagoas, Pernambuco, Para\u00edba, Tocantins, Amazonas, Amap\u00e1, Sergipe, Bahia e Par\u00e1, al\u00e9m do Distrito Federal, onde alcan\u00e7ou 37% no \u00faltimo levantamento, na frente de Fl\u00e1vio, que marcou 29%.<\/p>\n<p>Em contrapartida, Fl\u00e1vio \u00e9 l\u00edder em estados como Rio Grande do Sul, Santa Catarina, Paran\u00e1, Minas Gerais, S\u00e3o Paulo, Mato Grosso do Sul, Mato Grosso, Rond\u00f4nia, Rio de Janeiro, Acre, Roraima e Esp\u00edrito Santo. No Acre, os n\u00fameros mostram Fl\u00e1vio com 42% e Lula com 25%. Uma situa\u00e7\u00e3o interessante ocorre em Goi\u00e1s, onde Caiado aparece com 32%, Fl\u00e1vio com 27% e Lula com 20%.<\/p>\n<p>\u00c9 essencial analisar o placar de 12 a 12 com aten\u00e7\u00e3o. Em estados como S\u00e3o Paulo, Minas Gerais e Rio de Janeiro, as diferen\u00e7as entre Lula e Fl\u00e1vio s\u00e3o marginais e est\u00e3o dentro da margem de erro. Por exemplo, em S\u00e3o Paulo, Fl\u00e1vio tem 30% e Lula 29%; em Minas, a diferen\u00e7a \u00e9 de apenas 1%. Nesses casos, considera-se um empate t\u00e9cnico.<\/p>\n<p>A rodada da Quaest foi realizada de forma presencial, com margens de erro de tr\u00eas pontos percentuais na maioria das UFs e de dois pontos em S\u00e3o Paulo, com um n\u00edvel de confian\u00e7a de 95%. As entrevistas foram encomendadas pela Rede Globo e possuem registros eleitorais adequados.<\/p>\n<p>Enquanto isso, a pesquisa Vox Brasil, de car\u00e1ter nacional, mostra Lula com 37,1% e Fl\u00e1vio com 34,8%, tamb\u00e9m dentro da margem de erro, refletindo uma disputa intensa nessas elei\u00e7\u00f5es. No segundo turno, Fl\u00e1vio registra 45,1%, enquanto Lula fica com 44,5%, novamente indicando um empate t\u00e9cnico.<\/p>\n<p>Os dados surgem em um contexto onde quest\u00f5es como economia, cr\u00e9dito, financiamento, agroneg\u00f3cio, log\u00edstica e tecnologia se destacam nas propostas para o eleitorado. Embora as pesquisas revelem as inten\u00e7\u00f5es de voto no momento das entrevistas, \u00e9 fundamental compreender que n\u00e3o s\u00e3o garantias de resultados nas urnas.<\/p>\n<p>\u00c0 medida que a mobilidade e as quest\u00f5es ligadas ao dia a dia do cidad\u00e3o se tornam essenciais, a forma como os candidatos abordam esses temas nas suas propostas pode impactar diretamente tanto os motoristas quanto a mobilidade geral. Os motoristas buscam solu\u00e7\u00f5es que facilitem seu deslocamento, e a maneira como as propostas s\u00e3o recebidas pelo eleitorado poder\u00e1 moldar o futuro do transporte e da infraestrutura no pa\u00eds.<\/p>\n<p><strong>Fonte: brasildotrecho<\/strong><\/p>\n","protected":false},"excerpt":{"rendered":"<p>Disputa Apertada: Lula e Fl\u00e1vio Ficam 12 a 12 no Mapa Eleitoral O mapa das pesquisas mostra uma divis\u00e3o quase equitativa entre Luiz In\u00e1cio Lula da Silva (PT) e Fl\u00e1vio Bolsonaro (PL). Na \u00faltima rodada da Quaest, realizada em 24 estados e no Distrito Federal, Lula lidera em 12 unidades da Federa\u00e7\u00e3o, enquanto Fl\u00e1vio tamb\u00e9m &hellip;<\/p>\n","protected":false},"author":4,"featured_media":14139,"comment_status":"","ping_status":"open","sticky":false,"template":"","format":"standard","meta":{"footnotes":""},"categories":[77],"tags":[],"coauthors":[42],"class_list":["post-14138","post","type-post","status-publish","format-standard","has-post-thumbnail","hentry","category-motorista"],"yoast_head":"<!-- This site is optimized with the Yoast SEO Premium plugin v27.6.1 (Yoast SEO v28.3) - https:\/\/yoast.com\/product\/yoast-seo-premium-wordpress\/ -->\n<title>Empate: Lula e Fl\u00e1vio marcam 12 a 12 no mapa eleitoral. - Motorista.com.br<\/title>\n<meta name=\"robots\" content=\"index, follow, max-snippet:-1, max-image-preview:large, max-video-preview:-1\" \/>\n<link rel=\"canonical\" href=\"https:\/\/motorista.com.br\/noticias\/2026\/08\/31\/empate-lula-e-flavio-marcam-12-a-12-no-mapa-eleitoral\/\" \/>\n<meta property=\"og:locale\" content=\"pt_BR\" \/>\n<meta property=\"og:type\" content=\"article\" \/>\n<meta property=\"og:title\" content=\"Empate: Lula e Fl\u00e1vio marcam 12 a 12 no mapa eleitoral.\" \/>\n<meta property=\"og:description\" content=\"Disputa Apertada: Lula e Fl\u00e1vio Ficam 12 a 12 no Mapa Eleitoral O mapa das pesquisas mostra uma divis\u00e3o quase equitativa entre Luiz In\u00e1cio Lula da Silva (PT) e Fl\u00e1vio Bolsonaro (PL). Na \u00faltima rodada da Quaest, realizada em 24 estados e no Distrito Federal, Lula lidera em 12 unidades da Federa\u00e7\u00e3o, enquanto Fl\u00e1vio tamb\u00e9m &hellip;\" \/>\n<meta property=\"og:url\" content=\"https:\/\/motorista.com.br\/noticias\/2026\/08\/31\/empate-lula-e-flavio-marcam-12-a-12-no-mapa-eleitoral\/\" \/>\n<meta property=\"og:site_name\" content=\"Motorista.com.br\" \/>\n<meta property=\"article:published_time\" content=\"2026-08-31T06:17:17+00:00\" \/>\n<meta name=\"author\" content=\"Equipe Reda\u00e7\u00e3o\" \/>\n<meta name=\"twitter:card\" content=\"summary_large_image\" \/>\n<meta name=\"twitter:label1\" content=\"Escrito por\" \/>\n\t<meta name=\"twitter:data1\" content=\"Equipe Reda\u00e7\u00e3o\" \/>\n\t<meta name=\"twitter:label2\" content=\"Est. tempo de leitura\" \/>\n\t<meta name=\"twitter:data2\" content=\"3 minutos\" \/>\n\t<meta name=\"twitter:label3\" content=\"Written by\" \/>\n\t<meta name=\"twitter:data3\" content=\"Equipe Reda\u00e7\u00e3o\" \/>\n<script type=\"application\/ld+json\" class=\"yoast-schema-graph\">{\"@context\":\"https:\\\/\\\/schema.org\",\"@graph\":[{\"@type\":\"Article\",\"@id\":\"https:\\\/\\\/motorista.com.br\\\/noticias\\\/2026\\\/08\\\/31\\\/empate-lula-e-flavio-marcam-12-a-12-no-mapa-eleitoral\\\/#article\",\"isPartOf\":{\"@id\":\"https:\\\/\\\/motorista.com.br\\\/noticias\\\/2026\\\/08\\\/31\\\/empate-lula-e-flavio-marcam-12-a-12-no-mapa-eleitoral\\\/\"},\"author\":{\"name\":\"Equipe Reda\u00e7\u00e3o\",\"@id\":\"https:\\\/\\\/motorista.com.br\\\/noticias\\\/#\\\/schema\\\/person\\\/dc93afc2981c0e3ce6bc3c053fd847be\"},\"headline\":\"Empate: Lula e Fl\u00e1vio marcam 12 a 12 no mapa eleitoral.\",\"datePublished\":\"2026-08-31T06:17:17+00:00\",\"mainEntityOfPage\":{\"@id\":\"https:\\\/\\\/motorista.com.br\\\/noticias\\\/2026\\\/08\\\/31\\\/empate-lula-e-flavio-marcam-12-a-12-no-mapa-eleitoral\\\/\"},\"wordCount\":536,\"publisher\":{\"@id\":\"https:\\\/\\\/motorista.com.br\\\/noticias\\\/#organization\"},\"image\":{\"@id\":\"https:\\\/\\\/motorista.com.br\\\/noticias\\\/2026\\\/08\\\/31\\\/empate-lula-e-flavio-marcam-12-a-12-no-mapa-eleitoral\\\/#primaryimage\"},\"thumbnailUrl\":\"https:\\\/\\\/motorista.com.br\\\/noticias\\\/wp-content\\\/uploads\\\/2026\\\/08\\\/Disputa-apertada-Lula-e-Flavio-ficam-12-a-12-no-mapa-eleitoral.jpg\",\"articleSection\":[\"Motorista\"],\"inLanguage\":\"pt-BR\"},{\"@type\":\"WebPage\",\"@id\":\"https:\\\/\\\/motorista.com.br\\\/noticias\\\/2026\\\/08\\\/31\\\/empate-lula-e-flavio-marcam-12-a-12-no-mapa-eleitoral\\\/\",\"url\":\"https:\\\/\\\/motorista.com.br\\\/noticias\\\/2026\\\/08\\\/31\\\/empate-lula-e-flavio-marcam-12-a-12-no-mapa-eleitoral\\\/\",\"name\":\"Empate: Lula e Fl\u00e1vio marcam 12 a 12 no mapa eleitoral. - Motorista.com.br\",\"isPartOf\":{\"@id\":\"https:\\\/\\\/motorista.com.br\\\/noticias\\\/#website\"},\"primaryImageOfPage\":{\"@id\":\"https:\\\/\\\/motorista.com.br\\\/noticias\\\/2026\\\/08\\\/31\\\/empate-lula-e-flavio-marcam-12-a-12-no-mapa-eleitoral\\\/#primaryimage\"},\"image\":{\"@id\":\"https:\\\/\\\/motorista.com.br\\\/noticias\\\/2026\\\/08\\\/31\\\/empate-lula-e-flavio-marcam-12-a-12-no-mapa-eleitoral\\\/#primaryimage\"},\"thumbnailUrl\":\"https:\\\/\\\/motorista.com.br\\\/noticias\\\/wp-content\\\/uploads\\\/2026\\\/08\\\/Disputa-apertada-Lula-e-Flavio-ficam-12-a-12-no-mapa-eleitoral.jpg\",\"datePublished\":\"2026-08-31T06:17:17+00:00\",\"breadcrumb\":{\"@id\":\"https:\\\/\\\/motorista.com.br\\\/noticias\\\/2026\\\/08\\\/31\\\/empate-lula-e-flavio-marcam-12-a-12-no-mapa-eleitoral\\\/#breadcrumb\"},\"inLanguage\":\"pt-BR\",\"potentialAction\":[{\"@type\":\"ReadAction\",\"target\":[\"https:\\\/\\\/motorista.com.br\\\/noticias\\\/2026\\\/08\\\/31\\\/empate-lula-e-flavio-marcam-12-a-12-no-mapa-eleitoral\\\/\"]}]},{\"@type\":\"ImageObject\",\"inLanguage\":\"pt-BR\",\"@id\":\"https:\\\/\\\/motorista.com.br\\\/noticias\\\/2026\\\/08\\\/31\\\/empate-lula-e-flavio-marcam-12-a-12-no-mapa-eleitoral\\\/#primaryimage\",\"url\":\"https:\\\/\\\/motorista.com.br\\\/noticias\\\/wp-content\\\/uploads\\\/2026\\\/08\\\/Disputa-apertada-Lula-e-Flavio-ficam-12-a-12-no-mapa-eleitoral.jpg\",\"contentUrl\":\"https:\\\/\\\/motorista.com.br\\\/noticias\\\/wp-content\\\/uploads\\\/2026\\\/08\\\/Disputa-apertada-Lula-e-Flavio-ficam-12-a-12-no-mapa-eleitoral.jpg\",\"width\":1280,\"height\":720},{\"@type\":\"BreadcrumbList\",\"@id\":\"https:\\\/\\\/motorista.com.br\\\/noticias\\\/2026\\\/08\\\/31\\\/empate-lula-e-flavio-marcam-12-a-12-no-mapa-eleitoral\\\/#breadcrumb\",\"itemListElement\":[{\"@type\":\"ListItem\",\"position\":1,\"name\":\"In\u00edcio\",\"item\":\"https:\\\/\\\/motorista.com.br\\\/noticias\\\/\"},{\"@type\":\"ListItem\",\"position\":2,\"name\":\"Empate: Lula e Fl\u00e1vio marcam 12 a 12 no mapa eleitoral.\"}]},{\"@type\":\"WebSite\",\"@id\":\"https:\\\/\\\/motorista.com.br\\\/noticias\\\/#website\",\"url\":\"https:\\\/\\\/motorista.com.br\\\/noticias\\\/\",\"name\":\"Motorista.com.br\",\"description\":\"Not\u00edcia do Motorista\",\"publisher\":{\"@id\":\"https:\\\/\\\/motorista.com.br\\\/noticias\\\/#organization\"},\"potentialAction\":[{\"@type\":\"SearchAction\",\"target\":{\"@type\":\"EntryPoint\",\"urlTemplate\":\"https:\\\/\\\/motorista.com.br\\\/noticias\\\/?s={search_term_string}\"},\"query-input\":{\"@type\":\"PropertyValueSpecification\",\"valueRequired\":true,\"valueName\":\"search_term_string\"}}],\"inLanguage\":\"pt-BR\"},{\"@type\":\"Organization\",\"@id\":\"https:\\\/\\\/motorista.com.br\\\/noticias\\\/#organization\",\"name\":\"Motorista.com.br\",\"url\":\"https:\\\/\\\/motorista.com.br\\\/noticias\\\/\",\"logo\":{\"@type\":\"ImageObject\",\"inLanguage\":\"pt-BR\",\"@id\":\"https:\\\/\\\/motorista.com.br\\\/noticias\\\/#\\\/schema\\\/logo\\\/image\\\/\",\"url\":\"https:\\\/\\\/motorista.com.br\\\/noticias\\\/wp-content\\\/uploads\\\/2025\\\/06\\\/Design-sem-nome-9.png\",\"contentUrl\":\"https:\\\/\\\/motorista.com.br\\\/noticias\\\/wp-content\\\/uploads\\\/2025\\\/06\\\/Design-sem-nome-9.png\",\"width\":150,\"height\":85,\"caption\":\"Motorista.com.br\"},\"image\":{\"@id\":\"https:\\\/\\\/motorista.com.br\\\/noticias\\\/#\\\/schema\\\/logo\\\/image\\\/\"}},{\"@type\":\"Person\",\"@id\":\"https:\\\/\\\/motorista.com.br\\\/noticias\\\/#\\\/schema\\\/person\\\/dc93afc2981c0e3ce6bc3c053fd847be\",\"name\":\"Equipe Reda\u00e7\u00e3o\",\"image\":{\"@type\":\"ImageObject\",\"inLanguage\":\"pt-BR\",\"@id\":\"https:\\\/\\\/secure.gravatar.com\\\/avatar\\\/4f525efbf18dd2bb300ccad28bfb99d95a9465a5ba268407c8c37b37e1f28d2d?s=96&d=mm&r=g9e099043a0c61e9ae27e293b9fa75ffc\",\"url\":\"https:\\\/\\\/secure.gravatar.com\\\/avatar\\\/4f525efbf18dd2bb300ccad28bfb99d95a9465a5ba268407c8c37b37e1f28d2d?s=96&d=mm&r=g\",\"contentUrl\":\"https:\\\/\\\/secure.gravatar.com\\\/avatar\\\/4f525efbf18dd2bb300ccad28bfb99d95a9465a5ba268407c8c37b37e1f28d2d?s=96&d=mm&r=g\",\"caption\":\"Equipe Reda\u00e7\u00e3o\"},\"description\":\"Equipe de reda\u00e7\u00e3o \u00e9 um grupo de profissionais que trabalham juntos para criar conte\u00fado escrito para Motorista.com.br\",\"url\":\"https:\\\/\\\/motorista.com.br\\\/noticias\\\/author\\\/equiperedacao\\\/\"}]}<\/script>\n<!-- \/ Yoast SEO Premium plugin. -->","yoast_head_json":{"title":"Empate: Lula e Fl\u00e1vio marcam 12 a 12 no mapa eleitoral. - Motorista.com.br","robots":{"index":"index","follow":"follow","max-snippet":"max-snippet:-1","max-image-preview":"max-image-preview:large","max-video-preview":"max-video-preview:-1"},"canonical":"https:\/\/motorista.com.br\/noticias\/2026\/08\/31\/empate-lula-e-flavio-marcam-12-a-12-no-mapa-eleitoral\/","og_locale":"pt_BR","og_type":"article","og_title":"Empate: Lula e Fl\u00e1vio marcam 12 a 12 no mapa eleitoral.","og_description":"Disputa Apertada: Lula e Fl\u00e1vio Ficam 12 a 12 no Mapa Eleitoral O mapa das pesquisas mostra uma divis\u00e3o quase equitativa entre Luiz In\u00e1cio Lula da Silva (PT) e Fl\u00e1vio Bolsonaro (PL). Na \u00faltima rodada da Quaest, realizada em 24 estados e no Distrito Federal, Lula lidera em 12 unidades da Federa\u00e7\u00e3o, enquanto Fl\u00e1vio tamb\u00e9m &hellip;","og_url":"https:\/\/motorista.com.br\/noticias\/2026\/08\/31\/empate-lula-e-flavio-marcam-12-a-12-no-mapa-eleitoral\/","og_site_name":"Motorista.com.br","article_published_time":"2026-08-31T06:17:17+00:00","author":"Equipe Reda\u00e7\u00e3o","twitter_card":"summary_large_image","twitter_misc":{"Escrito por":"Equipe Reda\u00e7\u00e3o","Est. tempo de leitura":"3 minutos","Written by":"Equipe Reda\u00e7\u00e3o"},"schema":{"@context":"https:\/\/schema.org","@graph":[{"@type":"Article","@id":"https:\/\/motorista.com.br\/noticias\/2026\/08\/31\/empate-lula-e-flavio-marcam-12-a-12-no-mapa-eleitoral\/#article","isPartOf":{"@id":"https:\/\/motorista.com.br\/noticias\/2026\/08\/31\/empate-lula-e-flavio-marcam-12-a-12-no-mapa-eleitoral\/"},"author":{"name":"Equipe Reda\u00e7\u00e3o","@id":"https:\/\/motorista.com.br\/noticias\/#\/schema\/person\/dc93afc2981c0e3ce6bc3c053fd847be"},"headline":"Empate: Lula e Fl\u00e1vio marcam 12 a 12 no mapa eleitoral.","datePublished":"2026-08-31T06:17:17+00:00","mainEntityOfPage":{"@id":"https:\/\/motorista.com.br\/noticias\/2026\/08\/31\/empate-lula-e-flavio-marcam-12-a-12-no-mapa-eleitoral\/"},"wordCount":536,"publisher":{"@id":"https:\/\/motorista.com.br\/noticias\/#organization"},"image":{"@id":"https:\/\/motorista.com.br\/noticias\/2026\/08\/31\/empate-lula-e-flavio-marcam-12-a-12-no-mapa-eleitoral\/#primaryimage"},"thumbnailUrl":"https:\/\/motorista.com.br\/noticias\/wp-content\/uploads\/2026\/08\/Disputa-apertada-Lula-e-Flavio-ficam-12-a-12-no-mapa-eleitoral.jpg","articleSection":["Motorista"],"inLanguage":"pt-BR"},{"@type":"WebPage","@id":"https:\/\/motorista.com.br\/noticias\/2026\/08\/31\/empate-lula-e-flavio-marcam-12-a-12-no-mapa-eleitoral\/","url":"https:\/\/motorista.com.br\/noticias\/2026\/08\/31\/empate-lula-e-flavio-marcam-12-a-12-no-mapa-eleitoral\/","name":"Empate: Lula e Fl\u00e1vio marcam 12 a 12 no mapa eleitoral. - Motorista.com.br","isPartOf":{"@id":"https:\/\/motorista.com.br\/noticias\/#website"},"primaryImageOfPage":{"@id":"https:\/\/motorista.com.br\/noticias\/2026\/08\/31\/empate-lula-e-flavio-marcam-12-a-12-no-mapa-eleitoral\/#primaryimage"},"image":{"@id":"https:\/\/motorista.com.br\/noticias\/2026\/08\/31\/empate-lula-e-flavio-marcam-12-a-12-no-mapa-eleitoral\/#primaryimage"},"thumbnailUrl":"https:\/\/motorista.com.br\/noticias\/wp-content\/uploads\/2026\/08\/Disputa-apertada-Lula-e-Flavio-ficam-12-a-12-no-mapa-eleitoral.jpg","datePublished":"2026-08-31T06:17:17+00:00","breadcrumb":{"@id":"https:\/\/motorista.com.br\/noticias\/2026\/08\/31\/empate-lula-e-flavio-marcam-12-a-12-no-mapa-eleitoral\/#breadcrumb"},"inLanguage":"pt-BR","potentialAction":[{"@type":"ReadAction","target":["https:\/\/motorista.com.br\/noticias\/2026\/08\/31\/empate-lula-e-flavio-marcam-12-a-12-no-mapa-eleitoral\/"]}]},{"@type":"ImageObject","inLanguage":"pt-BR","@id":"https:\/\/motorista.com.br\/noticias\/2026\/08\/31\/empate-lula-e-flavio-marcam-12-a-12-no-mapa-eleitoral\/#primaryimage","url":"https:\/\/motorista.com.br\/noticias\/wp-content\/uploads\/2026\/08\/Disputa-apertada-Lula-e-Flavio-ficam-12-a-12-no-mapa-eleitoral.jpg","contentUrl":"https:\/\/motorista.com.br\/noticias\/wp-content\/uploads\/2026\/08\/Disputa-apertada-Lula-e-Flavio-ficam-12-a-12-no-mapa-eleitoral.jpg","width":1280,"height":720},{"@type":"BreadcrumbList","@id":"https:\/\/motorista.com.br\/noticias\/2026\/08\/31\/empate-lula-e-flavio-marcam-12-a-12-no-mapa-eleitoral\/#breadcrumb","itemListElement":[{"@type":"ListItem","position":1,"name":"In\u00edcio","item":"https:\/\/motorista.com.br\/noticias\/"},{"@type":"ListItem","position":2,"name":"Empate: Lula e Fl\u00e1vio marcam 12 a 12 no mapa eleitoral."}]},{"@type":"WebSite","@id":"https:\/\/motorista.com.br\/noticias\/#website","url":"https:\/\/motorista.com.br\/noticias\/","name":"Motorista.com.br","description":"Not\u00edcia do Motorista","publisher":{"@id":"https:\/\/motorista.com.br\/noticias\/#organization"},"potentialAction":[{"@type":"SearchAction","target":{"@type":"EntryPoint","urlTemplate":"https:\/\/motorista.com.br\/noticias\/?s={search_term_string}"},"query-input":{"@type":"PropertyValueSpecification","valueRequired":true,"valueName":"search_term_string"}}],"inLanguage":"pt-BR"},{"@type":"Organization","@id":"https:\/\/motorista.com.br\/noticias\/#organization","name":"Motorista.com.br","url":"https:\/\/motorista.com.br\/noticias\/","logo":{"@type":"ImageObject","inLanguage":"pt-BR","@id":"https:\/\/motorista.com.br\/noticias\/#\/schema\/logo\/image\/","url":"https:\/\/motorista.com.br\/noticias\/wp-content\/uploads\/2025\/06\/Design-sem-nome-9.png","contentUrl":"https:\/\/motorista.com.br\/noticias\/wp-content\/uploads\/2025\/06\/Design-sem-nome-9.png","width":150,"height":85,"caption":"Motorista.com.br"},"image":{"@id":"https:\/\/motorista.com.br\/noticias\/#\/schema\/logo\/image\/"}},{"@type":"Person","@id":"https:\/\/motorista.com.br\/noticias\/#\/schema\/person\/dc93afc2981c0e3ce6bc3c053fd847be","name":"Equipe Reda\u00e7\u00e3o","image":{"@type":"ImageObject","inLanguage":"pt-BR","@id":"https:\/\/secure.gravatar.com\/avatar\/4f525efbf18dd2bb300ccad28bfb99d95a9465a5ba268407c8c37b37e1f28d2d?s=96&d=mm&r=g9e099043a0c61e9ae27e293b9fa75ffc","url":"https:\/\/secure.gravatar.com\/avatar\/4f525efbf18dd2bb300ccad28bfb99d95a9465a5ba268407c8c37b37e1f28d2d?s=96&d=mm&r=g","contentUrl":"https:\/\/secure.gravatar.com\/avatar\/4f525efbf18dd2bb300ccad28bfb99d95a9465a5ba268407c8c37b37e1f28d2d?s=96&d=mm&r=g","caption":"Equipe Reda\u00e7\u00e3o"},"description":"Equipe de reda\u00e7\u00e3o \u00e9 um grupo de profissionais que trabalham juntos para criar conte\u00fado escrito para Motorista.com.br","url":"https:\/\/motorista.com.br\/noticias\/author\/equiperedacao\/"}]}},"_links":{"self":[{"href":"https:\/\/motorista.com.br\/noticias\/wp-json\/wp\/v2\/posts\/14138","targetHints":{"allow":["GET"]}}],"collection":[{"href":"https:\/\/motorista.com.br\/noticias\/wp-json\/wp\/v2\/posts"}],"about":[{"href":"https:\/\/motorista.com.br\/noticias\/wp-json\/wp\/v2\/types\/post"}],"author":[{"embeddable":true,"href":"https:\/\/motorista.com.br\/noticias\/wp-json\/wp\/v2\/users\/4"}],"replies":[{"embeddable":true,"href":"https:\/\/motorista.com.br\/noticias\/wp-json\/wp\/v2\/comments?post=14138"}],"version-history":[{"count":0,"href":"https:\/\/motorista.com.br\/noticias\/wp-json\/wp\/v2\/posts\/14138\/revisions"}],"wp:featuredmedia":[{"embeddable":true,"href":"https:\/\/motorista.com.br\/noticias\/wp-json\/wp\/v2\/media\/14139"}],"wp:attachment":[{"href":"https:\/\/motorista.com.br\/noticias\/wp-json\/wp\/v2\/media?parent=14138"}],"wp:term":[{"taxonomy":"category","embeddable":true,"href":"https:\/\/motorista.com.br\/noticias\/wp-json\/wp\/v2\/categories?post=14138"},{"taxonomy":"post_tag","embeddable":true,"href":"https:\/\/motorista.com.br\/noticias\/wp-json\/wp\/v2\/tags?post=14138"},{"taxonomy":"author","embeddable":true,"href":"https:\/\/motorista.com.br\/noticias\/wp-json\/wp\/v2\/coauthors?post=14138"}],"curies":[{"name":"wp","href":"https:\/\/api.w.org\/{rel}","templated":true}]}}