{"id":14136,"date":"2026-08-31T02:57:00","date_gmt":"2026-08-31T05:57:00","guid":{"rendered":"https:\/\/motorista.com.br\/noticias\/2026\/08\/31\/miebach-observa-desafios-na-cadeia-de-suprimentos-por-custos-e-produtividade\/"},"modified":"2026-08-31T02:57:00","modified_gmt":"2026-08-31T05:57:00","slug":"miebach-observa-desafios-na-cadeia-de-suprimentos-por-custos-e-produtividade","status":"publish","type":"post","link":"https:\/\/motorista.com.br\/noticias\/2026\/08\/31\/miebach-observa-desafios-na-cadeia-de-suprimentos-por-custos-e-produtividade\/","title":{"rendered":"Miebach observa desafios na cadeia de suprimentos por custos e produtividade."},"content":{"rendered":"<p><\/p>\n<h3>Miebach v\u00ea suprimento sob press\u00e3o de custos, produtividade e resili\u00eancia<\/h3>\n<p>A Miebach Consulting aponta uma s\u00e9rie de press\u00f5es que impactam as cadeias de suprimentos no Brasil, destacando a complexidade da malha log\u00edstica, a depend\u00eancia do transporte rodovi\u00e1rio, os gargalos de infraestrutura, a volatilidade da demanda e a necessidade por maior visibilidade nas opera\u00e7\u00f5es. Essas quest\u00f5es, conforme ressaltado por Ariel Almeida Feitosa, especialista da consultoria, revelam um panorama desafiador para a log\u00edstica no pa\u00eds.<\/p>\n<p>As empresas enfrentam uma nova realidade, onde decis\u00f5es relacionadas a estoques, localiza\u00e7\u00e3o das opera\u00e7\u00f5es, automa\u00e7\u00e3o e sustentabilidade se tornam cada vez mais complexas. O desafio est\u00e1 em n\u00e3o apenas melhorar as opera\u00e7\u00f5es existentes, mas tamb\u00e9m em desenhar cadeias de suprimentos que sejam flex\u00edveis o suficiente para se adaptar rapidamente \u00e0s mudan\u00e7as e elevar a produtividade, sustendo o crescimento com maior previsibilidade.<\/p>\n<p>Nesse contexto, a Miebach ressalta a import\u00e2ncia de uma abordagem integrada que envolva estrat\u00e9gia, engenharia, digitaliza\u00e7\u00e3o e implementa\u00e7\u00e3o para enfrentar os desafios do supply chain. Redes log\u00edsticas mais bem estruturadas, a integra\u00e7\u00e3o eficiente entre modais de transporte, o uso de dados, automa\u00e7\u00e3o seletiva e a intelig\u00eancia artificial aplicada ao planejamento podem ser instrumentos valiosos para reduzir custos e aumentar a capacidade de adapta\u00e7\u00e3o das empresas aos desafios do ambiente log\u00edstico.<\/p>\n<p>Feitosa ainda destaca que a tecnologia deve ser aplicada a problemas concretos da log\u00edstica brasileira, como a infraestrutura desigual e a alta depend\u00eancia do transporte rodovi\u00e1rio. \u00c0 medida que o supply chain se torna mais relevante nas decis\u00f5es estrat\u00e9gicas das empresas, sua fun\u00e7\u00e3o deixa de ser vista apenas como uma opera\u00e7\u00e3o secund\u00e1ria e passa a ocupar um papel central na sustentabilidade e resili\u00eancia organizacional.<\/p>\n<p>Esse aprimoramento nas opera\u00e7\u00f5es log\u00edsticas n\u00e3o se limita apenas \u00e0s empresas, mas se reflete diretamente na mobilidade geral. Melhorias na infraestrutura, maior efici\u00eancia nas cadeias de suprimentos e a ado\u00e7\u00e3o de novos modelos operacionais impactam positivamente a vida dos motoristas, que enfrentam menos congestionamentos e mais previsibilidade nas entregas. Um sistema log\u00edstico bem estruturado proporciona n\u00e3o apenas efici\u00eancia, mas tamb\u00e9m melhora a experi\u00eancia de mobilidade urbana, beneficiando todos os envolvidos no processo.<\/p>\n<p>Al\u00e9m disso, a integra\u00e7\u00e3o entre tecnologia e opera\u00e7\u00e3o, quando feita de forma eficaz, pode contribuir para a redu\u00e7\u00e3o de custos que, em \u00faltima an\u00e1lise, s\u00e3o repassados ao consumidor. \u00c0 medida que as empresas se tornam mais eficientes, todos, desde os motoristas at\u00e9 os usu\u00e1rios finais, podem se beneficiar de um ambiente de transporte mais fluido e econ\u00f4mico.<\/p>\n<p><em>Fonte: Carta de Log\u00edstica<\/em><\/p>\n","protected":false},"excerpt":{"rendered":"<p>Miebach v\u00ea suprimento sob press\u00e3o de custos, produtividade e resili\u00eancia A Miebach Consulting aponta uma s\u00e9rie de press\u00f5es que impactam as cadeias de suprimentos no Brasil, destacando a complexidade da malha log\u00edstica, a depend\u00eancia do transporte rodovi\u00e1rio, os gargalos de infraestrutura, a volatilidade da demanda e a necessidade por maior visibilidade nas opera\u00e7\u00f5es. Essas quest\u00f5es, &hellip;<\/p>\n","protected":false},"author":4,"featured_media":14137,"comment_status":"","ping_status":"open","sticky":false,"template":"","format":"standard","meta":{"footnotes":""},"categories":[62],"tags":[],"coauthors":[42],"class_list":["post-14136","post","type-post","status-publish","format-standard","has-post-thumbnail","hentry","category-logistica"],"yoast_head":"<!-- This site is optimized with the Yoast SEO Premium plugin v27.6.1 (Yoast SEO v28.3) - https:\/\/yoast.com\/product\/yoast-seo-premium-wordpress\/ -->\n<title>Miebach observa desafios na cadeia de suprimentos por custos e produtividade. - Motorista.com.br<\/title>\n<meta name=\"robots\" content=\"index, follow, max-snippet:-1, max-image-preview:large, max-video-preview:-1\" \/>\n<link rel=\"canonical\" href=\"https:\/\/motorista.com.br\/noticias\/2026\/08\/31\/miebach-observa-desafios-na-cadeia-de-suprimentos-por-custos-e-produtividade\/\" \/>\n<meta property=\"og:locale\" content=\"pt_BR\" \/>\n<meta property=\"og:type\" content=\"article\" \/>\n<meta property=\"og:title\" content=\"Miebach observa desafios na cadeia de suprimentos por custos e produtividade.\" \/>\n<meta property=\"og:description\" content=\"Miebach v\u00ea suprimento sob press\u00e3o de custos, produtividade e resili\u00eancia A Miebach Consulting aponta uma s\u00e9rie de press\u00f5es que impactam as cadeias de suprimentos no Brasil, destacando a complexidade da malha log\u00edstica, a depend\u00eancia do transporte rodovi\u00e1rio, os gargalos de infraestrutura, a volatilidade da demanda e a necessidade por maior visibilidade nas opera\u00e7\u00f5es. Essas quest\u00f5es, &hellip;\" \/>\n<meta property=\"og:url\" content=\"https:\/\/motorista.com.br\/noticias\/2026\/08\/31\/miebach-observa-desafios-na-cadeia-de-suprimentos-por-custos-e-produtividade\/\" \/>\n<meta property=\"og:site_name\" content=\"Motorista.com.br\" \/>\n<meta property=\"article:published_time\" content=\"2026-08-31T05:57:00+00:00\" \/>\n<meta name=\"author\" content=\"Equipe Reda\u00e7\u00e3o\" \/>\n<meta name=\"twitter:card\" content=\"summary_large_image\" \/>\n<meta name=\"twitter:label1\" content=\"Escrito por\" \/>\n\t<meta name=\"twitter:data1\" content=\"Equipe Reda\u00e7\u00e3o\" \/>\n\t<meta name=\"twitter:label2\" content=\"Est. tempo de leitura\" \/>\n\t<meta name=\"twitter:data2\" content=\"2 minutos\" \/>\n\t<meta name=\"twitter:label3\" content=\"Written by\" \/>\n\t<meta name=\"twitter:data3\" content=\"Equipe Reda\u00e7\u00e3o\" \/>\n<script type=\"application\/ld+json\" class=\"yoast-schema-graph\">{\"@context\":\"https:\\\/\\\/schema.org\",\"@graph\":[{\"@type\":\"Article\",\"@id\":\"https:\\\/\\\/motorista.com.br\\\/noticias\\\/2026\\\/08\\\/31\\\/miebach-observa-desafios-na-cadeia-de-suprimentos-por-custos-e-produtividade\\\/#article\",\"isPartOf\":{\"@id\":\"https:\\\/\\\/motorista.com.br\\\/noticias\\\/2026\\\/08\\\/31\\\/miebach-observa-desafios-na-cadeia-de-suprimentos-por-custos-e-produtividade\\\/\"},\"author\":{\"name\":\"Equipe Reda\u00e7\u00e3o\",\"@id\":\"https:\\\/\\\/motorista.com.br\\\/noticias\\\/#\\\/schema\\\/person\\\/dc93afc2981c0e3ce6bc3c053fd847be\"},\"headline\":\"Miebach observa desafios na cadeia de suprimentos por custos e produtividade.\",\"datePublished\":\"2026-08-31T05:57:00+00:00\",\"mainEntityOfPage\":{\"@id\":\"https:\\\/\\\/motorista.com.br\\\/noticias\\\/2026\\\/08\\\/31\\\/miebach-observa-desafios-na-cadeia-de-suprimentos-por-custos-e-produtividade\\\/\"},\"wordCount\":468,\"publisher\":{\"@id\":\"https:\\\/\\\/motorista.com.br\\\/noticias\\\/#organization\"},\"image\":{\"@id\":\"https:\\\/\\\/motorista.com.br\\\/noticias\\\/2026\\\/08\\\/31\\\/miebach-observa-desafios-na-cadeia-de-suprimentos-por-custos-e-produtividade\\\/#primaryimage\"},\"thumbnailUrl\":\"https:\\\/\\\/motorista.com.br\\\/noticias\\\/wp-content\\\/uploads\\\/2026\\\/08\\\/ID-CL-1000-px-x-830-px-Miebach.png\",\"articleSection\":[\"Log\u00edstica\"],\"inLanguage\":\"pt-BR\"},{\"@type\":\"WebPage\",\"@id\":\"https:\\\/\\\/motorista.com.br\\\/noticias\\\/2026\\\/08\\\/31\\\/miebach-observa-desafios-na-cadeia-de-suprimentos-por-custos-e-produtividade\\\/\",\"url\":\"https:\\\/\\\/motorista.com.br\\\/noticias\\\/2026\\\/08\\\/31\\\/miebach-observa-desafios-na-cadeia-de-suprimentos-por-custos-e-produtividade\\\/\",\"name\":\"Miebach observa desafios na cadeia de suprimentos por custos e produtividade. - Motorista.com.br\",\"isPartOf\":{\"@id\":\"https:\\\/\\\/motorista.com.br\\\/noticias\\\/#website\"},\"primaryImageOfPage\":{\"@id\":\"https:\\\/\\\/motorista.com.br\\\/noticias\\\/2026\\\/08\\\/31\\\/miebach-observa-desafios-na-cadeia-de-suprimentos-por-custos-e-produtividade\\\/#primaryimage\"},\"image\":{\"@id\":\"https:\\\/\\\/motorista.com.br\\\/noticias\\\/2026\\\/08\\\/31\\\/miebach-observa-desafios-na-cadeia-de-suprimentos-por-custos-e-produtividade\\\/#primaryimage\"},\"thumbnailUrl\":\"https:\\\/\\\/motorista.com.br\\\/noticias\\\/wp-content\\\/uploads\\\/2026\\\/08\\\/ID-CL-1000-px-x-830-px-Miebach.png\",\"datePublished\":\"2026-08-31T05:57:00+00:00\",\"breadcrumb\":{\"@id\":\"https:\\\/\\\/motorista.com.br\\\/noticias\\\/2026\\\/08\\\/31\\\/miebach-observa-desafios-na-cadeia-de-suprimentos-por-custos-e-produtividade\\\/#breadcrumb\"},\"inLanguage\":\"pt-BR\",\"potentialAction\":[{\"@type\":\"ReadAction\",\"target\":[\"https:\\\/\\\/motorista.com.br\\\/noticias\\\/2026\\\/08\\\/31\\\/miebach-observa-desafios-na-cadeia-de-suprimentos-por-custos-e-produtividade\\\/\"]}]},{\"@type\":\"ImageObject\",\"inLanguage\":\"pt-BR\",\"@id\":\"https:\\\/\\\/motorista.com.br\\\/noticias\\\/2026\\\/08\\\/31\\\/miebach-observa-desafios-na-cadeia-de-suprimentos-por-custos-e-produtividade\\\/#primaryimage\",\"url\":\"https:\\\/\\\/motorista.com.br\\\/noticias\\\/wp-content\\\/uploads\\\/2026\\\/08\\\/ID-CL-1000-px-x-830-px-Miebach.png\",\"contentUrl\":\"https:\\\/\\\/motorista.com.br\\\/noticias\\\/wp-content\\\/uploads\\\/2026\\\/08\\\/ID-CL-1000-px-x-830-px-Miebach.png\",\"width\":1000,\"height\":821},{\"@type\":\"BreadcrumbList\",\"@id\":\"https:\\\/\\\/motorista.com.br\\\/noticias\\\/2026\\\/08\\\/31\\\/miebach-observa-desafios-na-cadeia-de-suprimentos-por-custos-e-produtividade\\\/#breadcrumb\",\"itemListElement\":[{\"@type\":\"ListItem\",\"position\":1,\"name\":\"In\u00edcio\",\"item\":\"https:\\\/\\\/motorista.com.br\\\/noticias\\\/\"},{\"@type\":\"ListItem\",\"position\":2,\"name\":\"Miebach observa desafios na cadeia de suprimentos por custos e produtividade.\"}]},{\"@type\":\"WebSite\",\"@id\":\"https:\\\/\\\/motorista.com.br\\\/noticias\\\/#website\",\"url\":\"https:\\\/\\\/motorista.com.br\\\/noticias\\\/\",\"name\":\"Motorista.com.br\",\"description\":\"Not\u00edcia do Motorista\",\"publisher\":{\"@id\":\"https:\\\/\\\/motorista.com.br\\\/noticias\\\/#organization\"},\"potentialAction\":[{\"@type\":\"SearchAction\",\"target\":{\"@type\":\"EntryPoint\",\"urlTemplate\":\"https:\\\/\\\/motorista.com.br\\\/noticias\\\/?s={search_term_string}\"},\"query-input\":{\"@type\":\"PropertyValueSpecification\",\"valueRequired\":true,\"valueName\":\"search_term_string\"}}],\"inLanguage\":\"pt-BR\"},{\"@type\":\"Organization\",\"@id\":\"https:\\\/\\\/motorista.com.br\\\/noticias\\\/#organization\",\"name\":\"Motorista.com.br\",\"url\":\"https:\\\/\\\/motorista.com.br\\\/noticias\\\/\",\"logo\":{\"@type\":\"ImageObject\",\"inLanguage\":\"pt-BR\",\"@id\":\"https:\\\/\\\/motorista.com.br\\\/noticias\\\/#\\\/schema\\\/logo\\\/image\\\/\",\"url\":\"https:\\\/\\\/motorista.com.br\\\/noticias\\\/wp-content\\\/uploads\\\/2025\\\/06\\\/Design-sem-nome-9.png\",\"contentUrl\":\"https:\\\/\\\/motorista.com.br\\\/noticias\\\/wp-content\\\/uploads\\\/2025\\\/06\\\/Design-sem-nome-9.png\",\"width\":150,\"height\":85,\"caption\":\"Motorista.com.br\"},\"image\":{\"@id\":\"https:\\\/\\\/motorista.com.br\\\/noticias\\\/#\\\/schema\\\/logo\\\/image\\\/\"}},{\"@type\":\"Person\",\"@id\":\"https:\\\/\\\/motorista.com.br\\\/noticias\\\/#\\\/schema\\\/person\\\/dc93afc2981c0e3ce6bc3c053fd847be\",\"name\":\"Equipe Reda\u00e7\u00e3o\",\"image\":{\"@type\":\"ImageObject\",\"inLanguage\":\"pt-BR\",\"@id\":\"https:\\\/\\\/secure.gravatar.com\\\/avatar\\\/4f525efbf18dd2bb300ccad28bfb99d95a9465a5ba268407c8c37b37e1f28d2d?s=96&d=mm&r=g9e099043a0c61e9ae27e293b9fa75ffc\",\"url\":\"https:\\\/\\\/secure.gravatar.com\\\/avatar\\\/4f525efbf18dd2bb300ccad28bfb99d95a9465a5ba268407c8c37b37e1f28d2d?s=96&d=mm&r=g\",\"contentUrl\":\"https:\\\/\\\/secure.gravatar.com\\\/avatar\\\/4f525efbf18dd2bb300ccad28bfb99d95a9465a5ba268407c8c37b37e1f28d2d?s=96&d=mm&r=g\",\"caption\":\"Equipe Reda\u00e7\u00e3o\"},\"description\":\"Equipe de reda\u00e7\u00e3o \u00e9 um grupo de profissionais que trabalham juntos para criar conte\u00fado escrito para Motorista.com.br\",\"url\":\"https:\\\/\\\/motorista.com.br\\\/noticias\\\/author\\\/equiperedacao\\\/\"}]}<\/script>\n<!-- \/ Yoast SEO Premium plugin. -->","yoast_head_json":{"title":"Miebach observa desafios na cadeia de suprimentos por custos e produtividade. - Motorista.com.br","robots":{"index":"index","follow":"follow","max-snippet":"max-snippet:-1","max-image-preview":"max-image-preview:large","max-video-preview":"max-video-preview:-1"},"canonical":"https:\/\/motorista.com.br\/noticias\/2026\/08\/31\/miebach-observa-desafios-na-cadeia-de-suprimentos-por-custos-e-produtividade\/","og_locale":"pt_BR","og_type":"article","og_title":"Miebach observa desafios na cadeia de suprimentos por custos e produtividade.","og_description":"Miebach v\u00ea suprimento sob press\u00e3o de custos, produtividade e resili\u00eancia A Miebach Consulting aponta uma s\u00e9rie de press\u00f5es que impactam as cadeias de suprimentos no Brasil, destacando a complexidade da malha log\u00edstica, a depend\u00eancia do transporte rodovi\u00e1rio, os gargalos de infraestrutura, a volatilidade da demanda e a necessidade por maior visibilidade nas opera\u00e7\u00f5es. Essas quest\u00f5es, &hellip;","og_url":"https:\/\/motorista.com.br\/noticias\/2026\/08\/31\/miebach-observa-desafios-na-cadeia-de-suprimentos-por-custos-e-produtividade\/","og_site_name":"Motorista.com.br","article_published_time":"2026-08-31T05:57:00+00:00","author":"Equipe Reda\u00e7\u00e3o","twitter_card":"summary_large_image","twitter_misc":{"Escrito por":"Equipe Reda\u00e7\u00e3o","Est. tempo de leitura":"2 minutos","Written by":"Equipe Reda\u00e7\u00e3o"},"schema":{"@context":"https:\/\/schema.org","@graph":[{"@type":"Article","@id":"https:\/\/motorista.com.br\/noticias\/2026\/08\/31\/miebach-observa-desafios-na-cadeia-de-suprimentos-por-custos-e-produtividade\/#article","isPartOf":{"@id":"https:\/\/motorista.com.br\/noticias\/2026\/08\/31\/miebach-observa-desafios-na-cadeia-de-suprimentos-por-custos-e-produtividade\/"},"author":{"name":"Equipe Reda\u00e7\u00e3o","@id":"https:\/\/motorista.com.br\/noticias\/#\/schema\/person\/dc93afc2981c0e3ce6bc3c053fd847be"},"headline":"Miebach observa desafios na cadeia de suprimentos por custos e produtividade.","datePublished":"2026-08-31T05:57:00+00:00","mainEntityOfPage":{"@id":"https:\/\/motorista.com.br\/noticias\/2026\/08\/31\/miebach-observa-desafios-na-cadeia-de-suprimentos-por-custos-e-produtividade\/"},"wordCount":468,"publisher":{"@id":"https:\/\/motorista.com.br\/noticias\/#organization"},"image":{"@id":"https:\/\/motorista.com.br\/noticias\/2026\/08\/31\/miebach-observa-desafios-na-cadeia-de-suprimentos-por-custos-e-produtividade\/#primaryimage"},"thumbnailUrl":"https:\/\/motorista.com.br\/noticias\/wp-content\/uploads\/2026\/08\/ID-CL-1000-px-x-830-px-Miebach.png","articleSection":["Log\u00edstica"],"inLanguage":"pt-BR"},{"@type":"WebPage","@id":"https:\/\/motorista.com.br\/noticias\/2026\/08\/31\/miebach-observa-desafios-na-cadeia-de-suprimentos-por-custos-e-produtividade\/","url":"https:\/\/motorista.com.br\/noticias\/2026\/08\/31\/miebach-observa-desafios-na-cadeia-de-suprimentos-por-custos-e-produtividade\/","name":"Miebach observa desafios na cadeia de suprimentos por custos e produtividade. - Motorista.com.br","isPartOf":{"@id":"https:\/\/motorista.com.br\/noticias\/#website"},"primaryImageOfPage":{"@id":"https:\/\/motorista.com.br\/noticias\/2026\/08\/31\/miebach-observa-desafios-na-cadeia-de-suprimentos-por-custos-e-produtividade\/#primaryimage"},"image":{"@id":"https:\/\/motorista.com.br\/noticias\/2026\/08\/31\/miebach-observa-desafios-na-cadeia-de-suprimentos-por-custos-e-produtividade\/#primaryimage"},"thumbnailUrl":"https:\/\/motorista.com.br\/noticias\/wp-content\/uploads\/2026\/08\/ID-CL-1000-px-x-830-px-Miebach.png","datePublished":"2026-08-31T05:57:00+00:00","breadcrumb":{"@id":"https:\/\/motorista.com.br\/noticias\/2026\/08\/31\/miebach-observa-desafios-na-cadeia-de-suprimentos-por-custos-e-produtividade\/#breadcrumb"},"inLanguage":"pt-BR","potentialAction":[{"@type":"ReadAction","target":["https:\/\/motorista.com.br\/noticias\/2026\/08\/31\/miebach-observa-desafios-na-cadeia-de-suprimentos-por-custos-e-produtividade\/"]}]},{"@type":"ImageObject","inLanguage":"pt-BR","@id":"https:\/\/motorista.com.br\/noticias\/2026\/08\/31\/miebach-observa-desafios-na-cadeia-de-suprimentos-por-custos-e-produtividade\/#primaryimage","url":"https:\/\/motorista.com.br\/noticias\/wp-content\/uploads\/2026\/08\/ID-CL-1000-px-x-830-px-Miebach.png","contentUrl":"https:\/\/motorista.com.br\/noticias\/wp-content\/uploads\/2026\/08\/ID-CL-1000-px-x-830-px-Miebach.png","width":1000,"height":821},{"@type":"BreadcrumbList","@id":"https:\/\/motorista.com.br\/noticias\/2026\/08\/31\/miebach-observa-desafios-na-cadeia-de-suprimentos-por-custos-e-produtividade\/#breadcrumb","itemListElement":[{"@type":"ListItem","position":1,"name":"In\u00edcio","item":"https:\/\/motorista.com.br\/noticias\/"},{"@type":"ListItem","position":2,"name":"Miebach observa desafios na cadeia de suprimentos por custos e produtividade."}]},{"@type":"WebSite","@id":"https:\/\/motorista.com.br\/noticias\/#website","url":"https:\/\/motorista.com.br\/noticias\/","name":"Motorista.com.br","description":"Not\u00edcia do Motorista","publisher":{"@id":"https:\/\/motorista.com.br\/noticias\/#organization"},"potentialAction":[{"@type":"SearchAction","target":{"@type":"EntryPoint","urlTemplate":"https:\/\/motorista.com.br\/noticias\/?s={search_term_string}"},"query-input":{"@type":"PropertyValueSpecification","valueRequired":true,"valueName":"search_term_string"}}],"inLanguage":"pt-BR"},{"@type":"Organization","@id":"https:\/\/motorista.com.br\/noticias\/#organization","name":"Motorista.com.br","url":"https:\/\/motorista.com.br\/noticias\/","logo":{"@type":"ImageObject","inLanguage":"pt-BR","@id":"https:\/\/motorista.com.br\/noticias\/#\/schema\/logo\/image\/","url":"https:\/\/motorista.com.br\/noticias\/wp-content\/uploads\/2025\/06\/Design-sem-nome-9.png","contentUrl":"https:\/\/motorista.com.br\/noticias\/wp-content\/uploads\/2025\/06\/Design-sem-nome-9.png","width":150,"height":85,"caption":"Motorista.com.br"},"image":{"@id":"https:\/\/motorista.com.br\/noticias\/#\/schema\/logo\/image\/"}},{"@type":"Person","@id":"https:\/\/motorista.com.br\/noticias\/#\/schema\/person\/dc93afc2981c0e3ce6bc3c053fd847be","name":"Equipe Reda\u00e7\u00e3o","image":{"@type":"ImageObject","inLanguage":"pt-BR","@id":"https:\/\/secure.gravatar.com\/avatar\/4f525efbf18dd2bb300ccad28bfb99d95a9465a5ba268407c8c37b37e1f28d2d?s=96&d=mm&r=g9e099043a0c61e9ae27e293b9fa75ffc","url":"https:\/\/secure.gravatar.com\/avatar\/4f525efbf18dd2bb300ccad28bfb99d95a9465a5ba268407c8c37b37e1f28d2d?s=96&d=mm&r=g","contentUrl":"https:\/\/secure.gravatar.com\/avatar\/4f525efbf18dd2bb300ccad28bfb99d95a9465a5ba268407c8c37b37e1f28d2d?s=96&d=mm&r=g","caption":"Equipe Reda\u00e7\u00e3o"},"description":"Equipe de reda\u00e7\u00e3o \u00e9 um grupo de profissionais que trabalham juntos para criar conte\u00fado escrito para Motorista.com.br","url":"https:\/\/motorista.com.br\/noticias\/author\/equiperedacao\/"}]}},"_links":{"self":[{"href":"https:\/\/motorista.com.br\/noticias\/wp-json\/wp\/v2\/posts\/14136","targetHints":{"allow":["GET"]}}],"collection":[{"href":"https:\/\/motorista.com.br\/noticias\/wp-json\/wp\/v2\/posts"}],"about":[{"href":"https:\/\/motorista.com.br\/noticias\/wp-json\/wp\/v2\/types\/post"}],"author":[{"embeddable":true,"href":"https:\/\/motorista.com.br\/noticias\/wp-json\/wp\/v2\/users\/4"}],"replies":[{"embeddable":true,"href":"https:\/\/motorista.com.br\/noticias\/wp-json\/wp\/v2\/comments?post=14136"}],"version-history":[{"count":0,"href":"https:\/\/motorista.com.br\/noticias\/wp-json\/wp\/v2\/posts\/14136\/revisions"}],"wp:featuredmedia":[{"embeddable":true,"href":"https:\/\/motorista.com.br\/noticias\/wp-json\/wp\/v2\/media\/14137"}],"wp:attachment":[{"href":"https:\/\/motorista.com.br\/noticias\/wp-json\/wp\/v2\/media?parent=14136"}],"wp:term":[{"taxonomy":"category","embeddable":true,"href":"https:\/\/motorista.com.br\/noticias\/wp-json\/wp\/v2\/categories?post=14136"},{"taxonomy":"post_tag","embeddable":true,"href":"https:\/\/motorista.com.br\/noticias\/wp-json\/wp\/v2\/tags?post=14136"},{"taxonomy":"author","embeddable":true,"href":"https:\/\/motorista.com.br\/noticias\/wp-json\/wp\/v2\/coauthors?post=14136"}],"curies":[{"name":"wp","href":"https:\/\/api.w.org\/{rel}","templated":true}]}}