{"id":14134,"date":"2026-08-30T23:15:15","date_gmt":"2026-08-31T02:15:15","guid":{"rendered":"https:\/\/motorista.com.br\/noticias\/2026\/08\/30\/furtos-em-radares-de-velocidade-ladroes-visam-pecas-eletronicas\/"},"modified":"2026-08-30T23:15:15","modified_gmt":"2026-08-31T02:15:15","slug":"furtos-em-radares-de-velocidade-ladroes-visam-pecas-eletronicas","status":"publish","type":"post","link":"https:\/\/motorista.com.br\/noticias\/2026\/08\/30\/furtos-em-radares-de-velocidade-ladroes-visam-pecas-eletronicas\/","title":{"rendered":"Furtos em radares de velocidade: ladr\u00f5es visam pe\u00e7as eletr\u00f4nicas."},"content":{"rendered":"<p><\/p>\n<h3>Radares de velocidade viram alvo de furtos e pe\u00e7as eletr\u00f4nicas chamam aten\u00e7\u00e3o de ladr\u00f5es<\/h3>\n<p>Os radares instalados em ruas e rodovias n\u00e3o atraem apenas a aten\u00e7\u00e3o dos motoristas; eles tamb\u00e9m se tornam alvos de criminosos em busca de pe\u00e7as eletr\u00f4nicas que podem ser retiradas dos equipamentos. Componentes como c\u00e2meras, placas eletr\u00f4nicas, cabos e baterias s\u00e3o parte integrante dessas estruturas, sendo alguns deles de maior valor e suscet\u00edveis \u00e0 revenda ilegal.<\/p>\n<p>Esse problema vai al\u00e9m do preju\u00edzo financeiro causado pela destrui\u00e7\u00e3o ou furto dos equipamentos. Quando um radar \u00e9 danificado, a fiscaliza\u00e7\u00e3o de velocidade no local pode ficar temporariamente comprometida at\u00e9 que a manuten\u00e7\u00e3o ou substitui\u00e7\u00e3o seja realizada. Isso gera um impacto direto na mobilidade urbana, pois pode levar ao aumento das infra\u00e7\u00f5es de tr\u00e2nsito e colocar em risco a seguran\u00e7a dos motoristas e pedestres.<\/p>\n<p>Al\u00e9m dos danos diretos, a presen\u00e7a do equipamento danificado pode criar uma falsa sensa\u00e7\u00e3o de impunidade para alguns motoristas, que podem acreditar erroneamente que o limite de velocidade n\u00e3o \u00e9 mais aplic\u00e1vel naquela via. Contudo, \u00e9 importante ressaltar que os limites de velocidade permanecem v\u00e1lidos, independentemente da condi\u00e7\u00e3o funcional dos radares. Esta percep\u00e7\u00e3o equivocada pode contribuir para um aumento da velocidade, resultando em acidentes e comprometendo a seguran\u00e7a rodovi\u00e1ria.<\/p>\n<p>Outro aspecto relevante \u00e9 que a retirada de pe\u00e7as pode desencadear a necessidade de a\u00e7\u00f5es policiais. O C\u00f3digo Penal brasileiro considera a subtra\u00e7\u00e3o de bens alheios como furto, com penas que podem variar entre 1 a 6 anos, al\u00e9m de multa. Isso ressalta a seriedade da quest\u00e3o e a import\u00e2ncia da preserva\u00e7\u00e3o do patrim\u00f4nio p\u00fablico, que impacta diretamente na fiscaliza\u00e7\u00e3o e no controle das vias.<\/p>\n<p>Quando um radar \u00e9 encontrado em estado de funcionamento irregular, cabe ao \u00f3rg\u00e3o respons\u00e1vel avaliar os danos e providenciar os reparos necess\u00e1rios para que a fiscaliza\u00e7\u00e3o seja restabelecida. Essa a\u00e7\u00e3o n\u00e3o apenas recupera a funcionalidade do sistema, mas tamb\u00e9m refor\u00e7a a import\u00e2ncia da obedi\u00eancia \u00e0s normas de tr\u00e2nsito, promovendo uma mobilidade mais segura e eficiente para todos.<\/p>\n<p>A continuidade da fiscaliza\u00e7\u00e3o \u00e9 crucial para garantir a seguran\u00e7a nas vias urbanas e rodovi\u00e1rias, lembrando aos motoristas a import\u00e2ncia de respeitar os limites de velocidade e, assim, contribuindo para um tr\u00e2nsito mais seguro e harmonioso.<\/p>\n<p><strong>Fonte: brasildotrecho<\/strong><\/p>\n","protected":false},"excerpt":{"rendered":"<p>Radares de velocidade viram alvo de furtos e pe\u00e7as eletr\u00f4nicas chamam aten\u00e7\u00e3o de ladr\u00f5es Os radares instalados em ruas e rodovias n\u00e3o atraem apenas a aten\u00e7\u00e3o dos motoristas; eles tamb\u00e9m se tornam alvos de criminosos em busca de pe\u00e7as eletr\u00f4nicas que podem ser retiradas dos equipamentos. Componentes como c\u00e2meras, placas eletr\u00f4nicas, cabos e baterias s\u00e3o &hellip;<\/p>\n","protected":false},"author":4,"featured_media":14135,"comment_status":"","ping_status":"open","sticky":false,"template":"","format":"standard","meta":{"footnotes":""},"categories":[77],"tags":[],"coauthors":[42],"class_list":["post-14134","post","type-post","status-publish","format-standard","has-post-thumbnail","hentry","category-motorista"],"yoast_head":"<!-- This site is optimized with the Yoast SEO Premium plugin v27.6.1 (Yoast SEO v28.3) - https:\/\/yoast.com\/product\/yoast-seo-premium-wordpress\/ -->\n<title>Furtos em radares de velocidade: ladr\u00f5es visam pe\u00e7as eletr\u00f4nicas. - Motorista.com.br<\/title>\n<meta name=\"robots\" content=\"index, follow, max-snippet:-1, max-image-preview:large, max-video-preview:-1\" \/>\n<link rel=\"canonical\" href=\"https:\/\/motorista.com.br\/noticias\/2026\/08\/30\/furtos-em-radares-de-velocidade-ladroes-visam-pecas-eletronicas\/\" \/>\n<meta property=\"og:locale\" content=\"pt_BR\" \/>\n<meta property=\"og:type\" content=\"article\" \/>\n<meta property=\"og:title\" content=\"Furtos em radares de velocidade: ladr\u00f5es visam pe\u00e7as eletr\u00f4nicas.\" \/>\n<meta property=\"og:description\" content=\"Radares de velocidade viram alvo de furtos e pe\u00e7as eletr\u00f4nicas chamam aten\u00e7\u00e3o de ladr\u00f5es Os radares instalados em ruas e rodovias n\u00e3o atraem apenas a aten\u00e7\u00e3o dos motoristas; eles tamb\u00e9m se tornam alvos de criminosos em busca de pe\u00e7as eletr\u00f4nicas que podem ser retiradas dos equipamentos. Componentes como c\u00e2meras, placas eletr\u00f4nicas, cabos e baterias s\u00e3o &hellip;\" \/>\n<meta property=\"og:url\" content=\"https:\/\/motorista.com.br\/noticias\/2026\/08\/30\/furtos-em-radares-de-velocidade-ladroes-visam-pecas-eletronicas\/\" \/>\n<meta property=\"og:site_name\" content=\"Motorista.com.br\" \/>\n<meta property=\"article:published_time\" content=\"2026-08-31T02:15:15+00:00\" \/>\n<meta name=\"author\" content=\"Equipe Reda\u00e7\u00e3o\" \/>\n<meta name=\"twitter:card\" content=\"summary_large_image\" \/>\n<meta name=\"twitter:label1\" content=\"Escrito por\" \/>\n\t<meta name=\"twitter:data1\" content=\"Equipe Reda\u00e7\u00e3o\" \/>\n\t<meta name=\"twitter:label2\" content=\"Est. tempo de leitura\" \/>\n\t<meta name=\"twitter:data2\" content=\"2 minutos\" \/>\n\t<meta name=\"twitter:label3\" content=\"Written by\" \/>\n\t<meta name=\"twitter:data3\" content=\"Equipe Reda\u00e7\u00e3o\" \/>\n<script type=\"application\/ld+json\" class=\"yoast-schema-graph\">{\"@context\":\"https:\\\/\\\/schema.org\",\"@graph\":[{\"@type\":\"Article\",\"@id\":\"https:\\\/\\\/motorista.com.br\\\/noticias\\\/2026\\\/08\\\/30\\\/furtos-em-radares-de-velocidade-ladroes-visam-pecas-eletronicas\\\/#article\",\"isPartOf\":{\"@id\":\"https:\\\/\\\/motorista.com.br\\\/noticias\\\/2026\\\/08\\\/30\\\/furtos-em-radares-de-velocidade-ladroes-visam-pecas-eletronicas\\\/\"},\"author\":{\"name\":\"Equipe Reda\u00e7\u00e3o\",\"@id\":\"https:\\\/\\\/motorista.com.br\\\/noticias\\\/#\\\/schema\\\/person\\\/dc93afc2981c0e3ce6bc3c053fd847be\"},\"headline\":\"Furtos em radares de velocidade: ladr\u00f5es visam pe\u00e7as eletr\u00f4nicas.\",\"datePublished\":\"2026-08-31T02:15:15+00:00\",\"mainEntityOfPage\":{\"@id\":\"https:\\\/\\\/motorista.com.br\\\/noticias\\\/2026\\\/08\\\/30\\\/furtos-em-radares-de-velocidade-ladroes-visam-pecas-eletronicas\\\/\"},\"wordCount\":425,\"publisher\":{\"@id\":\"https:\\\/\\\/motorista.com.br\\\/noticias\\\/#organization\"},\"image\":{\"@id\":\"https:\\\/\\\/motorista.com.br\\\/noticias\\\/2026\\\/08\\\/30\\\/furtos-em-radares-de-velocidade-ladroes-visam-pecas-eletronicas\\\/#primaryimage\"},\"thumbnailUrl\":\"https:\\\/\\\/motorista.com.br\\\/noticias\\\/wp-content\\\/uploads\\\/2026\\\/08\\\/Radares-de-velocidade-viram-alvo-de-furtos-e-pecas-eletronicas-chamam-atencao-de-ladroes.jpg\",\"articleSection\":[\"Motorista\"],\"inLanguage\":\"pt-BR\"},{\"@type\":\"WebPage\",\"@id\":\"https:\\\/\\\/motorista.com.br\\\/noticias\\\/2026\\\/08\\\/30\\\/furtos-em-radares-de-velocidade-ladroes-visam-pecas-eletronicas\\\/\",\"url\":\"https:\\\/\\\/motorista.com.br\\\/noticias\\\/2026\\\/08\\\/30\\\/furtos-em-radares-de-velocidade-ladroes-visam-pecas-eletronicas\\\/\",\"name\":\"Furtos em radares de velocidade: ladr\u00f5es visam pe\u00e7as eletr\u00f4nicas. - Motorista.com.br\",\"isPartOf\":{\"@id\":\"https:\\\/\\\/motorista.com.br\\\/noticias\\\/#website\"},\"primaryImageOfPage\":{\"@id\":\"https:\\\/\\\/motorista.com.br\\\/noticias\\\/2026\\\/08\\\/30\\\/furtos-em-radares-de-velocidade-ladroes-visam-pecas-eletronicas\\\/#primaryimage\"},\"image\":{\"@id\":\"https:\\\/\\\/motorista.com.br\\\/noticias\\\/2026\\\/08\\\/30\\\/furtos-em-radares-de-velocidade-ladroes-visam-pecas-eletronicas\\\/#primaryimage\"},\"thumbnailUrl\":\"https:\\\/\\\/motorista.com.br\\\/noticias\\\/wp-content\\\/uploads\\\/2026\\\/08\\\/Radares-de-velocidade-viram-alvo-de-furtos-e-pecas-eletronicas-chamam-atencao-de-ladroes.jpg\",\"datePublished\":\"2026-08-31T02:15:15+00:00\",\"breadcrumb\":{\"@id\":\"https:\\\/\\\/motorista.com.br\\\/noticias\\\/2026\\\/08\\\/30\\\/furtos-em-radares-de-velocidade-ladroes-visam-pecas-eletronicas\\\/#breadcrumb\"},\"inLanguage\":\"pt-BR\",\"potentialAction\":[{\"@type\":\"ReadAction\",\"target\":[\"https:\\\/\\\/motorista.com.br\\\/noticias\\\/2026\\\/08\\\/30\\\/furtos-em-radares-de-velocidade-ladroes-visam-pecas-eletronicas\\\/\"]}]},{\"@type\":\"ImageObject\",\"inLanguage\":\"pt-BR\",\"@id\":\"https:\\\/\\\/motorista.com.br\\\/noticias\\\/2026\\\/08\\\/30\\\/furtos-em-radares-de-velocidade-ladroes-visam-pecas-eletronicas\\\/#primaryimage\",\"url\":\"https:\\\/\\\/motorista.com.br\\\/noticias\\\/wp-content\\\/uploads\\\/2026\\\/08\\\/Radares-de-velocidade-viram-alvo-de-furtos-e-pecas-eletronicas-chamam-atencao-de-ladroes.jpg\",\"contentUrl\":\"https:\\\/\\\/motorista.com.br\\\/noticias\\\/wp-content\\\/uploads\\\/2026\\\/08\\\/Radares-de-velocidade-viram-alvo-de-furtos-e-pecas-eletronicas-chamam-atencao-de-ladroes.jpg\",\"width\":1280,\"height\":720},{\"@type\":\"BreadcrumbList\",\"@id\":\"https:\\\/\\\/motorista.com.br\\\/noticias\\\/2026\\\/08\\\/30\\\/furtos-em-radares-de-velocidade-ladroes-visam-pecas-eletronicas\\\/#breadcrumb\",\"itemListElement\":[{\"@type\":\"ListItem\",\"position\":1,\"name\":\"In\u00edcio\",\"item\":\"https:\\\/\\\/motorista.com.br\\\/noticias\\\/\"},{\"@type\":\"ListItem\",\"position\":2,\"name\":\"Furtos em radares de velocidade: ladr\u00f5es visam pe\u00e7as eletr\u00f4nicas.\"}]},{\"@type\":\"WebSite\",\"@id\":\"https:\\\/\\\/motorista.com.br\\\/noticias\\\/#website\",\"url\":\"https:\\\/\\\/motorista.com.br\\\/noticias\\\/\",\"name\":\"Motorista.com.br\",\"description\":\"Not\u00edcia do Motorista\",\"publisher\":{\"@id\":\"https:\\\/\\\/motorista.com.br\\\/noticias\\\/#organization\"},\"potentialAction\":[{\"@type\":\"SearchAction\",\"target\":{\"@type\":\"EntryPoint\",\"urlTemplate\":\"https:\\\/\\\/motorista.com.br\\\/noticias\\\/?s={search_term_string}\"},\"query-input\":{\"@type\":\"PropertyValueSpecification\",\"valueRequired\":true,\"valueName\":\"search_term_string\"}}],\"inLanguage\":\"pt-BR\"},{\"@type\":\"Organization\",\"@id\":\"https:\\\/\\\/motorista.com.br\\\/noticias\\\/#organization\",\"name\":\"Motorista.com.br\",\"url\":\"https:\\\/\\\/motorista.com.br\\\/noticias\\\/\",\"logo\":{\"@type\":\"ImageObject\",\"inLanguage\":\"pt-BR\",\"@id\":\"https:\\\/\\\/motorista.com.br\\\/noticias\\\/#\\\/schema\\\/logo\\\/image\\\/\",\"url\":\"https:\\\/\\\/motorista.com.br\\\/noticias\\\/wp-content\\\/uploads\\\/2025\\\/06\\\/Design-sem-nome-9.png\",\"contentUrl\":\"https:\\\/\\\/motorista.com.br\\\/noticias\\\/wp-content\\\/uploads\\\/2025\\\/06\\\/Design-sem-nome-9.png\",\"width\":150,\"height\":85,\"caption\":\"Motorista.com.br\"},\"image\":{\"@id\":\"https:\\\/\\\/motorista.com.br\\\/noticias\\\/#\\\/schema\\\/logo\\\/image\\\/\"}},{\"@type\":\"Person\",\"@id\":\"https:\\\/\\\/motorista.com.br\\\/noticias\\\/#\\\/schema\\\/person\\\/dc93afc2981c0e3ce6bc3c053fd847be\",\"name\":\"Equipe Reda\u00e7\u00e3o\",\"image\":{\"@type\":\"ImageObject\",\"inLanguage\":\"pt-BR\",\"@id\":\"https:\\\/\\\/secure.gravatar.com\\\/avatar\\\/4f525efbf18dd2bb300ccad28bfb99d95a9465a5ba268407c8c37b37e1f28d2d?s=96&d=mm&r=g9e099043a0c61e9ae27e293b9fa75ffc\",\"url\":\"https:\\\/\\\/secure.gravatar.com\\\/avatar\\\/4f525efbf18dd2bb300ccad28bfb99d95a9465a5ba268407c8c37b37e1f28d2d?s=96&d=mm&r=g\",\"contentUrl\":\"https:\\\/\\\/secure.gravatar.com\\\/avatar\\\/4f525efbf18dd2bb300ccad28bfb99d95a9465a5ba268407c8c37b37e1f28d2d?s=96&d=mm&r=g\",\"caption\":\"Equipe Reda\u00e7\u00e3o\"},\"description\":\"Equipe de reda\u00e7\u00e3o \u00e9 um grupo de profissionais que trabalham juntos para criar conte\u00fado escrito para Motorista.com.br\",\"url\":\"https:\\\/\\\/motorista.com.br\\\/noticias\\\/author\\\/equiperedacao\\\/\"}]}<\/script>\n<!-- \/ Yoast SEO Premium plugin. -->","yoast_head_json":{"title":"Furtos em radares de velocidade: ladr\u00f5es visam pe\u00e7as eletr\u00f4nicas. - Motorista.com.br","robots":{"index":"index","follow":"follow","max-snippet":"max-snippet:-1","max-image-preview":"max-image-preview:large","max-video-preview":"max-video-preview:-1"},"canonical":"https:\/\/motorista.com.br\/noticias\/2026\/08\/30\/furtos-em-radares-de-velocidade-ladroes-visam-pecas-eletronicas\/","og_locale":"pt_BR","og_type":"article","og_title":"Furtos em radares de velocidade: ladr\u00f5es visam pe\u00e7as eletr\u00f4nicas.","og_description":"Radares de velocidade viram alvo de furtos e pe\u00e7as eletr\u00f4nicas chamam aten\u00e7\u00e3o de ladr\u00f5es Os radares instalados em ruas e rodovias n\u00e3o atraem apenas a aten\u00e7\u00e3o dos motoristas; eles tamb\u00e9m se tornam alvos de criminosos em busca de pe\u00e7as eletr\u00f4nicas que podem ser retiradas dos equipamentos. Componentes como c\u00e2meras, placas eletr\u00f4nicas, cabos e baterias s\u00e3o &hellip;","og_url":"https:\/\/motorista.com.br\/noticias\/2026\/08\/30\/furtos-em-radares-de-velocidade-ladroes-visam-pecas-eletronicas\/","og_site_name":"Motorista.com.br","article_published_time":"2026-08-31T02:15:15+00:00","author":"Equipe Reda\u00e7\u00e3o","twitter_card":"summary_large_image","twitter_misc":{"Escrito por":"Equipe Reda\u00e7\u00e3o","Est. tempo de leitura":"2 minutos","Written by":"Equipe Reda\u00e7\u00e3o"},"schema":{"@context":"https:\/\/schema.org","@graph":[{"@type":"Article","@id":"https:\/\/motorista.com.br\/noticias\/2026\/08\/30\/furtos-em-radares-de-velocidade-ladroes-visam-pecas-eletronicas\/#article","isPartOf":{"@id":"https:\/\/motorista.com.br\/noticias\/2026\/08\/30\/furtos-em-radares-de-velocidade-ladroes-visam-pecas-eletronicas\/"},"author":{"name":"Equipe Reda\u00e7\u00e3o","@id":"https:\/\/motorista.com.br\/noticias\/#\/schema\/person\/dc93afc2981c0e3ce6bc3c053fd847be"},"headline":"Furtos em radares de velocidade: ladr\u00f5es visam pe\u00e7as eletr\u00f4nicas.","datePublished":"2026-08-31T02:15:15+00:00","mainEntityOfPage":{"@id":"https:\/\/motorista.com.br\/noticias\/2026\/08\/30\/furtos-em-radares-de-velocidade-ladroes-visam-pecas-eletronicas\/"},"wordCount":425,"publisher":{"@id":"https:\/\/motorista.com.br\/noticias\/#organization"},"image":{"@id":"https:\/\/motorista.com.br\/noticias\/2026\/08\/30\/furtos-em-radares-de-velocidade-ladroes-visam-pecas-eletronicas\/#primaryimage"},"thumbnailUrl":"https:\/\/motorista.com.br\/noticias\/wp-content\/uploads\/2026\/08\/Radares-de-velocidade-viram-alvo-de-furtos-e-pecas-eletronicas-chamam-atencao-de-ladroes.jpg","articleSection":["Motorista"],"inLanguage":"pt-BR"},{"@type":"WebPage","@id":"https:\/\/motorista.com.br\/noticias\/2026\/08\/30\/furtos-em-radares-de-velocidade-ladroes-visam-pecas-eletronicas\/","url":"https:\/\/motorista.com.br\/noticias\/2026\/08\/30\/furtos-em-radares-de-velocidade-ladroes-visam-pecas-eletronicas\/","name":"Furtos em radares de velocidade: ladr\u00f5es visam pe\u00e7as eletr\u00f4nicas. - Motorista.com.br","isPartOf":{"@id":"https:\/\/motorista.com.br\/noticias\/#website"},"primaryImageOfPage":{"@id":"https:\/\/motorista.com.br\/noticias\/2026\/08\/30\/furtos-em-radares-de-velocidade-ladroes-visam-pecas-eletronicas\/#primaryimage"},"image":{"@id":"https:\/\/motorista.com.br\/noticias\/2026\/08\/30\/furtos-em-radares-de-velocidade-ladroes-visam-pecas-eletronicas\/#primaryimage"},"thumbnailUrl":"https:\/\/motorista.com.br\/noticias\/wp-content\/uploads\/2026\/08\/Radares-de-velocidade-viram-alvo-de-furtos-e-pecas-eletronicas-chamam-atencao-de-ladroes.jpg","datePublished":"2026-08-31T02:15:15+00:00","breadcrumb":{"@id":"https:\/\/motorista.com.br\/noticias\/2026\/08\/30\/furtos-em-radares-de-velocidade-ladroes-visam-pecas-eletronicas\/#breadcrumb"},"inLanguage":"pt-BR","potentialAction":[{"@type":"ReadAction","target":["https:\/\/motorista.com.br\/noticias\/2026\/08\/30\/furtos-em-radares-de-velocidade-ladroes-visam-pecas-eletronicas\/"]}]},{"@type":"ImageObject","inLanguage":"pt-BR","@id":"https:\/\/motorista.com.br\/noticias\/2026\/08\/30\/furtos-em-radares-de-velocidade-ladroes-visam-pecas-eletronicas\/#primaryimage","url":"https:\/\/motorista.com.br\/noticias\/wp-content\/uploads\/2026\/08\/Radares-de-velocidade-viram-alvo-de-furtos-e-pecas-eletronicas-chamam-atencao-de-ladroes.jpg","contentUrl":"https:\/\/motorista.com.br\/noticias\/wp-content\/uploads\/2026\/08\/Radares-de-velocidade-viram-alvo-de-furtos-e-pecas-eletronicas-chamam-atencao-de-ladroes.jpg","width":1280,"height":720},{"@type":"BreadcrumbList","@id":"https:\/\/motorista.com.br\/noticias\/2026\/08\/30\/furtos-em-radares-de-velocidade-ladroes-visam-pecas-eletronicas\/#breadcrumb","itemListElement":[{"@type":"ListItem","position":1,"name":"In\u00edcio","item":"https:\/\/motorista.com.br\/noticias\/"},{"@type":"ListItem","position":2,"name":"Furtos em radares de velocidade: ladr\u00f5es visam pe\u00e7as eletr\u00f4nicas."}]},{"@type":"WebSite","@id":"https:\/\/motorista.com.br\/noticias\/#website","url":"https:\/\/motorista.com.br\/noticias\/","name":"Motorista.com.br","description":"Not\u00edcia do Motorista","publisher":{"@id":"https:\/\/motorista.com.br\/noticias\/#organization"},"potentialAction":[{"@type":"SearchAction","target":{"@type":"EntryPoint","urlTemplate":"https:\/\/motorista.com.br\/noticias\/?s={search_term_string}"},"query-input":{"@type":"PropertyValueSpecification","valueRequired":true,"valueName":"search_term_string"}}],"inLanguage":"pt-BR"},{"@type":"Organization","@id":"https:\/\/motorista.com.br\/noticias\/#organization","name":"Motorista.com.br","url":"https:\/\/motorista.com.br\/noticias\/","logo":{"@type":"ImageObject","inLanguage":"pt-BR","@id":"https:\/\/motorista.com.br\/noticias\/#\/schema\/logo\/image\/","url":"https:\/\/motorista.com.br\/noticias\/wp-content\/uploads\/2025\/06\/Design-sem-nome-9.png","contentUrl":"https:\/\/motorista.com.br\/noticias\/wp-content\/uploads\/2025\/06\/Design-sem-nome-9.png","width":150,"height":85,"caption":"Motorista.com.br"},"image":{"@id":"https:\/\/motorista.com.br\/noticias\/#\/schema\/logo\/image\/"}},{"@type":"Person","@id":"https:\/\/motorista.com.br\/noticias\/#\/schema\/person\/dc93afc2981c0e3ce6bc3c053fd847be","name":"Equipe Reda\u00e7\u00e3o","image":{"@type":"ImageObject","inLanguage":"pt-BR","@id":"https:\/\/secure.gravatar.com\/avatar\/4f525efbf18dd2bb300ccad28bfb99d95a9465a5ba268407c8c37b37e1f28d2d?s=96&d=mm&r=g9e099043a0c61e9ae27e293b9fa75ffc","url":"https:\/\/secure.gravatar.com\/avatar\/4f525efbf18dd2bb300ccad28bfb99d95a9465a5ba268407c8c37b37e1f28d2d?s=96&d=mm&r=g","contentUrl":"https:\/\/secure.gravatar.com\/avatar\/4f525efbf18dd2bb300ccad28bfb99d95a9465a5ba268407c8c37b37e1f28d2d?s=96&d=mm&r=g","caption":"Equipe Reda\u00e7\u00e3o"},"description":"Equipe de reda\u00e7\u00e3o \u00e9 um grupo de profissionais que trabalham juntos para criar conte\u00fado escrito para Motorista.com.br","url":"https:\/\/motorista.com.br\/noticias\/author\/equiperedacao\/"}]}},"_links":{"self":[{"href":"https:\/\/motorista.com.br\/noticias\/wp-json\/wp\/v2\/posts\/14134","targetHints":{"allow":["GET"]}}],"collection":[{"href":"https:\/\/motorista.com.br\/noticias\/wp-json\/wp\/v2\/posts"}],"about":[{"href":"https:\/\/motorista.com.br\/noticias\/wp-json\/wp\/v2\/types\/post"}],"author":[{"embeddable":true,"href":"https:\/\/motorista.com.br\/noticias\/wp-json\/wp\/v2\/users\/4"}],"replies":[{"embeddable":true,"href":"https:\/\/motorista.com.br\/noticias\/wp-json\/wp\/v2\/comments?post=14134"}],"version-history":[{"count":0,"href":"https:\/\/motorista.com.br\/noticias\/wp-json\/wp\/v2\/posts\/14134\/revisions"}],"wp:featuredmedia":[{"embeddable":true,"href":"https:\/\/motorista.com.br\/noticias\/wp-json\/wp\/v2\/media\/14135"}],"wp:attachment":[{"href":"https:\/\/motorista.com.br\/noticias\/wp-json\/wp\/v2\/media?parent=14134"}],"wp:term":[{"taxonomy":"category","embeddable":true,"href":"https:\/\/motorista.com.br\/noticias\/wp-json\/wp\/v2\/categories?post=14134"},{"taxonomy":"post_tag","embeddable":true,"href":"https:\/\/motorista.com.br\/noticias\/wp-json\/wp\/v2\/tags?post=14134"},{"taxonomy":"author","embeddable":true,"href":"https:\/\/motorista.com.br\/noticias\/wp-json\/wp\/v2\/coauthors?post=14134"}],"curies":[{"name":"wp","href":"https:\/\/api.w.org\/{rel}","templated":true}]}}