{"id":14133,"date":"2026-08-30T23:02:53","date_gmt":"2026-08-31T02:02:53","guid":{"rendered":"https:\/\/motorista.com.br\/noticias\/2026\/08\/30\/parana-pode-necessitar-de-acima-de-12-mil-motoristas-com-salario-medio-de-r-3-mil\/"},"modified":"2026-08-30T23:02:53","modified_gmt":"2026-08-31T02:02:53","slug":"parana-pode-necessitar-de-acima-de-12-mil-motoristas-com-salario-medio-de-r-3-mil","status":"publish","type":"post","link":"https:\/\/motorista.com.br\/noticias\/2026\/08\/30\/parana-pode-necessitar-de-acima-de-12-mil-motoristas-com-salario-medio-de-r-3-mil\/","title":{"rendered":"Paran\u00e1 pode necessitar de acima de 12 mil motoristas com sal\u00e1rio m\u00e9dio de R$ 3 mil."},"content":{"rendered":"<p><\/p>\n<h3>Paran\u00e1 pode precisar de mais de 12 mil caminhoneiros e sal\u00e1rio m\u00e9dio de R$ 3 mil<\/h3>\n<p>O Paran\u00e1 enfrenta um cen\u00e1rio desafiador frente \u00e0 car\u00eancia de motoristas de caminh\u00e3o, com a necessidade de mais de <strong>12 mil novos profissionais<\/strong>. Essa situa\u00e7\u00e3o se agrava em um contexto nacional, onde uma aus\u00eancia de aproximadamente 120 mil motoristas \u00e9 esperada at\u00e9 2026. Embora essas cifras n\u00e3o representem necessariamente vagas abertas imediatamente, elas indicam um potencial significativo para o mercado de trabalho e t\u00eam implica\u00e7\u00f5es diretas na mobilidade e na economia do estado.<\/p>\n<p>O Paran\u00e1 destaca-se por ter uma das maiores frotas de caminh\u00f5es do Brasil, com cerca de <strong>388.627 ve\u00edculos registrados<\/strong>. Essa frota representa cerca de 10% do total nacional, tornando evidente a import\u00e2ncia do setor de transporte pesado para a infraestrutura e para a circula\u00e7\u00e3o de mercadorias. A falta de motoristas pode impactar negativamente a cadeia log\u00edstica, resultando em atrasos nas entregas e aumento nos custos de transporte, o que poder\u00e1 repercutir em pre\u00e7os mais altos para o consumidor final.<\/p>\n<p>A pr\u00f3pria din\u00e2mica de forma\u00e7\u00e3o de novos motoristas evidencia essa demanda crescente. Em julho, o SETCEPAR (Sindicato das Empresas de Transporte de Carga do Paran\u00e1) lan\u00e7ou um projeto que visa capacitar novos motoristas. Mais de <strong>150 candidatos<\/strong> se mostraram dispostos a se aprimorar, mesmo j\u00e1 possuindo a CNH de categoria E. Essa iniciativa n\u00e3o s\u00f3 busca suprir a falta de m\u00e3o de obra, como tamb\u00e9m melhora a qualifica\u00e7\u00e3o da for\u00e7a de trabalho, refletindo diretamente na seguran\u00e7a e na efici\u00eancia do transporte.<\/p>\n<p>Al\u00e9m disso, dados do governo indicam que somente em 2026, o estado dever\u00e1 ter <strong>135 vagas<\/strong> abertas para motoristas em rotas regionais e interestaduais, mostrando que o mercado est\u00e1 ativo e em busca de profissionais qualificados. Essa crescente demanda n\u00e3o apenas melhora a mobilidade local, como tamb\u00e9m fortalece a economia paranaense, promovendo um ciclo de investimentos e crescimento.<\/p>\n<p>Os sal\u00e1rios no setor tamb\u00e9m s\u00e3o um atrativo, com a m\u00e9dia de <strong>R$ 2.948<\/strong> e a mediana em <strong>R$ 3.013<\/strong>. Para motoristas que conduzem ve\u00edculos de maior porte, os valores s\u00e3o ainda mais elevados, com conven\u00e7\u00f5es coletivas estabelecendo pisos salariais ao redor de <strong>R$ 3.712<\/strong>. Esses n\u00fameros evidenciam que a profiss\u00e3o pode ser uma oportunidade interessante para muitos, contribuindo para a reten\u00e7\u00e3o de talentos e aliviando a press\u00e3o sobre a administra\u00e7\u00e3o p\u00fablica em busca de uma solu\u00e7\u00e3o para a defici\u00eancia de motoristas.<\/p>\n<p>A falta de motoristas qualificados \u00e9 particularmente percept\u00edvel em segmentos vitais como o agroneg\u00f3cio. No Norte do Paran\u00e1, essa escassez se acentua durante os per\u00edodos de colheita, destacando a import\u00e2ncia de uma gest\u00e3o eficaz de recursos humanos no setor de transportes. Assim, a cria\u00e7\u00e3o de novas vagas e a melhoria das condi\u00e7\u00f5es de trabalho para motoristas s\u00e3o fundamentais n\u00e3o apenas para a mobiliza\u00e7\u00e3o de cargas, mas tamb\u00e9m para assegurar a fluidez econ\u00f4mica do estado.<\/p>\n<p>Portanto, diante desse panorama, aumentar a forma\u00e7\u00e3o e a contrata\u00e7\u00e3o de motoristas de caminh\u00e3o \u00e9 uma necessidade urgente. Ao atender essa demanda, o Paran\u00e1 pode n\u00e3o apenas melhorar a mobilidade geral, mas tamb\u00e9m impulsionar sua economia, refletindo diretamente na qualidade de vida de seus habitantes.<\/p>\n","protected":false},"excerpt":{"rendered":"<p>Paran\u00e1 pode precisar de mais de 12 mil caminhoneiros e sal\u00e1rio m\u00e9dio de R$ 3 mil O Paran\u00e1 enfrenta um cen\u00e1rio desafiador frente \u00e0 car\u00eancia de motoristas de caminh\u00e3o, com a necessidade de mais de 12 mil novos profissionais. Essa situa\u00e7\u00e3o se agrava em um contexto nacional, onde uma aus\u00eancia de aproximadamente 120 mil motoristas &hellip;<\/p>\n","protected":false},"author":4,"featured_media":14114,"comment_status":"","ping_status":"open","sticky":false,"template":"","format":"standard","meta":{"footnotes":""},"categories":[78,77],"tags":[],"coauthors":[42],"class_list":["post-14133","post","type-post","status-publish","format-standard","has-post-thumbnail","hentry","category-carreteiro","category-motorista"],"yoast_head":"<!-- This site is optimized with the Yoast SEO Premium plugin v27.6.1 (Yoast SEO v28.3) - https:\/\/yoast.com\/product\/yoast-seo-premium-wordpress\/ -->\n<title>Paran\u00e1 pode necessitar de acima de 12 mil motoristas com sal\u00e1rio m\u00e9dio de R$ 3 mil. - Motorista.com.br<\/title>\n<meta name=\"robots\" content=\"index, follow, max-snippet:-1, max-image-preview:large, max-video-preview:-1\" \/>\n<link rel=\"canonical\" href=\"https:\/\/motorista.com.br\/noticias\/2026\/08\/30\/parana-pode-necessitar-de-acima-de-12-mil-motoristas-com-salario-medio-de-r-3-mil\/\" \/>\n<meta property=\"og:locale\" content=\"pt_BR\" \/>\n<meta property=\"og:type\" content=\"article\" \/>\n<meta property=\"og:title\" content=\"Paran\u00e1 pode necessitar de acima de 12 mil motoristas com sal\u00e1rio m\u00e9dio de R$ 3 mil.\" \/>\n<meta property=\"og:description\" content=\"Paran\u00e1 pode precisar de mais de 12 mil caminhoneiros e sal\u00e1rio m\u00e9dio de R$ 3 mil O Paran\u00e1 enfrenta um cen\u00e1rio desafiador frente \u00e0 car\u00eancia de motoristas de caminh\u00e3o, com a necessidade de mais de 12 mil novos profissionais. Essa situa\u00e7\u00e3o se agrava em um contexto nacional, onde uma aus\u00eancia de aproximadamente 120 mil motoristas &hellip;\" \/>\n<meta property=\"og:url\" content=\"https:\/\/motorista.com.br\/noticias\/2026\/08\/30\/parana-pode-necessitar-de-acima-de-12-mil-motoristas-com-salario-medio-de-r-3-mil\/\" \/>\n<meta property=\"og:site_name\" content=\"Motorista.com.br\" \/>\n<meta property=\"article:published_time\" content=\"2026-08-31T02:02:53+00:00\" \/>\n<meta name=\"author\" content=\"Equipe Reda\u00e7\u00e3o\" \/>\n<meta name=\"twitter:card\" content=\"summary_large_image\" \/>\n<meta name=\"twitter:label1\" content=\"Escrito por\" \/>\n\t<meta name=\"twitter:data1\" content=\"Equipe Reda\u00e7\u00e3o\" \/>\n\t<meta name=\"twitter:label2\" content=\"Est. tempo de leitura\" \/>\n\t<meta name=\"twitter:data2\" content=\"3 minutos\" \/>\n\t<meta name=\"twitter:label3\" content=\"Written by\" \/>\n\t<meta name=\"twitter:data3\" content=\"Equipe Reda\u00e7\u00e3o\" \/>\n<script type=\"application\/ld+json\" class=\"yoast-schema-graph\">{\"@context\":\"https:\\\/\\\/schema.org\",\"@graph\":[{\"@type\":\"Article\",\"@id\":\"https:\\\/\\\/motorista.com.br\\\/noticias\\\/2026\\\/08\\\/30\\\/parana-pode-necessitar-de-acima-de-12-mil-motoristas-com-salario-medio-de-r-3-mil\\\/#article\",\"isPartOf\":{\"@id\":\"https:\\\/\\\/motorista.com.br\\\/noticias\\\/2026\\\/08\\\/30\\\/parana-pode-necessitar-de-acima-de-12-mil-motoristas-com-salario-medio-de-r-3-mil\\\/\"},\"author\":{\"name\":\"Equipe Reda\u00e7\u00e3o\",\"@id\":\"https:\\\/\\\/motorista.com.br\\\/noticias\\\/#\\\/schema\\\/person\\\/dc93afc2981c0e3ce6bc3c053fd847be\"},\"headline\":\"Paran\u00e1 pode necessitar de acima de 12 mil motoristas com sal\u00e1rio m\u00e9dio de R$ 3 mil.\",\"datePublished\":\"2026-08-31T02:02:53+00:00\",\"mainEntityOfPage\":{\"@id\":\"https:\\\/\\\/motorista.com.br\\\/noticias\\\/2026\\\/08\\\/30\\\/parana-pode-necessitar-de-acima-de-12-mil-motoristas-com-salario-medio-de-r-3-mil\\\/\"},\"wordCount\":569,\"publisher\":{\"@id\":\"https:\\\/\\\/motorista.com.br\\\/noticias\\\/#organization\"},\"image\":{\"@id\":\"https:\\\/\\\/motorista.com.br\\\/noticias\\\/2026\\\/08\\\/30\\\/parana-pode-necessitar-de-acima-de-12-mil-motoristas-com-salario-medio-de-r-3-mil\\\/#primaryimage\"},\"thumbnailUrl\":\"https:\\\/\\\/motorista.com.br\\\/noticias\\\/wp-content\\\/uploads\\\/2026\\\/08\\\/Parana-pode-precisar-de-mais-de-12-mil-caminhoneiros-e-salario-medio-de-R-3-mil.jpg\",\"articleSection\":[\"Carreteiro\",\"Motorista\"],\"inLanguage\":\"pt-BR\"},{\"@type\":\"WebPage\",\"@id\":\"https:\\\/\\\/motorista.com.br\\\/noticias\\\/2026\\\/08\\\/30\\\/parana-pode-necessitar-de-acima-de-12-mil-motoristas-com-salario-medio-de-r-3-mil\\\/\",\"url\":\"https:\\\/\\\/motorista.com.br\\\/noticias\\\/2026\\\/08\\\/30\\\/parana-pode-necessitar-de-acima-de-12-mil-motoristas-com-salario-medio-de-r-3-mil\\\/\",\"name\":\"Paran\u00e1 pode necessitar de acima de 12 mil motoristas com sal\u00e1rio m\u00e9dio de R$ 3 mil. - Motorista.com.br\",\"isPartOf\":{\"@id\":\"https:\\\/\\\/motorista.com.br\\\/noticias\\\/#website\"},\"primaryImageOfPage\":{\"@id\":\"https:\\\/\\\/motorista.com.br\\\/noticias\\\/2026\\\/08\\\/30\\\/parana-pode-necessitar-de-acima-de-12-mil-motoristas-com-salario-medio-de-r-3-mil\\\/#primaryimage\"},\"image\":{\"@id\":\"https:\\\/\\\/motorista.com.br\\\/noticias\\\/2026\\\/08\\\/30\\\/parana-pode-necessitar-de-acima-de-12-mil-motoristas-com-salario-medio-de-r-3-mil\\\/#primaryimage\"},\"thumbnailUrl\":\"https:\\\/\\\/motorista.com.br\\\/noticias\\\/wp-content\\\/uploads\\\/2026\\\/08\\\/Parana-pode-precisar-de-mais-de-12-mil-caminhoneiros-e-salario-medio-de-R-3-mil.jpg\",\"datePublished\":\"2026-08-31T02:02:53+00:00\",\"breadcrumb\":{\"@id\":\"https:\\\/\\\/motorista.com.br\\\/noticias\\\/2026\\\/08\\\/30\\\/parana-pode-necessitar-de-acima-de-12-mil-motoristas-com-salario-medio-de-r-3-mil\\\/#breadcrumb\"},\"inLanguage\":\"pt-BR\",\"potentialAction\":[{\"@type\":\"ReadAction\",\"target\":[\"https:\\\/\\\/motorista.com.br\\\/noticias\\\/2026\\\/08\\\/30\\\/parana-pode-necessitar-de-acima-de-12-mil-motoristas-com-salario-medio-de-r-3-mil\\\/\"]}]},{\"@type\":\"ImageObject\",\"inLanguage\":\"pt-BR\",\"@id\":\"https:\\\/\\\/motorista.com.br\\\/noticias\\\/2026\\\/08\\\/30\\\/parana-pode-necessitar-de-acima-de-12-mil-motoristas-com-salario-medio-de-r-3-mil\\\/#primaryimage\",\"url\":\"https:\\\/\\\/motorista.com.br\\\/noticias\\\/wp-content\\\/uploads\\\/2026\\\/08\\\/Parana-pode-precisar-de-mais-de-12-mil-caminhoneiros-e-salario-medio-de-R-3-mil.jpg\",\"contentUrl\":\"https:\\\/\\\/motorista.com.br\\\/noticias\\\/wp-content\\\/uploads\\\/2026\\\/08\\\/Parana-pode-precisar-de-mais-de-12-mil-caminhoneiros-e-salario-medio-de-R-3-mil.jpg\",\"width\":1280,\"height\":720},{\"@type\":\"BreadcrumbList\",\"@id\":\"https:\\\/\\\/motorista.com.br\\\/noticias\\\/2026\\\/08\\\/30\\\/parana-pode-necessitar-de-acima-de-12-mil-motoristas-com-salario-medio-de-r-3-mil\\\/#breadcrumb\",\"itemListElement\":[{\"@type\":\"ListItem\",\"position\":1,\"name\":\"In\u00edcio\",\"item\":\"https:\\\/\\\/motorista.com.br\\\/noticias\\\/\"},{\"@type\":\"ListItem\",\"position\":2,\"name\":\"Paran\u00e1 pode necessitar de acima de 12 mil motoristas com sal\u00e1rio m\u00e9dio de R$ 3 mil.\"}]},{\"@type\":\"WebSite\",\"@id\":\"https:\\\/\\\/motorista.com.br\\\/noticias\\\/#website\",\"url\":\"https:\\\/\\\/motorista.com.br\\\/noticias\\\/\",\"name\":\"Motorista.com.br\",\"description\":\"Not\u00edcia do Motorista\",\"publisher\":{\"@id\":\"https:\\\/\\\/motorista.com.br\\\/noticias\\\/#organization\"},\"potentialAction\":[{\"@type\":\"SearchAction\",\"target\":{\"@type\":\"EntryPoint\",\"urlTemplate\":\"https:\\\/\\\/motorista.com.br\\\/noticias\\\/?s={search_term_string}\"},\"query-input\":{\"@type\":\"PropertyValueSpecification\",\"valueRequired\":true,\"valueName\":\"search_term_string\"}}],\"inLanguage\":\"pt-BR\"},{\"@type\":\"Organization\",\"@id\":\"https:\\\/\\\/motorista.com.br\\\/noticias\\\/#organization\",\"name\":\"Motorista.com.br\",\"url\":\"https:\\\/\\\/motorista.com.br\\\/noticias\\\/\",\"logo\":{\"@type\":\"ImageObject\",\"inLanguage\":\"pt-BR\",\"@id\":\"https:\\\/\\\/motorista.com.br\\\/noticias\\\/#\\\/schema\\\/logo\\\/image\\\/\",\"url\":\"https:\\\/\\\/motorista.com.br\\\/noticias\\\/wp-content\\\/uploads\\\/2025\\\/06\\\/Design-sem-nome-9.png\",\"contentUrl\":\"https:\\\/\\\/motorista.com.br\\\/noticias\\\/wp-content\\\/uploads\\\/2025\\\/06\\\/Design-sem-nome-9.png\",\"width\":150,\"height\":85,\"caption\":\"Motorista.com.br\"},\"image\":{\"@id\":\"https:\\\/\\\/motorista.com.br\\\/noticias\\\/#\\\/schema\\\/logo\\\/image\\\/\"}},{\"@type\":\"Person\",\"@id\":\"https:\\\/\\\/motorista.com.br\\\/noticias\\\/#\\\/schema\\\/person\\\/dc93afc2981c0e3ce6bc3c053fd847be\",\"name\":\"Equipe Reda\u00e7\u00e3o\",\"image\":{\"@type\":\"ImageObject\",\"inLanguage\":\"pt-BR\",\"@id\":\"https:\\\/\\\/secure.gravatar.com\\\/avatar\\\/4f525efbf18dd2bb300ccad28bfb99d95a9465a5ba268407c8c37b37e1f28d2d?s=96&d=mm&r=g9e099043a0c61e9ae27e293b9fa75ffc\",\"url\":\"https:\\\/\\\/secure.gravatar.com\\\/avatar\\\/4f525efbf18dd2bb300ccad28bfb99d95a9465a5ba268407c8c37b37e1f28d2d?s=96&d=mm&r=g\",\"contentUrl\":\"https:\\\/\\\/secure.gravatar.com\\\/avatar\\\/4f525efbf18dd2bb300ccad28bfb99d95a9465a5ba268407c8c37b37e1f28d2d?s=96&d=mm&r=g\",\"caption\":\"Equipe Reda\u00e7\u00e3o\"},\"description\":\"Equipe de reda\u00e7\u00e3o \u00e9 um grupo de profissionais que trabalham juntos para criar conte\u00fado escrito para Motorista.com.br\",\"url\":\"https:\\\/\\\/motorista.com.br\\\/noticias\\\/author\\\/equiperedacao\\\/\"}]}<\/script>\n<!-- \/ Yoast SEO Premium plugin. -->","yoast_head_json":{"title":"Paran\u00e1 pode necessitar de acima de 12 mil motoristas com sal\u00e1rio m\u00e9dio de R$ 3 mil. - Motorista.com.br","robots":{"index":"index","follow":"follow","max-snippet":"max-snippet:-1","max-image-preview":"max-image-preview:large","max-video-preview":"max-video-preview:-1"},"canonical":"https:\/\/motorista.com.br\/noticias\/2026\/08\/30\/parana-pode-necessitar-de-acima-de-12-mil-motoristas-com-salario-medio-de-r-3-mil\/","og_locale":"pt_BR","og_type":"article","og_title":"Paran\u00e1 pode necessitar de acima de 12 mil motoristas com sal\u00e1rio m\u00e9dio de R$ 3 mil.","og_description":"Paran\u00e1 pode precisar de mais de 12 mil caminhoneiros e sal\u00e1rio m\u00e9dio de R$ 3 mil O Paran\u00e1 enfrenta um cen\u00e1rio desafiador frente \u00e0 car\u00eancia de motoristas de caminh\u00e3o, com a necessidade de mais de 12 mil novos profissionais. Essa situa\u00e7\u00e3o se agrava em um contexto nacional, onde uma aus\u00eancia de aproximadamente 120 mil motoristas &hellip;","og_url":"https:\/\/motorista.com.br\/noticias\/2026\/08\/30\/parana-pode-necessitar-de-acima-de-12-mil-motoristas-com-salario-medio-de-r-3-mil\/","og_site_name":"Motorista.com.br","article_published_time":"2026-08-31T02:02:53+00:00","author":"Equipe Reda\u00e7\u00e3o","twitter_card":"summary_large_image","twitter_misc":{"Escrito por":"Equipe Reda\u00e7\u00e3o","Est. tempo de leitura":"3 minutos","Written by":"Equipe Reda\u00e7\u00e3o"},"schema":{"@context":"https:\/\/schema.org","@graph":[{"@type":"Article","@id":"https:\/\/motorista.com.br\/noticias\/2026\/08\/30\/parana-pode-necessitar-de-acima-de-12-mil-motoristas-com-salario-medio-de-r-3-mil\/#article","isPartOf":{"@id":"https:\/\/motorista.com.br\/noticias\/2026\/08\/30\/parana-pode-necessitar-de-acima-de-12-mil-motoristas-com-salario-medio-de-r-3-mil\/"},"author":{"name":"Equipe Reda\u00e7\u00e3o","@id":"https:\/\/motorista.com.br\/noticias\/#\/schema\/person\/dc93afc2981c0e3ce6bc3c053fd847be"},"headline":"Paran\u00e1 pode necessitar de acima de 12 mil motoristas com sal\u00e1rio m\u00e9dio de R$ 3 mil.","datePublished":"2026-08-31T02:02:53+00:00","mainEntityOfPage":{"@id":"https:\/\/motorista.com.br\/noticias\/2026\/08\/30\/parana-pode-necessitar-de-acima-de-12-mil-motoristas-com-salario-medio-de-r-3-mil\/"},"wordCount":569,"publisher":{"@id":"https:\/\/motorista.com.br\/noticias\/#organization"},"image":{"@id":"https:\/\/motorista.com.br\/noticias\/2026\/08\/30\/parana-pode-necessitar-de-acima-de-12-mil-motoristas-com-salario-medio-de-r-3-mil\/#primaryimage"},"thumbnailUrl":"https:\/\/motorista.com.br\/noticias\/wp-content\/uploads\/2026\/08\/Parana-pode-precisar-de-mais-de-12-mil-caminhoneiros-e-salario-medio-de-R-3-mil.jpg","articleSection":["Carreteiro","Motorista"],"inLanguage":"pt-BR"},{"@type":"WebPage","@id":"https:\/\/motorista.com.br\/noticias\/2026\/08\/30\/parana-pode-necessitar-de-acima-de-12-mil-motoristas-com-salario-medio-de-r-3-mil\/","url":"https:\/\/motorista.com.br\/noticias\/2026\/08\/30\/parana-pode-necessitar-de-acima-de-12-mil-motoristas-com-salario-medio-de-r-3-mil\/","name":"Paran\u00e1 pode necessitar de acima de 12 mil motoristas com sal\u00e1rio m\u00e9dio de R$ 3 mil. - Motorista.com.br","isPartOf":{"@id":"https:\/\/motorista.com.br\/noticias\/#website"},"primaryImageOfPage":{"@id":"https:\/\/motorista.com.br\/noticias\/2026\/08\/30\/parana-pode-necessitar-de-acima-de-12-mil-motoristas-com-salario-medio-de-r-3-mil\/#primaryimage"},"image":{"@id":"https:\/\/motorista.com.br\/noticias\/2026\/08\/30\/parana-pode-necessitar-de-acima-de-12-mil-motoristas-com-salario-medio-de-r-3-mil\/#primaryimage"},"thumbnailUrl":"https:\/\/motorista.com.br\/noticias\/wp-content\/uploads\/2026\/08\/Parana-pode-precisar-de-mais-de-12-mil-caminhoneiros-e-salario-medio-de-R-3-mil.jpg","datePublished":"2026-08-31T02:02:53+00:00","breadcrumb":{"@id":"https:\/\/motorista.com.br\/noticias\/2026\/08\/30\/parana-pode-necessitar-de-acima-de-12-mil-motoristas-com-salario-medio-de-r-3-mil\/#breadcrumb"},"inLanguage":"pt-BR","potentialAction":[{"@type":"ReadAction","target":["https:\/\/motorista.com.br\/noticias\/2026\/08\/30\/parana-pode-necessitar-de-acima-de-12-mil-motoristas-com-salario-medio-de-r-3-mil\/"]}]},{"@type":"ImageObject","inLanguage":"pt-BR","@id":"https:\/\/motorista.com.br\/noticias\/2026\/08\/30\/parana-pode-necessitar-de-acima-de-12-mil-motoristas-com-salario-medio-de-r-3-mil\/#primaryimage","url":"https:\/\/motorista.com.br\/noticias\/wp-content\/uploads\/2026\/08\/Parana-pode-precisar-de-mais-de-12-mil-caminhoneiros-e-salario-medio-de-R-3-mil.jpg","contentUrl":"https:\/\/motorista.com.br\/noticias\/wp-content\/uploads\/2026\/08\/Parana-pode-precisar-de-mais-de-12-mil-caminhoneiros-e-salario-medio-de-R-3-mil.jpg","width":1280,"height":720},{"@type":"BreadcrumbList","@id":"https:\/\/motorista.com.br\/noticias\/2026\/08\/30\/parana-pode-necessitar-de-acima-de-12-mil-motoristas-com-salario-medio-de-r-3-mil\/#breadcrumb","itemListElement":[{"@type":"ListItem","position":1,"name":"In\u00edcio","item":"https:\/\/motorista.com.br\/noticias\/"},{"@type":"ListItem","position":2,"name":"Paran\u00e1 pode necessitar de acima de 12 mil motoristas com sal\u00e1rio m\u00e9dio de R$ 3 mil."}]},{"@type":"WebSite","@id":"https:\/\/motorista.com.br\/noticias\/#website","url":"https:\/\/motorista.com.br\/noticias\/","name":"Motorista.com.br","description":"Not\u00edcia do Motorista","publisher":{"@id":"https:\/\/motorista.com.br\/noticias\/#organization"},"potentialAction":[{"@type":"SearchAction","target":{"@type":"EntryPoint","urlTemplate":"https:\/\/motorista.com.br\/noticias\/?s={search_term_string}"},"query-input":{"@type":"PropertyValueSpecification","valueRequired":true,"valueName":"search_term_string"}}],"inLanguage":"pt-BR"},{"@type":"Organization","@id":"https:\/\/motorista.com.br\/noticias\/#organization","name":"Motorista.com.br","url":"https:\/\/motorista.com.br\/noticias\/","logo":{"@type":"ImageObject","inLanguage":"pt-BR","@id":"https:\/\/motorista.com.br\/noticias\/#\/schema\/logo\/image\/","url":"https:\/\/motorista.com.br\/noticias\/wp-content\/uploads\/2025\/06\/Design-sem-nome-9.png","contentUrl":"https:\/\/motorista.com.br\/noticias\/wp-content\/uploads\/2025\/06\/Design-sem-nome-9.png","width":150,"height":85,"caption":"Motorista.com.br"},"image":{"@id":"https:\/\/motorista.com.br\/noticias\/#\/schema\/logo\/image\/"}},{"@type":"Person","@id":"https:\/\/motorista.com.br\/noticias\/#\/schema\/person\/dc93afc2981c0e3ce6bc3c053fd847be","name":"Equipe Reda\u00e7\u00e3o","image":{"@type":"ImageObject","inLanguage":"pt-BR","@id":"https:\/\/secure.gravatar.com\/avatar\/4f525efbf18dd2bb300ccad28bfb99d95a9465a5ba268407c8c37b37e1f28d2d?s=96&d=mm&r=g9e099043a0c61e9ae27e293b9fa75ffc","url":"https:\/\/secure.gravatar.com\/avatar\/4f525efbf18dd2bb300ccad28bfb99d95a9465a5ba268407c8c37b37e1f28d2d?s=96&d=mm&r=g","contentUrl":"https:\/\/secure.gravatar.com\/avatar\/4f525efbf18dd2bb300ccad28bfb99d95a9465a5ba268407c8c37b37e1f28d2d?s=96&d=mm&r=g","caption":"Equipe Reda\u00e7\u00e3o"},"description":"Equipe de reda\u00e7\u00e3o \u00e9 um grupo de profissionais que trabalham juntos para criar conte\u00fado escrito para Motorista.com.br","url":"https:\/\/motorista.com.br\/noticias\/author\/equiperedacao\/"}]}},"_links":{"self":[{"href":"https:\/\/motorista.com.br\/noticias\/wp-json\/wp\/v2\/posts\/14133","targetHints":{"allow":["GET"]}}],"collection":[{"href":"https:\/\/motorista.com.br\/noticias\/wp-json\/wp\/v2\/posts"}],"about":[{"href":"https:\/\/motorista.com.br\/noticias\/wp-json\/wp\/v2\/types\/post"}],"author":[{"embeddable":true,"href":"https:\/\/motorista.com.br\/noticias\/wp-json\/wp\/v2\/users\/4"}],"replies":[{"embeddable":true,"href":"https:\/\/motorista.com.br\/noticias\/wp-json\/wp\/v2\/comments?post=14133"}],"version-history":[{"count":0,"href":"https:\/\/motorista.com.br\/noticias\/wp-json\/wp\/v2\/posts\/14133\/revisions"}],"wp:featuredmedia":[{"embeddable":true,"href":"https:\/\/motorista.com.br\/noticias\/wp-json\/wp\/v2\/media\/14114"}],"wp:attachment":[{"href":"https:\/\/motorista.com.br\/noticias\/wp-json\/wp\/v2\/media?parent=14133"}],"wp:term":[{"taxonomy":"category","embeddable":true,"href":"https:\/\/motorista.com.br\/noticias\/wp-json\/wp\/v2\/categories?post=14133"},{"taxonomy":"post_tag","embeddable":true,"href":"https:\/\/motorista.com.br\/noticias\/wp-json\/wp\/v2\/tags?post=14133"},{"taxonomy":"author","embeddable":true,"href":"https:\/\/motorista.com.br\/noticias\/wp-json\/wp\/v2\/coauthors?post=14133"}],"curies":[{"name":"wp","href":"https:\/\/api.w.org\/{rel}","templated":true}]}}