{"id":14131,"date":"2026-08-30T21:17:50","date_gmt":"2026-08-31T00:17:50","guid":{"rendered":"https:\/\/motorista.com.br\/noticias\/2026\/08\/30\/maduro-confirma-situacao-com-imagens-da-detencao\/"},"modified":"2026-08-30T21:17:50","modified_gmt":"2026-08-31T00:17:50","slug":"maduro-confirma-situacao-com-imagens-da-detencao","status":"publish","type":"post","link":"https:\/\/motorista.com.br\/noticias\/2026\/08\/30\/maduro-confirma-situacao-com-imagens-da-detencao\/","title":{"rendered":"Maduro confirma situa\u00e7\u00e3o com imagens da deten\u00e7\u00e3o"},"content":{"rendered":"<p><\/p>\n<p><strong>&quot;Estamos firmes&quot;, diz Maduro ao publicar fotos da pris\u00e3o<\/strong><\/p>\n<p>Recentemente, o presidente deposto da Venezuela, Nicol\u00e1s Maduro, publicou fotos de sua pris\u00e3o em Caracas, resultante de uma opera\u00e7\u00e3o militar dos Estados Unidos. Esta situa\u00e7\u00e3o traz \u00e0 tona n\u00e3o apenas quest\u00f5es pol\u00edticas, mas tamb\u00e9m impactos mais amplos que podem afetar a mobilidade e a seguran\u00e7a dos motoristas na regi\u00e3o.<\/p>\n<p>Com o aumento das tens\u00f5es pol\u00edticas e militares, motoristas locais enfrentam desafios significativos em suas rotinas di\u00e1rias. O clima de incerteza pode causar congestionamentos e bloqueios em \u00e1reas estrat\u00e9gicas, onde opera\u00e7\u00f5es de seguran\u00e7a est\u00e3o sendo realizadas. Isso, por sua vez, pode aumentar o tempo de deslocamento e afetar a economia local, j\u00e1 que muitos dependem do transporte para suas atividades comerciais.<\/p>\n<p>Al\u00e9m disso, a instabilidade pode gerar um aumento na necessidade de monitoramento ao dirigir, exigindo que os motoristas fiquem mais atentos a altera\u00e7\u00f5es nas condi\u00e7\u00f5es das vias e \u00e0 presen\u00e7a de for\u00e7as de seguran\u00e7a. Essa sensibilidade pode levar a um impacto na confian\u00e7a dos motoristas, que podem optar por evitar certas rotas, afetando seu planejamento di\u00e1rio e a mobilidade geral na cidade.<\/p>\n<p>Por outro lado, a situa\u00e7\u00e3o tamb\u00e9m pode suscitar discuss\u00f5es sobre a urg\u00eancia de melhorias na infraestrutura urbana e no servi\u00e7o de transporte. A busca por um sistema mais eficiente e seguro n\u00e3o s\u00f3 beneficiaria os motoristas, mas tamb\u00e9m a popula\u00e7\u00e3o em geral, proporcionando uma mobilidade urbana mais fluida, mesmo em tempos dif\u00edceis.<\/p>\n<p>Em suma, a publica\u00e7\u00e3o das fotos de Maduro n\u00e3o \u00e9 apenas um evento pol\u00edtico, mas um reflexo das complexidades que afetam a vida cotidiana, especialmente para os motoristas. A capacidade de se adaptar e encontrar solu\u00e7\u00f5es para os desafios impostos por crises \u00e9 fundamental para garantir a continuidade e a efic\u00e1cia da mobilidade urbana.<\/p>\n","protected":false},"excerpt":{"rendered":"<p>&quot;Estamos firmes&quot;, diz Maduro ao publicar fotos da pris\u00e3o Recentemente, o presidente deposto da Venezuela, Nicol\u00e1s Maduro, publicou fotos de sua pris\u00e3o em Caracas, resultante de uma opera\u00e7\u00e3o militar dos Estados Unidos. Esta situa\u00e7\u00e3o traz \u00e0 tona n\u00e3o apenas quest\u00f5es pol\u00edticas, mas tamb\u00e9m impactos mais amplos que podem afetar a mobilidade e a seguran\u00e7a dos &hellip;<\/p>\n","protected":false},"author":4,"featured_media":14132,"comment_status":"","ping_status":"open","sticky":false,"template":"","format":"standard","meta":{"footnotes":""},"categories":[45],"tags":[],"coauthors":[42],"class_list":["post-14131","post","type-post","status-publish","format-standard","has-post-thumbnail","hentry","category-mundo"],"yoast_head":"<!-- This site is optimized with the Yoast SEO Premium plugin v27.6.1 (Yoast SEO v28.3) - https:\/\/yoast.com\/product\/yoast-seo-premium-wordpress\/ -->\n<title>Maduro confirma situa\u00e7\u00e3o com imagens da deten\u00e7\u00e3o - Motorista.com.br<\/title>\n<meta name=\"robots\" content=\"index, follow, max-snippet:-1, max-image-preview:large, max-video-preview:-1\" \/>\n<link rel=\"canonical\" href=\"https:\/\/motorista.com.br\/noticias\/2026\/08\/30\/maduro-confirma-situacao-com-imagens-da-detencao\/\" \/>\n<meta property=\"og:locale\" content=\"pt_BR\" \/>\n<meta property=\"og:type\" content=\"article\" \/>\n<meta property=\"og:title\" content=\"Maduro confirma situa\u00e7\u00e3o com imagens da deten\u00e7\u00e3o\" \/>\n<meta property=\"og:description\" content=\"&quot;Estamos firmes&quot;, diz Maduro ao publicar fotos da pris\u00e3o Recentemente, o presidente deposto da Venezuela, Nicol\u00e1s Maduro, publicou fotos de sua pris\u00e3o em Caracas, resultante de uma opera\u00e7\u00e3o militar dos Estados Unidos. Esta situa\u00e7\u00e3o traz \u00e0 tona n\u00e3o apenas quest\u00f5es pol\u00edticas, mas tamb\u00e9m impactos mais amplos que podem afetar a mobilidade e a seguran\u00e7a dos &hellip;\" \/>\n<meta property=\"og:url\" content=\"https:\/\/motorista.com.br\/noticias\/2026\/08\/30\/maduro-confirma-situacao-com-imagens-da-detencao\/\" \/>\n<meta property=\"og:site_name\" content=\"Motorista.com.br\" \/>\n<meta property=\"article:published_time\" content=\"2026-08-31T00:17:50+00:00\" \/>\n<meta name=\"author\" content=\"Equipe Reda\u00e7\u00e3o\" \/>\n<meta name=\"twitter:card\" content=\"summary_large_image\" \/>\n<meta name=\"twitter:label1\" content=\"Escrito por\" \/>\n\t<meta name=\"twitter:data1\" content=\"Equipe Reda\u00e7\u00e3o\" \/>\n\t<meta name=\"twitter:label2\" content=\"Est. tempo de leitura\" \/>\n\t<meta name=\"twitter:data2\" content=\"2 minutos\" \/>\n\t<meta name=\"twitter:label3\" content=\"Written by\" \/>\n\t<meta name=\"twitter:data3\" content=\"Equipe Reda\u00e7\u00e3o\" \/>\n<script type=\"application\/ld+json\" class=\"yoast-schema-graph\">{\"@context\":\"https:\\\/\\\/schema.org\",\"@graph\":[{\"@type\":\"Article\",\"@id\":\"https:\\\/\\\/motorista.com.br\\\/noticias\\\/2026\\\/08\\\/30\\\/maduro-confirma-situacao-com-imagens-da-detencao\\\/#article\",\"isPartOf\":{\"@id\":\"https:\\\/\\\/motorista.com.br\\\/noticias\\\/2026\\\/08\\\/30\\\/maduro-confirma-situacao-com-imagens-da-detencao\\\/\"},\"author\":{\"name\":\"Equipe Reda\u00e7\u00e3o\",\"@id\":\"https:\\\/\\\/motorista.com.br\\\/noticias\\\/#\\\/schema\\\/person\\\/dc93afc2981c0e3ce6bc3c053fd847be\"},\"headline\":\"Maduro confirma situa\u00e7\u00e3o com imagens da deten\u00e7\u00e3o\",\"datePublished\":\"2026-08-31T00:17:50+00:00\",\"mainEntityOfPage\":{\"@id\":\"https:\\\/\\\/motorista.com.br\\\/noticias\\\/2026\\\/08\\\/30\\\/maduro-confirma-situacao-com-imagens-da-detencao\\\/\"},\"wordCount\":334,\"publisher\":{\"@id\":\"https:\\\/\\\/motorista.com.br\\\/noticias\\\/#organization\"},\"image\":{\"@id\":\"https:\\\/\\\/motorista.com.br\\\/noticias\\\/2026\\\/08\\\/30\\\/maduro-confirma-situacao-com-imagens-da-detencao\\\/#primaryimage\"},\"thumbnailUrl\":\"https:\\\/\\\/motorista.com.br\\\/noticias\\\/wp-content\\\/uploads\\\/2026\\\/08\\\/nicolas-maduro.jpg\",\"articleSection\":[\"Mundo\"],\"inLanguage\":\"pt-BR\"},{\"@type\":\"WebPage\",\"@id\":\"https:\\\/\\\/motorista.com.br\\\/noticias\\\/2026\\\/08\\\/30\\\/maduro-confirma-situacao-com-imagens-da-detencao\\\/\",\"url\":\"https:\\\/\\\/motorista.com.br\\\/noticias\\\/2026\\\/08\\\/30\\\/maduro-confirma-situacao-com-imagens-da-detencao\\\/\",\"name\":\"Maduro confirma situa\u00e7\u00e3o com imagens da deten\u00e7\u00e3o - Motorista.com.br\",\"isPartOf\":{\"@id\":\"https:\\\/\\\/motorista.com.br\\\/noticias\\\/#website\"},\"primaryImageOfPage\":{\"@id\":\"https:\\\/\\\/motorista.com.br\\\/noticias\\\/2026\\\/08\\\/30\\\/maduro-confirma-situacao-com-imagens-da-detencao\\\/#primaryimage\"},\"image\":{\"@id\":\"https:\\\/\\\/motorista.com.br\\\/noticias\\\/2026\\\/08\\\/30\\\/maduro-confirma-situacao-com-imagens-da-detencao\\\/#primaryimage\"},\"thumbnailUrl\":\"https:\\\/\\\/motorista.com.br\\\/noticias\\\/wp-content\\\/uploads\\\/2026\\\/08\\\/nicolas-maduro.jpg\",\"datePublished\":\"2026-08-31T00:17:50+00:00\",\"breadcrumb\":{\"@id\":\"https:\\\/\\\/motorista.com.br\\\/noticias\\\/2026\\\/08\\\/30\\\/maduro-confirma-situacao-com-imagens-da-detencao\\\/#breadcrumb\"},\"inLanguage\":\"pt-BR\",\"potentialAction\":[{\"@type\":\"ReadAction\",\"target\":[\"https:\\\/\\\/motorista.com.br\\\/noticias\\\/2026\\\/08\\\/30\\\/maduro-confirma-situacao-com-imagens-da-detencao\\\/\"]}]},{\"@type\":\"ImageObject\",\"inLanguage\":\"pt-BR\",\"@id\":\"https:\\\/\\\/motorista.com.br\\\/noticias\\\/2026\\\/08\\\/30\\\/maduro-confirma-situacao-com-imagens-da-detencao\\\/#primaryimage\",\"url\":\"https:\\\/\\\/motorista.com.br\\\/noticias\\\/wp-content\\\/uploads\\\/2026\\\/08\\\/nicolas-maduro.jpg\",\"contentUrl\":\"https:\\\/\\\/motorista.com.br\\\/noticias\\\/wp-content\\\/uploads\\\/2026\\\/08\\\/nicolas-maduro.jpg\",\"width\":1000,\"height\":662},{\"@type\":\"BreadcrumbList\",\"@id\":\"https:\\\/\\\/motorista.com.br\\\/noticias\\\/2026\\\/08\\\/30\\\/maduro-confirma-situacao-com-imagens-da-detencao\\\/#breadcrumb\",\"itemListElement\":[{\"@type\":\"ListItem\",\"position\":1,\"name\":\"In\u00edcio\",\"item\":\"https:\\\/\\\/motorista.com.br\\\/noticias\\\/\"},{\"@type\":\"ListItem\",\"position\":2,\"name\":\"Maduro confirma situa\u00e7\u00e3o com imagens da deten\u00e7\u00e3o\"}]},{\"@type\":\"WebSite\",\"@id\":\"https:\\\/\\\/motorista.com.br\\\/noticias\\\/#website\",\"url\":\"https:\\\/\\\/motorista.com.br\\\/noticias\\\/\",\"name\":\"Motorista.com.br\",\"description\":\"Not\u00edcia do Motorista\",\"publisher\":{\"@id\":\"https:\\\/\\\/motorista.com.br\\\/noticias\\\/#organization\"},\"potentialAction\":[{\"@type\":\"SearchAction\",\"target\":{\"@type\":\"EntryPoint\",\"urlTemplate\":\"https:\\\/\\\/motorista.com.br\\\/noticias\\\/?s={search_term_string}\"},\"query-input\":{\"@type\":\"PropertyValueSpecification\",\"valueRequired\":true,\"valueName\":\"search_term_string\"}}],\"inLanguage\":\"pt-BR\"},{\"@type\":\"Organization\",\"@id\":\"https:\\\/\\\/motorista.com.br\\\/noticias\\\/#organization\",\"name\":\"Motorista.com.br\",\"url\":\"https:\\\/\\\/motorista.com.br\\\/noticias\\\/\",\"logo\":{\"@type\":\"ImageObject\",\"inLanguage\":\"pt-BR\",\"@id\":\"https:\\\/\\\/motorista.com.br\\\/noticias\\\/#\\\/schema\\\/logo\\\/image\\\/\",\"url\":\"https:\\\/\\\/motorista.com.br\\\/noticias\\\/wp-content\\\/uploads\\\/2025\\\/06\\\/Design-sem-nome-9.png\",\"contentUrl\":\"https:\\\/\\\/motorista.com.br\\\/noticias\\\/wp-content\\\/uploads\\\/2025\\\/06\\\/Design-sem-nome-9.png\",\"width\":150,\"height\":85,\"caption\":\"Motorista.com.br\"},\"image\":{\"@id\":\"https:\\\/\\\/motorista.com.br\\\/noticias\\\/#\\\/schema\\\/logo\\\/image\\\/\"}},{\"@type\":\"Person\",\"@id\":\"https:\\\/\\\/motorista.com.br\\\/noticias\\\/#\\\/schema\\\/person\\\/dc93afc2981c0e3ce6bc3c053fd847be\",\"name\":\"Equipe Reda\u00e7\u00e3o\",\"image\":{\"@type\":\"ImageObject\",\"inLanguage\":\"pt-BR\",\"@id\":\"https:\\\/\\\/secure.gravatar.com\\\/avatar\\\/4f525efbf18dd2bb300ccad28bfb99d95a9465a5ba268407c8c37b37e1f28d2d?s=96&d=mm&r=g9e099043a0c61e9ae27e293b9fa75ffc\",\"url\":\"https:\\\/\\\/secure.gravatar.com\\\/avatar\\\/4f525efbf18dd2bb300ccad28bfb99d95a9465a5ba268407c8c37b37e1f28d2d?s=96&d=mm&r=g\",\"contentUrl\":\"https:\\\/\\\/secure.gravatar.com\\\/avatar\\\/4f525efbf18dd2bb300ccad28bfb99d95a9465a5ba268407c8c37b37e1f28d2d?s=96&d=mm&r=g\",\"caption\":\"Equipe Reda\u00e7\u00e3o\"},\"description\":\"Equipe de reda\u00e7\u00e3o \u00e9 um grupo de profissionais que trabalham juntos para criar conte\u00fado escrito para Motorista.com.br\",\"url\":\"https:\\\/\\\/motorista.com.br\\\/noticias\\\/author\\\/equiperedacao\\\/\"}]}<\/script>\n<!-- \/ Yoast SEO Premium plugin. -->","yoast_head_json":{"title":"Maduro confirma situa\u00e7\u00e3o com imagens da deten\u00e7\u00e3o - Motorista.com.br","robots":{"index":"index","follow":"follow","max-snippet":"max-snippet:-1","max-image-preview":"max-image-preview:large","max-video-preview":"max-video-preview:-1"},"canonical":"https:\/\/motorista.com.br\/noticias\/2026\/08\/30\/maduro-confirma-situacao-com-imagens-da-detencao\/","og_locale":"pt_BR","og_type":"article","og_title":"Maduro confirma situa\u00e7\u00e3o com imagens da deten\u00e7\u00e3o","og_description":"&quot;Estamos firmes&quot;, diz Maduro ao publicar fotos da pris\u00e3o Recentemente, o presidente deposto da Venezuela, Nicol\u00e1s Maduro, publicou fotos de sua pris\u00e3o em Caracas, resultante de uma opera\u00e7\u00e3o militar dos Estados Unidos. Esta situa\u00e7\u00e3o traz \u00e0 tona n\u00e3o apenas quest\u00f5es pol\u00edticas, mas tamb\u00e9m impactos mais amplos que podem afetar a mobilidade e a seguran\u00e7a dos &hellip;","og_url":"https:\/\/motorista.com.br\/noticias\/2026\/08\/30\/maduro-confirma-situacao-com-imagens-da-detencao\/","og_site_name":"Motorista.com.br","article_published_time":"2026-08-31T00:17:50+00:00","author":"Equipe Reda\u00e7\u00e3o","twitter_card":"summary_large_image","twitter_misc":{"Escrito por":"Equipe Reda\u00e7\u00e3o","Est. tempo de leitura":"2 minutos","Written by":"Equipe Reda\u00e7\u00e3o"},"schema":{"@context":"https:\/\/schema.org","@graph":[{"@type":"Article","@id":"https:\/\/motorista.com.br\/noticias\/2026\/08\/30\/maduro-confirma-situacao-com-imagens-da-detencao\/#article","isPartOf":{"@id":"https:\/\/motorista.com.br\/noticias\/2026\/08\/30\/maduro-confirma-situacao-com-imagens-da-detencao\/"},"author":{"name":"Equipe Reda\u00e7\u00e3o","@id":"https:\/\/motorista.com.br\/noticias\/#\/schema\/person\/dc93afc2981c0e3ce6bc3c053fd847be"},"headline":"Maduro confirma situa\u00e7\u00e3o com imagens da deten\u00e7\u00e3o","datePublished":"2026-08-31T00:17:50+00:00","mainEntityOfPage":{"@id":"https:\/\/motorista.com.br\/noticias\/2026\/08\/30\/maduro-confirma-situacao-com-imagens-da-detencao\/"},"wordCount":334,"publisher":{"@id":"https:\/\/motorista.com.br\/noticias\/#organization"},"image":{"@id":"https:\/\/motorista.com.br\/noticias\/2026\/08\/30\/maduro-confirma-situacao-com-imagens-da-detencao\/#primaryimage"},"thumbnailUrl":"https:\/\/motorista.com.br\/noticias\/wp-content\/uploads\/2026\/08\/nicolas-maduro.jpg","articleSection":["Mundo"],"inLanguage":"pt-BR"},{"@type":"WebPage","@id":"https:\/\/motorista.com.br\/noticias\/2026\/08\/30\/maduro-confirma-situacao-com-imagens-da-detencao\/","url":"https:\/\/motorista.com.br\/noticias\/2026\/08\/30\/maduro-confirma-situacao-com-imagens-da-detencao\/","name":"Maduro confirma situa\u00e7\u00e3o com imagens da deten\u00e7\u00e3o - Motorista.com.br","isPartOf":{"@id":"https:\/\/motorista.com.br\/noticias\/#website"},"primaryImageOfPage":{"@id":"https:\/\/motorista.com.br\/noticias\/2026\/08\/30\/maduro-confirma-situacao-com-imagens-da-detencao\/#primaryimage"},"image":{"@id":"https:\/\/motorista.com.br\/noticias\/2026\/08\/30\/maduro-confirma-situacao-com-imagens-da-detencao\/#primaryimage"},"thumbnailUrl":"https:\/\/motorista.com.br\/noticias\/wp-content\/uploads\/2026\/08\/nicolas-maduro.jpg","datePublished":"2026-08-31T00:17:50+00:00","breadcrumb":{"@id":"https:\/\/motorista.com.br\/noticias\/2026\/08\/30\/maduro-confirma-situacao-com-imagens-da-detencao\/#breadcrumb"},"inLanguage":"pt-BR","potentialAction":[{"@type":"ReadAction","target":["https:\/\/motorista.com.br\/noticias\/2026\/08\/30\/maduro-confirma-situacao-com-imagens-da-detencao\/"]}]},{"@type":"ImageObject","inLanguage":"pt-BR","@id":"https:\/\/motorista.com.br\/noticias\/2026\/08\/30\/maduro-confirma-situacao-com-imagens-da-detencao\/#primaryimage","url":"https:\/\/motorista.com.br\/noticias\/wp-content\/uploads\/2026\/08\/nicolas-maduro.jpg","contentUrl":"https:\/\/motorista.com.br\/noticias\/wp-content\/uploads\/2026\/08\/nicolas-maduro.jpg","width":1000,"height":662},{"@type":"BreadcrumbList","@id":"https:\/\/motorista.com.br\/noticias\/2026\/08\/30\/maduro-confirma-situacao-com-imagens-da-detencao\/#breadcrumb","itemListElement":[{"@type":"ListItem","position":1,"name":"In\u00edcio","item":"https:\/\/motorista.com.br\/noticias\/"},{"@type":"ListItem","position":2,"name":"Maduro confirma situa\u00e7\u00e3o com imagens da deten\u00e7\u00e3o"}]},{"@type":"WebSite","@id":"https:\/\/motorista.com.br\/noticias\/#website","url":"https:\/\/motorista.com.br\/noticias\/","name":"Motorista.com.br","description":"Not\u00edcia do Motorista","publisher":{"@id":"https:\/\/motorista.com.br\/noticias\/#organization"},"potentialAction":[{"@type":"SearchAction","target":{"@type":"EntryPoint","urlTemplate":"https:\/\/motorista.com.br\/noticias\/?s={search_term_string}"},"query-input":{"@type":"PropertyValueSpecification","valueRequired":true,"valueName":"search_term_string"}}],"inLanguage":"pt-BR"},{"@type":"Organization","@id":"https:\/\/motorista.com.br\/noticias\/#organization","name":"Motorista.com.br","url":"https:\/\/motorista.com.br\/noticias\/","logo":{"@type":"ImageObject","inLanguage":"pt-BR","@id":"https:\/\/motorista.com.br\/noticias\/#\/schema\/logo\/image\/","url":"https:\/\/motorista.com.br\/noticias\/wp-content\/uploads\/2025\/06\/Design-sem-nome-9.png","contentUrl":"https:\/\/motorista.com.br\/noticias\/wp-content\/uploads\/2025\/06\/Design-sem-nome-9.png","width":150,"height":85,"caption":"Motorista.com.br"},"image":{"@id":"https:\/\/motorista.com.br\/noticias\/#\/schema\/logo\/image\/"}},{"@type":"Person","@id":"https:\/\/motorista.com.br\/noticias\/#\/schema\/person\/dc93afc2981c0e3ce6bc3c053fd847be","name":"Equipe Reda\u00e7\u00e3o","image":{"@type":"ImageObject","inLanguage":"pt-BR","@id":"https:\/\/secure.gravatar.com\/avatar\/4f525efbf18dd2bb300ccad28bfb99d95a9465a5ba268407c8c37b37e1f28d2d?s=96&d=mm&r=g9e099043a0c61e9ae27e293b9fa75ffc","url":"https:\/\/secure.gravatar.com\/avatar\/4f525efbf18dd2bb300ccad28bfb99d95a9465a5ba268407c8c37b37e1f28d2d?s=96&d=mm&r=g","contentUrl":"https:\/\/secure.gravatar.com\/avatar\/4f525efbf18dd2bb300ccad28bfb99d95a9465a5ba268407c8c37b37e1f28d2d?s=96&d=mm&r=g","caption":"Equipe Reda\u00e7\u00e3o"},"description":"Equipe de reda\u00e7\u00e3o \u00e9 um grupo de profissionais que trabalham juntos para criar conte\u00fado escrito para Motorista.com.br","url":"https:\/\/motorista.com.br\/noticias\/author\/equiperedacao\/"}]}},"_links":{"self":[{"href":"https:\/\/motorista.com.br\/noticias\/wp-json\/wp\/v2\/posts\/14131","targetHints":{"allow":["GET"]}}],"collection":[{"href":"https:\/\/motorista.com.br\/noticias\/wp-json\/wp\/v2\/posts"}],"about":[{"href":"https:\/\/motorista.com.br\/noticias\/wp-json\/wp\/v2\/types\/post"}],"author":[{"embeddable":true,"href":"https:\/\/motorista.com.br\/noticias\/wp-json\/wp\/v2\/users\/4"}],"replies":[{"embeddable":true,"href":"https:\/\/motorista.com.br\/noticias\/wp-json\/wp\/v2\/comments?post=14131"}],"version-history":[{"count":0,"href":"https:\/\/motorista.com.br\/noticias\/wp-json\/wp\/v2\/posts\/14131\/revisions"}],"wp:featuredmedia":[{"embeddable":true,"href":"https:\/\/motorista.com.br\/noticias\/wp-json\/wp\/v2\/media\/14132"}],"wp:attachment":[{"href":"https:\/\/motorista.com.br\/noticias\/wp-json\/wp\/v2\/media?parent=14131"}],"wp:term":[{"taxonomy":"category","embeddable":true,"href":"https:\/\/motorista.com.br\/noticias\/wp-json\/wp\/v2\/categories?post=14131"},{"taxonomy":"post_tag","embeddable":true,"href":"https:\/\/motorista.com.br\/noticias\/wp-json\/wp\/v2\/tags?post=14131"},{"taxonomy":"author","embeddable":true,"href":"https:\/\/motorista.com.br\/noticias\/wp-json\/wp\/v2\/coauthors?post=14131"}],"curies":[{"name":"wp","href":"https:\/\/api.w.org\/{rel}","templated":true}]}}