{"id":14129,"date":"2026-08-30T20:56:04","date_gmt":"2026-08-30T23:56:04","guid":{"rendered":"https:\/\/motorista.com.br\/noticias\/2026\/08\/30\/importacoes-do-brasil-podem-subir-5-antes-da-black-friday-e-natal\/"},"modified":"2026-08-30T20:56:04","modified_gmt":"2026-08-30T23:56:04","slug":"importacoes-do-brasil-podem-subir-5-antes-da-black-friday-e-natal","status":"publish","type":"post","link":"https:\/\/motorista.com.br\/noticias\/2026\/08\/30\/importacoes-do-brasil-podem-subir-5-antes-da-black-friday-e-natal\/","title":{"rendered":"Importa\u00e7\u00f5es do Brasil podem subir 5% antes da Black Friday e Natal."},"content":{"rendered":"<p><\/p>\n<p><strong>Importa\u00e7\u00f5es brasileiras devem crescer 5% antes da Black Friday e do Natal, aponta Grupo Allog<\/strong><\/p>\n<p>A aproxima\u00e7\u00e3o da <strong>Black Friday<\/strong> e do Natal tende a impulsionar as <strong>importa\u00e7\u00f5es brasileiras<\/strong> no segundo semestre, com uma expectativa de crescimento de cerca de 5% no volume de cargas importadas. Essa eleva\u00e7\u00e3o dever\u00e1 ser principalmente concentrada em eletr\u00f4nicos e eletrodom\u00e9sticos, que, por sua vez, refletem o aumento nas compras durante essas datas significativas para o varejo.<\/p>\n<p>No entanto, os motoristas e profissionais da log\u00edstica devem estar cientes de que esse movimento ocorre em um cen\u00e1rio de press\u00e3o sobre a <strong>log\u00edstica internacional<\/strong>. A coordena\u00e7\u00e3o entre o aumento das importa\u00e7\u00f5es e os fatores externos, como altera\u00e7\u00f5es em rotas, gargalos portu\u00e1rios, disponibilidade de navios e condi\u00e7\u00f5es clim\u00e1ticas, se torna crucial. Para os motoristas que transportam essas mercadorias, um planejamento antecipado \u00e9 fundamental para minimizar atrasos e garantir que os produtos cheguem a tempo ao consumidor final.<\/p>\n<p>Kall Claudino, gerente de Importa\u00e7\u00e3o do Grupo Allog, ressalta que a previsibilidade e a antecipa\u00e7\u00e3o s\u00e3o essenciais. A expectativa de atrasos acentuados pode comprometer a disponibilidade de produtos, principalmente em per\u00edodos de alta demanda. Dessa forma, a capacidade de gest\u00e3o e o planejamento log\u00edstico se tornam grandes aliados para evitar surpresas indesejadas e impactos negativos nas vendas.<\/p>\n<p>Al\u00e9m disso, \u00e9 importante considerar como fatores clim\u00e1ticos e geopol\u00edticos podem interferir nas opera\u00e7\u00f5es. Eventos adversos, como tuf\u00f5es na \u00c1sia, podem causar significativas interrup\u00e7\u00f5es nas opera\u00e7\u00f5es portu\u00e1rias, impactando toda a cadeia log\u00edstica e, por consequ\u00eancia, afetando os motoristas que precisariam de mais tempo e recursos para ajustar suas rotas e cronogramas.<\/p>\n<p>O impacto da <strong>concentra\u00e7\u00e3o de cargas<\/strong> \u00e9 outro ponto de aten\u00e7\u00e3o, especialmente no Brasil, onde o aumento da demanda pode causar gargalos nos terminais, prolongando o intervalo entre a chegada dos navios e a entrega das mercadorias. Para motoristas, isso significa que a otimiza\u00e7\u00e3o de itiner\u00e1rios e tempos de espera se torna ainda mais crucial.<\/p>\n<p>Os <strong>fretes mar\u00edtimos<\/strong>, por sua vez, tamb\u00e9m exigem um acompanhamento cuidadoso. A din\u00e2mica de pre\u00e7os, influenciada por fatores como a oferta e a demanda, pode afetar tanto a rentabilidade das opera\u00e7\u00f5es de transporte quanto a estrat\u00e9gia de pre\u00e7os no mercado final. Motoristas devem estar atentos a essas flutua\u00e7\u00f5es, pois isso pode impactar o volume de carga dispon\u00edvel e a viabilidade de suas opera\u00e7\u00f5es.<\/p>\n<p>O <strong>desembara\u00e7o aduaneiro<\/strong> \u00e9 outro aspecto que n\u00e3o pode ser ignorado. Os motoristas devem estar preparados para a integra\u00e7\u00e3o com o transporte terrestre logo ap\u00f3s a libera\u00e7\u00e3o das cargas, evitando que as mercadorias permane\u00e7am paradas nos terminais. Um bom planejamento, que inclua a\u00e7\u00f5es como a pr\u00e9-confer\u00eancia de documentos, \u00e9 vital para garantir que as mercadorias sejam retiradas de forma \u00e1gil e eficiente.<\/p>\n<p>Em resumo, as previs\u00f5es de aumento nas importa\u00e7\u00f5es no Brasil n\u00e3o apenas sinalizam uma oportunidade para o com\u00e9rcio, mas tamb\u00e9m destacam a import\u00e2ncia do planejamento log\u00edstico e da efic\u00e1cia na gest\u00e3o de transporte. Isso acaba refletindo n\u00e3o apenas na rentabilidade dos neg\u00f3cios, mas tamb\u00e9m na fluidez do tr\u00e2nsito e na experi\u00eancia do consumidor final.<\/p>\n<p><strong>Fonte: logweb<\/strong><\/p>\n","protected":false},"excerpt":{"rendered":"<p>Importa\u00e7\u00f5es brasileiras devem crescer 5% antes da Black Friday e do Natal, aponta Grupo Allog A aproxima\u00e7\u00e3o da Black Friday e do Natal tende a impulsionar as importa\u00e7\u00f5es brasileiras no segundo semestre, com uma expectativa de crescimento de cerca de 5% no volume de cargas importadas. Essa eleva\u00e7\u00e3o dever\u00e1 ser principalmente concentrada em eletr\u00f4nicos e &hellip;<\/p>\n","protected":false},"author":4,"featured_media":14130,"comment_status":"","ping_status":"open","sticky":false,"template":"","format":"standard","meta":{"footnotes":""},"categories":[62],"tags":[],"coauthors":[42],"class_list":["post-14129","post","type-post","status-publish","format-standard","has-post-thumbnail","hentry","category-logistica"],"yoast_head":"<!-- This site is optimized with the Yoast SEO Premium plugin v27.6.1 (Yoast SEO v28.3) - https:\/\/yoast.com\/product\/yoast-seo-premium-wordpress\/ -->\n<title>Importa\u00e7\u00f5es do Brasil podem subir 5% antes da Black Friday e Natal. - Motorista.com.br<\/title>\n<meta name=\"robots\" content=\"index, follow, max-snippet:-1, max-image-preview:large, max-video-preview:-1\" \/>\n<link rel=\"canonical\" href=\"https:\/\/motorista.com.br\/noticias\/2026\/08\/30\/importacoes-do-brasil-podem-subir-5-antes-da-black-friday-e-natal\/\" \/>\n<meta property=\"og:locale\" content=\"pt_BR\" \/>\n<meta property=\"og:type\" content=\"article\" \/>\n<meta property=\"og:title\" content=\"Importa\u00e7\u00f5es do Brasil podem subir 5% antes da Black Friday e Natal.\" \/>\n<meta property=\"og:description\" content=\"Importa\u00e7\u00f5es brasileiras devem crescer 5% antes da Black Friday e do Natal, aponta Grupo Allog A aproxima\u00e7\u00e3o da Black Friday e do Natal tende a impulsionar as importa\u00e7\u00f5es brasileiras no segundo semestre, com uma expectativa de crescimento de cerca de 5% no volume de cargas importadas. Essa eleva\u00e7\u00e3o dever\u00e1 ser principalmente concentrada em eletr\u00f4nicos e &hellip;\" \/>\n<meta property=\"og:url\" content=\"https:\/\/motorista.com.br\/noticias\/2026\/08\/30\/importacoes-do-brasil-podem-subir-5-antes-da-black-friday-e-natal\/\" \/>\n<meta property=\"og:site_name\" content=\"Motorista.com.br\" \/>\n<meta property=\"article:published_time\" content=\"2026-08-30T23:56:04+00:00\" \/>\n<meta name=\"author\" content=\"Equipe Reda\u00e7\u00e3o\" \/>\n<meta name=\"twitter:card\" content=\"summary_large_image\" \/>\n<meta name=\"twitter:label1\" content=\"Escrito por\" \/>\n\t<meta name=\"twitter:data1\" content=\"Equipe Reda\u00e7\u00e3o\" \/>\n\t<meta name=\"twitter:label2\" content=\"Est. tempo de leitura\" \/>\n\t<meta name=\"twitter:data2\" content=\"3 minutos\" \/>\n\t<meta name=\"twitter:label3\" content=\"Written by\" \/>\n\t<meta name=\"twitter:data3\" content=\"Equipe Reda\u00e7\u00e3o\" \/>\n<script type=\"application\/ld+json\" class=\"yoast-schema-graph\">{\"@context\":\"https:\\\/\\\/schema.org\",\"@graph\":[{\"@type\":\"Article\",\"@id\":\"https:\\\/\\\/motorista.com.br\\\/noticias\\\/2026\\\/08\\\/30\\\/importacoes-do-brasil-podem-subir-5-antes-da-black-friday-e-natal\\\/#article\",\"isPartOf\":{\"@id\":\"https:\\\/\\\/motorista.com.br\\\/noticias\\\/2026\\\/08\\\/30\\\/importacoes-do-brasil-podem-subir-5-antes-da-black-friday-e-natal\\\/\"},\"author\":{\"name\":\"Equipe Reda\u00e7\u00e3o\",\"@id\":\"https:\\\/\\\/motorista.com.br\\\/noticias\\\/#\\\/schema\\\/person\\\/dc93afc2981c0e3ce6bc3c053fd847be\"},\"headline\":\"Importa\u00e7\u00f5es do Brasil podem subir 5% antes da Black Friday e Natal.\",\"datePublished\":\"2026-08-30T23:56:04+00:00\",\"mainEntityOfPage\":{\"@id\":\"https:\\\/\\\/motorista.com.br\\\/noticias\\\/2026\\\/08\\\/30\\\/importacoes-do-brasil-podem-subir-5-antes-da-black-friday-e-natal\\\/\"},\"wordCount\":567,\"publisher\":{\"@id\":\"https:\\\/\\\/motorista.com.br\\\/noticias\\\/#organization\"},\"image\":{\"@id\":\"https:\\\/\\\/motorista.com.br\\\/noticias\\\/2026\\\/08\\\/30\\\/importacoes-do-brasil-podem-subir-5-antes-da-black-friday-e-natal\\\/#primaryimage\"},\"thumbnailUrl\":\"https:\\\/\\\/motorista.com.br\\\/noticias\\\/wp-content\\\/uploads\\\/2026\\\/08\\\/Allog-1.jpg\",\"articleSection\":[\"Log\u00edstica\"],\"inLanguage\":\"pt-BR\"},{\"@type\":\"WebPage\",\"@id\":\"https:\\\/\\\/motorista.com.br\\\/noticias\\\/2026\\\/08\\\/30\\\/importacoes-do-brasil-podem-subir-5-antes-da-black-friday-e-natal\\\/\",\"url\":\"https:\\\/\\\/motorista.com.br\\\/noticias\\\/2026\\\/08\\\/30\\\/importacoes-do-brasil-podem-subir-5-antes-da-black-friday-e-natal\\\/\",\"name\":\"Importa\u00e7\u00f5es do Brasil podem subir 5% antes da Black Friday e Natal. - Motorista.com.br\",\"isPartOf\":{\"@id\":\"https:\\\/\\\/motorista.com.br\\\/noticias\\\/#website\"},\"primaryImageOfPage\":{\"@id\":\"https:\\\/\\\/motorista.com.br\\\/noticias\\\/2026\\\/08\\\/30\\\/importacoes-do-brasil-podem-subir-5-antes-da-black-friday-e-natal\\\/#primaryimage\"},\"image\":{\"@id\":\"https:\\\/\\\/motorista.com.br\\\/noticias\\\/2026\\\/08\\\/30\\\/importacoes-do-brasil-podem-subir-5-antes-da-black-friday-e-natal\\\/#primaryimage\"},\"thumbnailUrl\":\"https:\\\/\\\/motorista.com.br\\\/noticias\\\/wp-content\\\/uploads\\\/2026\\\/08\\\/Allog-1.jpg\",\"datePublished\":\"2026-08-30T23:56:04+00:00\",\"breadcrumb\":{\"@id\":\"https:\\\/\\\/motorista.com.br\\\/noticias\\\/2026\\\/08\\\/30\\\/importacoes-do-brasil-podem-subir-5-antes-da-black-friday-e-natal\\\/#breadcrumb\"},\"inLanguage\":\"pt-BR\",\"potentialAction\":[{\"@type\":\"ReadAction\",\"target\":[\"https:\\\/\\\/motorista.com.br\\\/noticias\\\/2026\\\/08\\\/30\\\/importacoes-do-brasil-podem-subir-5-antes-da-black-friday-e-natal\\\/\"]}]},{\"@type\":\"ImageObject\",\"inLanguage\":\"pt-BR\",\"@id\":\"https:\\\/\\\/motorista.com.br\\\/noticias\\\/2026\\\/08\\\/30\\\/importacoes-do-brasil-podem-subir-5-antes-da-black-friday-e-natal\\\/#primaryimage\",\"url\":\"https:\\\/\\\/motorista.com.br\\\/noticias\\\/wp-content\\\/uploads\\\/2026\\\/08\\\/Allog-1.jpg\",\"contentUrl\":\"https:\\\/\\\/motorista.com.br\\\/noticias\\\/wp-content\\\/uploads\\\/2026\\\/08\\\/Allog-1.jpg\",\"width\":800,\"height\":420},{\"@type\":\"BreadcrumbList\",\"@id\":\"https:\\\/\\\/motorista.com.br\\\/noticias\\\/2026\\\/08\\\/30\\\/importacoes-do-brasil-podem-subir-5-antes-da-black-friday-e-natal\\\/#breadcrumb\",\"itemListElement\":[{\"@type\":\"ListItem\",\"position\":1,\"name\":\"In\u00edcio\",\"item\":\"https:\\\/\\\/motorista.com.br\\\/noticias\\\/\"},{\"@type\":\"ListItem\",\"position\":2,\"name\":\"Importa\u00e7\u00f5es do Brasil podem subir 5% antes da Black Friday e Natal.\"}]},{\"@type\":\"WebSite\",\"@id\":\"https:\\\/\\\/motorista.com.br\\\/noticias\\\/#website\",\"url\":\"https:\\\/\\\/motorista.com.br\\\/noticias\\\/\",\"name\":\"Motorista.com.br\",\"description\":\"Not\u00edcia do Motorista\",\"publisher\":{\"@id\":\"https:\\\/\\\/motorista.com.br\\\/noticias\\\/#organization\"},\"potentialAction\":[{\"@type\":\"SearchAction\",\"target\":{\"@type\":\"EntryPoint\",\"urlTemplate\":\"https:\\\/\\\/motorista.com.br\\\/noticias\\\/?s={search_term_string}\"},\"query-input\":{\"@type\":\"PropertyValueSpecification\",\"valueRequired\":true,\"valueName\":\"search_term_string\"}}],\"inLanguage\":\"pt-BR\"},{\"@type\":\"Organization\",\"@id\":\"https:\\\/\\\/motorista.com.br\\\/noticias\\\/#organization\",\"name\":\"Motorista.com.br\",\"url\":\"https:\\\/\\\/motorista.com.br\\\/noticias\\\/\",\"logo\":{\"@type\":\"ImageObject\",\"inLanguage\":\"pt-BR\",\"@id\":\"https:\\\/\\\/motorista.com.br\\\/noticias\\\/#\\\/schema\\\/logo\\\/image\\\/\",\"url\":\"https:\\\/\\\/motorista.com.br\\\/noticias\\\/wp-content\\\/uploads\\\/2025\\\/06\\\/Design-sem-nome-9.png\",\"contentUrl\":\"https:\\\/\\\/motorista.com.br\\\/noticias\\\/wp-content\\\/uploads\\\/2025\\\/06\\\/Design-sem-nome-9.png\",\"width\":150,\"height\":85,\"caption\":\"Motorista.com.br\"},\"image\":{\"@id\":\"https:\\\/\\\/motorista.com.br\\\/noticias\\\/#\\\/schema\\\/logo\\\/image\\\/\"}},{\"@type\":\"Person\",\"@id\":\"https:\\\/\\\/motorista.com.br\\\/noticias\\\/#\\\/schema\\\/person\\\/dc93afc2981c0e3ce6bc3c053fd847be\",\"name\":\"Equipe Reda\u00e7\u00e3o\",\"image\":{\"@type\":\"ImageObject\",\"inLanguage\":\"pt-BR\",\"@id\":\"https:\\\/\\\/secure.gravatar.com\\\/avatar\\\/4f525efbf18dd2bb300ccad28bfb99d95a9465a5ba268407c8c37b37e1f28d2d?s=96&d=mm&r=g9e099043a0c61e9ae27e293b9fa75ffc\",\"url\":\"https:\\\/\\\/secure.gravatar.com\\\/avatar\\\/4f525efbf18dd2bb300ccad28bfb99d95a9465a5ba268407c8c37b37e1f28d2d?s=96&d=mm&r=g\",\"contentUrl\":\"https:\\\/\\\/secure.gravatar.com\\\/avatar\\\/4f525efbf18dd2bb300ccad28bfb99d95a9465a5ba268407c8c37b37e1f28d2d?s=96&d=mm&r=g\",\"caption\":\"Equipe Reda\u00e7\u00e3o\"},\"description\":\"Equipe de reda\u00e7\u00e3o \u00e9 um grupo de profissionais que trabalham juntos para criar conte\u00fado escrito para Motorista.com.br\",\"url\":\"https:\\\/\\\/motorista.com.br\\\/noticias\\\/author\\\/equiperedacao\\\/\"}]}<\/script>\n<!-- \/ Yoast SEO Premium plugin. -->","yoast_head_json":{"title":"Importa\u00e7\u00f5es do Brasil podem subir 5% antes da Black Friday e Natal. - Motorista.com.br","robots":{"index":"index","follow":"follow","max-snippet":"max-snippet:-1","max-image-preview":"max-image-preview:large","max-video-preview":"max-video-preview:-1"},"canonical":"https:\/\/motorista.com.br\/noticias\/2026\/08\/30\/importacoes-do-brasil-podem-subir-5-antes-da-black-friday-e-natal\/","og_locale":"pt_BR","og_type":"article","og_title":"Importa\u00e7\u00f5es do Brasil podem subir 5% antes da Black Friday e Natal.","og_description":"Importa\u00e7\u00f5es brasileiras devem crescer 5% antes da Black Friday e do Natal, aponta Grupo Allog A aproxima\u00e7\u00e3o da Black Friday e do Natal tende a impulsionar as importa\u00e7\u00f5es brasileiras no segundo semestre, com uma expectativa de crescimento de cerca de 5% no volume de cargas importadas. Essa eleva\u00e7\u00e3o dever\u00e1 ser principalmente concentrada em eletr\u00f4nicos e &hellip;","og_url":"https:\/\/motorista.com.br\/noticias\/2026\/08\/30\/importacoes-do-brasil-podem-subir-5-antes-da-black-friday-e-natal\/","og_site_name":"Motorista.com.br","article_published_time":"2026-08-30T23:56:04+00:00","author":"Equipe Reda\u00e7\u00e3o","twitter_card":"summary_large_image","twitter_misc":{"Escrito por":"Equipe Reda\u00e7\u00e3o","Est. tempo de leitura":"3 minutos","Written by":"Equipe Reda\u00e7\u00e3o"},"schema":{"@context":"https:\/\/schema.org","@graph":[{"@type":"Article","@id":"https:\/\/motorista.com.br\/noticias\/2026\/08\/30\/importacoes-do-brasil-podem-subir-5-antes-da-black-friday-e-natal\/#article","isPartOf":{"@id":"https:\/\/motorista.com.br\/noticias\/2026\/08\/30\/importacoes-do-brasil-podem-subir-5-antes-da-black-friday-e-natal\/"},"author":{"name":"Equipe Reda\u00e7\u00e3o","@id":"https:\/\/motorista.com.br\/noticias\/#\/schema\/person\/dc93afc2981c0e3ce6bc3c053fd847be"},"headline":"Importa\u00e7\u00f5es do Brasil podem subir 5% antes da Black Friday e Natal.","datePublished":"2026-08-30T23:56:04+00:00","mainEntityOfPage":{"@id":"https:\/\/motorista.com.br\/noticias\/2026\/08\/30\/importacoes-do-brasil-podem-subir-5-antes-da-black-friday-e-natal\/"},"wordCount":567,"publisher":{"@id":"https:\/\/motorista.com.br\/noticias\/#organization"},"image":{"@id":"https:\/\/motorista.com.br\/noticias\/2026\/08\/30\/importacoes-do-brasil-podem-subir-5-antes-da-black-friday-e-natal\/#primaryimage"},"thumbnailUrl":"https:\/\/motorista.com.br\/noticias\/wp-content\/uploads\/2026\/08\/Allog-1.jpg","articleSection":["Log\u00edstica"],"inLanguage":"pt-BR"},{"@type":"WebPage","@id":"https:\/\/motorista.com.br\/noticias\/2026\/08\/30\/importacoes-do-brasil-podem-subir-5-antes-da-black-friday-e-natal\/","url":"https:\/\/motorista.com.br\/noticias\/2026\/08\/30\/importacoes-do-brasil-podem-subir-5-antes-da-black-friday-e-natal\/","name":"Importa\u00e7\u00f5es do Brasil podem subir 5% antes da Black Friday e Natal. - Motorista.com.br","isPartOf":{"@id":"https:\/\/motorista.com.br\/noticias\/#website"},"primaryImageOfPage":{"@id":"https:\/\/motorista.com.br\/noticias\/2026\/08\/30\/importacoes-do-brasil-podem-subir-5-antes-da-black-friday-e-natal\/#primaryimage"},"image":{"@id":"https:\/\/motorista.com.br\/noticias\/2026\/08\/30\/importacoes-do-brasil-podem-subir-5-antes-da-black-friday-e-natal\/#primaryimage"},"thumbnailUrl":"https:\/\/motorista.com.br\/noticias\/wp-content\/uploads\/2026\/08\/Allog-1.jpg","datePublished":"2026-08-30T23:56:04+00:00","breadcrumb":{"@id":"https:\/\/motorista.com.br\/noticias\/2026\/08\/30\/importacoes-do-brasil-podem-subir-5-antes-da-black-friday-e-natal\/#breadcrumb"},"inLanguage":"pt-BR","potentialAction":[{"@type":"ReadAction","target":["https:\/\/motorista.com.br\/noticias\/2026\/08\/30\/importacoes-do-brasil-podem-subir-5-antes-da-black-friday-e-natal\/"]}]},{"@type":"ImageObject","inLanguage":"pt-BR","@id":"https:\/\/motorista.com.br\/noticias\/2026\/08\/30\/importacoes-do-brasil-podem-subir-5-antes-da-black-friday-e-natal\/#primaryimage","url":"https:\/\/motorista.com.br\/noticias\/wp-content\/uploads\/2026\/08\/Allog-1.jpg","contentUrl":"https:\/\/motorista.com.br\/noticias\/wp-content\/uploads\/2026\/08\/Allog-1.jpg","width":800,"height":420},{"@type":"BreadcrumbList","@id":"https:\/\/motorista.com.br\/noticias\/2026\/08\/30\/importacoes-do-brasil-podem-subir-5-antes-da-black-friday-e-natal\/#breadcrumb","itemListElement":[{"@type":"ListItem","position":1,"name":"In\u00edcio","item":"https:\/\/motorista.com.br\/noticias\/"},{"@type":"ListItem","position":2,"name":"Importa\u00e7\u00f5es do Brasil podem subir 5% antes da Black Friday e Natal."}]},{"@type":"WebSite","@id":"https:\/\/motorista.com.br\/noticias\/#website","url":"https:\/\/motorista.com.br\/noticias\/","name":"Motorista.com.br","description":"Not\u00edcia do Motorista","publisher":{"@id":"https:\/\/motorista.com.br\/noticias\/#organization"},"potentialAction":[{"@type":"SearchAction","target":{"@type":"EntryPoint","urlTemplate":"https:\/\/motorista.com.br\/noticias\/?s={search_term_string}"},"query-input":{"@type":"PropertyValueSpecification","valueRequired":true,"valueName":"search_term_string"}}],"inLanguage":"pt-BR"},{"@type":"Organization","@id":"https:\/\/motorista.com.br\/noticias\/#organization","name":"Motorista.com.br","url":"https:\/\/motorista.com.br\/noticias\/","logo":{"@type":"ImageObject","inLanguage":"pt-BR","@id":"https:\/\/motorista.com.br\/noticias\/#\/schema\/logo\/image\/","url":"https:\/\/motorista.com.br\/noticias\/wp-content\/uploads\/2025\/06\/Design-sem-nome-9.png","contentUrl":"https:\/\/motorista.com.br\/noticias\/wp-content\/uploads\/2025\/06\/Design-sem-nome-9.png","width":150,"height":85,"caption":"Motorista.com.br"},"image":{"@id":"https:\/\/motorista.com.br\/noticias\/#\/schema\/logo\/image\/"}},{"@type":"Person","@id":"https:\/\/motorista.com.br\/noticias\/#\/schema\/person\/dc93afc2981c0e3ce6bc3c053fd847be","name":"Equipe Reda\u00e7\u00e3o","image":{"@type":"ImageObject","inLanguage":"pt-BR","@id":"https:\/\/secure.gravatar.com\/avatar\/4f525efbf18dd2bb300ccad28bfb99d95a9465a5ba268407c8c37b37e1f28d2d?s=96&d=mm&r=g9e099043a0c61e9ae27e293b9fa75ffc","url":"https:\/\/secure.gravatar.com\/avatar\/4f525efbf18dd2bb300ccad28bfb99d95a9465a5ba268407c8c37b37e1f28d2d?s=96&d=mm&r=g","contentUrl":"https:\/\/secure.gravatar.com\/avatar\/4f525efbf18dd2bb300ccad28bfb99d95a9465a5ba268407c8c37b37e1f28d2d?s=96&d=mm&r=g","caption":"Equipe Reda\u00e7\u00e3o"},"description":"Equipe de reda\u00e7\u00e3o \u00e9 um grupo de profissionais que trabalham juntos para criar conte\u00fado escrito para Motorista.com.br","url":"https:\/\/motorista.com.br\/noticias\/author\/equiperedacao\/"}]}},"_links":{"self":[{"href":"https:\/\/motorista.com.br\/noticias\/wp-json\/wp\/v2\/posts\/14129","targetHints":{"allow":["GET"]}}],"collection":[{"href":"https:\/\/motorista.com.br\/noticias\/wp-json\/wp\/v2\/posts"}],"about":[{"href":"https:\/\/motorista.com.br\/noticias\/wp-json\/wp\/v2\/types\/post"}],"author":[{"embeddable":true,"href":"https:\/\/motorista.com.br\/noticias\/wp-json\/wp\/v2\/users\/4"}],"replies":[{"embeddable":true,"href":"https:\/\/motorista.com.br\/noticias\/wp-json\/wp\/v2\/comments?post=14129"}],"version-history":[{"count":0,"href":"https:\/\/motorista.com.br\/noticias\/wp-json\/wp\/v2\/posts\/14129\/revisions"}],"wp:featuredmedia":[{"embeddable":true,"href":"https:\/\/motorista.com.br\/noticias\/wp-json\/wp\/v2\/media\/14130"}],"wp:attachment":[{"href":"https:\/\/motorista.com.br\/noticias\/wp-json\/wp\/v2\/media?parent=14129"}],"wp:term":[{"taxonomy":"category","embeddable":true,"href":"https:\/\/motorista.com.br\/noticias\/wp-json\/wp\/v2\/categories?post=14129"},{"taxonomy":"post_tag","embeddable":true,"href":"https:\/\/motorista.com.br\/noticias\/wp-json\/wp\/v2\/tags?post=14129"},{"taxonomy":"author","embeddable":true,"href":"https:\/\/motorista.com.br\/noticias\/wp-json\/wp\/v2\/coauthors?post=14129"}],"curies":[{"name":"wp","href":"https:\/\/api.w.org\/{rel}","templated":true}]}}